{"id":76434,"date":"2026-03-21T11:21:42","date_gmt":"2026-03-21T10:21:42","guid":{"rendered":"https:\/\/www.chemin-neuf.be\/office-pour-lunite-du-jeudi-26-mars-2026-2\/"},"modified":"2026-03-25T17:08:04","modified_gmt":"2026-03-25T16:08:04","slug":"office-pour-lunite-du-jeudi-26-mars-2026","status":"publish","type":"post","link":"https:\/\/www.chemin-neuf.be\/nl\/office-pour-lunite-du-jeudi-26-mars-2026\/","title":{"rendered":"Gebedsdienst voor Eenheid onder de Christenen 26 maart 2026"},"content":{"rendered":"\n<p class=\"has-white-background-color has-background\"><em>Deze week werd de gebedsdienst voorbereid door de broeders en zusters van de gemeenschap in Tibhirine, Algerije<\/em><\/p>\n\n\n\n<h2 class=\"wp-block-heading has-text-align-center has-orange-background-color has-background\"><strong><strong>Meditatietekst<\/strong><\/strong><\/h2>\n\n\n\n<p class=\"has-text-align-center has-gray-background-color has-background\"><strong><span style=\"text-decoration: underline;\"><strong><u><strong><strong><em><strong><strong>Gelukkig zij die als broeders samenleven<\/strong><\/strong><\/em><\/strong><\/strong><\/u><\/strong><\/span><\/strong><br>uit het boek, <em>Heureux ceux qui vivent en fr\u00e8res<\/em>, van fr. Christian de Cherg\u00e9 ,2026, p. 174-175<\/p>\n\n\n\n<div class=\"wp-block-columns is-layout-flex wp-container-core-columns-is-layout-9d6595d7 wp-block-columns-is-layout-flex\">\n<div class=\"wp-block-column is-layout-flow wp-block-column-is-layout-flow\">\n<p class=\"has-beige-background-color has-background\" style=\"line-height:2\">We ontdekken dat we heel gewoon zijn \u2026 dat is het ietwat bittere loon van het leven in een kleine gemeenschap; en onszelf als heel gewoon aanvaarden, zal het opmerkelijke resultaat zijn van het werk van de genade in ons.<br>Zolang de h. Petrus geloofde dat hij het beter kon dan de anderen, was hij niet rijp voor de hoge zee\u00ebn van de Kerk: hij moest erover wenen.<br>We moeten aanvaarden dat zelfs eenvoudige veranderingen in temperatuur of druk oorzaak kunnen worden van oncontroleerbare stemmingswisselingen. En ook dat onze ingetoomde impulsen weer in galop kunnen terugkeren [\u2026].<br>En hoe kan het ook anders wanneer we verdergaan in onszelf\u00a0&#8211; ook\u00a0 als monnik, voorkeuren, neigingen en verleidingen ervaren die precies het tegenovergestelde zijn van het evangelische ideaal: op sommige dagen zouden we klaar zijn om te vechten en zelfs de buurman te doden voor een kleinigheid, een onbenulligheid. Men voelt in zichzelf het monster van jaloezie, wellust, luiheid, ego\u00efsme opkomen\u2026 en wat te zeggen van hoogmoed en eigenliefde? [\u2026]<br>En verre van een voorrecht voor een elite, blijkt het klooster vooral een vangrail te zijn: waartoe zouden we in staat zijn gebleken als we in de wereld waren gebleven\u2026!<br>\u201cNeem mijn leven, ik ben niet beter dan de anderen!\u201d<br>Daarom doen we er goed aan om alles te beginnen met het vragen om Gods genade en die van onze broeders.<br>Maar als we onszelf steeds beter kunnen aanvaarden als GEWONE mensen, dan is dat omdat CHRISTUS zelf, en HIJ alleen, voor ons steeds meer die BUITENGEWONE MAN is.<br><\/p>\n<\/div>\n<\/div>\n\n\n\n<h2 class=\"wp-block-heading has-text-align-center has-orange-background-color has-background\"><strong>VOORBEDEN<\/strong><\/h2>\n\n\n\n<p class=\"has-text-align-center\"><em><em>Aan te passen of te wijzigen naargelang de plaats en de omstandigheden<\/em><\/em><\/p>\n\n\n\n<div class=\"wp-block-columns alignwide are-vertically-aligned-top has-beige-background-color has-background is-layout-flex wp-container-core-columns-is-layout-9d6595d7 wp-block-columns-is-layout-flex\">\n<div class=\"wp-block-column is-vertically-aligned-top is-layout-flow wp-block-column-is-layout-flow\">\n<p class=\"has-white-background-color has-background\">Van 13 tot 15 april 2026 zal paus LEO XIV in Algerije zijn om zijn reis door vier Afrikaanse landen te beginnen. Hij zal Algiers en Annaba bezoeken.<br><br><strong><strong><em>God onze Vader, moge dit bezoek van de paus de christenen die in Algerije wonen bemoedigen en alle Algerijnen verblijden, opdat zij nog meer mogen leven in\u00a0 broederlijkheid , vrij en met respect voor verscheidenheid. Wij vertrouwen U in het bijzonder de Algerijnse christenen toe, voor wie het belijden van hun geloof een dagelijkse uitdaging blijft.<\/em><\/strong><\/strong><br><\/p>\n<\/div>\n\n\n\n<div class=\"wp-block-column is-vertically-aligned-top is-layout-flow wp-block-column-is-layout-flow\">\n<p class=\"has-white-background-color has-background\">Dertig jaar geleden, in de nacht van 26 op 27 maart 1996, werden zeven van de negen monniken van het klooster van Tibhirine ontvoerd. Ongeveer twee maanden later werden zij vermoord.<br><br><strong><em>God, onze Vader, moge het getuigenis van evangelische geweldloosheid van deze leerlingen van Jezus het geweten verlichten van mannen en vrouwen van onze tijd, die al te vaak gemanipuleerd worden door politieke of religieuze leiders, de media en invloedrijke netwerken.<\/em><\/strong><br><\/p>\n<\/div>\n<\/div>\n\n\n\n<div class=\"wp-block-columns alignwide are-vertically-aligned-top has-beige-background-color has-background is-layout-flex wp-container-core-columns-is-layout-9d6595d7 wp-block-columns-is-layout-flex\">\n<div class=\"wp-block-column is-vertically-aligned-top is-layout-flow wp-block-column-is-layout-flow\">\n<p class=\"has-white-background-color has-background\">In Algerije zijn de meeste ontmoetingsplaatsen van evangelische protestanten al enkele jaren door de autoriteiten gesloten.<br><br><strong><strong><em>God, onze Vader, steun hen in deze beproeving, opdat zij sterker mogen worden in hun geloof, hun hoop en hun naastenliefde. Wij bidden U dat de katholieken in Algerije niet ongevoelig wezen voor deze discriminaties, en dat zij dicht bij hun broeders en zusters in het geloof nabij mogen zijn. <\/em><\/strong><\/strong><\/p>\n<\/div>\n<\/div>\n\n\n\n<h2 class=\"wp-block-heading has-text-align-center has-orange-background-color has-background\"><strong><strong>Tekst gebed voor de eenheid<\/strong><\/strong><\/h2>\n\n\n\n<p class=\"has-text-align-left has-beige-background-color has-background\">Heer Jezus,<br>U die gebeden hebt,<br>dat allen \u00e9\u00e9n zouden zijn,<br>wij bidden U voor de eendeid van alle christenen,<br>naar uw wil en volgens uw wegen.<br>Moge uw Geest ons geven<br>dat wij de pijn van verdeeldheid ervaren,<br>dat wij onze schuld hieraan erkennen<br>en dat onze hoop alle hoop te boven gaat.<br>Amen !<\/p>\n\n\n\n<p class=\"has-text-align-right has-beige-background-color has-background\"><em>(Een gebed van de Gemeenschap Chemin Neuf,<\/em><br><em>geinspireerd door een gebed van<\/em> <em>Abb\u00e9 Paul Couturier)<\/em><\/p>\n\n\n\n<div class=\"wp-block-buttons alignwide is-horizontal is-content-justification-center is-layout-flex wp-container-core-buttons-is-layout-499968f5 wp-block-buttons-is-layout-flex\">\n<div class=\"wp-block-button\"><a class=\"wp-block-button__link has-orange-background-color has-background has-large-font-size has-custom-font-size wp-element-button\" href=\"https:\/\/www.chemin-neuf.nl\/wp-content\/uploads\/2026\/03\/Gebedsdienst-26maart.pdf\" target=\"_blank\" rel=\"noreferrer noopener\">Gebedsdienst downloaden<\/a><\/div>\n<\/div>\n\n\n\n<p><\/p>\n","protected":false},"excerpt":{"rendered":"<p>Gelukkig zij die als broeders samenleven, Fr\u00e8re Christian de Cherg\u00e9<\/p>\n","protected":false},"author":1,"featured_media":76437,"comment_status":"open","ping_status":"open","sticky":false,"template":"","format":"standard","meta":{"_acf_changed":false,"footnotes":""},"categories":[150,145],"tags":[],"class_list":["post-76434","post","type-post","status-publish","format-standard","has-post-thumbnail","hentry","category-geen-onderdeel-van-een-categorie","category-offices-pour-lunite-nl"],"acf":[],"yoast_head":"<!-- This site is optimized with the Yoast SEO plugin v27.5 - https:\/\/yoast.com\/product\/yoast-seo-wordpress\/ -->\n<title>Gebedsdienst voor Eenheid onder de Christenen 26 maart 2026 - Chemin Neuf Belgi\u00eb<\/title>\n<meta name=\"description\" content=\"Gelukkig zij die als broeders samenleven, Fr\u00e8re Christian de Cherg\u00e9\" \/>\n<meta name=\"robots\" content=\"index, follow, max-snippet:-1, max-image-preview:large, max-video-preview:-1\" \/>\n<link rel=\"canonical\" href=\"https:\/\/www.chemin-neuf.be\/nl\/office-pour-lunite-du-jeudi-26-mars-2026\/\" \/>\n<meta property=\"og:locale\" content=\"nl_BE\" \/>\n<meta property=\"og:type\" content=\"article\" \/>\n<meta property=\"og:title\" content=\"Gebedsdienst voor Eenheid onder de Christenen 26 maart 2026 - Chemin Neuf Belgi\u00eb\" \/>\n<meta property=\"og:description\" content=\"Gelukkig zij die als broeders samenleven, Fr\u00e8re Christian de Cherg\u00e9\" \/>\n<meta property=\"og:url\" content=\"https:\/\/www.chemin-neuf.be\/nl\/office-pour-lunite-du-jeudi-26-mars-2026\/\" \/>\n<meta property=\"og:site_name\" content=\"Chemin Neuf Belgi\u00eb\" \/>\n<meta property=\"article:published_time\" content=\"2026-03-21T10:21:42+00:00\" \/>\n<meta property=\"article:modified_time\" content=\"2026-03-25T16:08:04+00:00\" \/>\n<meta property=\"og:image\" content=\"https:\/\/www.chemin-neuf.be\/wp-content\/uploads\/2026\/03\/httpsdam.chemin-neuf.netwp-contentuploads202603IMG_20250831_154111-scaled-2.jpg\" \/>\n\t<meta property=\"og:image:width\" content=\"2560\" \/>\n\t<meta property=\"og:image:height\" content=\"1928\" \/>\n\t<meta property=\"og:image:type\" content=\"image\/jpeg\" \/>\n<meta name=\"author\" content=\"adminCCN\" \/>\n<meta name=\"twitter:card\" content=\"summary_large_image\" \/>\n<meta name=\"twitter:label1\" content=\"Geschreven door\" \/>\n\t<meta name=\"twitter:data1\" content=\"adminCCN\" \/>\n\t<meta name=\"twitter:label2\" content=\"Geschatte leestijd\" \/>\n\t<meta name=\"twitter:data2\" content=\"3 minuten\" \/>\n<script type=\"application\/ld+json\" class=\"yoast-schema-graph\">{\"@context\":\"https:\\\/\\\/schema.org\",\"@graph\":[{\"@type\":\"Article\",\"@id\":\"https:\\\/\\\/www.chemin-neuf.be\\\/nl\\\/office-pour-lunite-du-jeudi-26-mars-2026\\\/#article\",\"isPartOf\":{\"@id\":\"https:\\\/\\\/www.chemin-neuf.be\\\/nl\\\/office-pour-lunite-du-jeudi-26-mars-2026\\\/\"},\"author\":{\"name\":\"adminCCN\",\"@id\":\"https:\\\/\\\/www.chemin-neuf.be\\\/nl\\\/#\\\/schema\\\/person\\\/dbc5bb8de9c07e1728535c32a94f0692\"},\"headline\":\"Gebedsdienst voor Eenheid onder de Christenen 26 maart 2026\",\"datePublished\":\"2026-03-21T10:21:42+00:00\",\"dateModified\":\"2026-03-25T16:08:04+00:00\",\"mainEntityOfPage\":{\"@id\":\"https:\\\/\\\/www.chemin-neuf.be\\\/nl\\\/office-pour-lunite-du-jeudi-26-mars-2026\\\/\"},\"wordCount\":606,\"commentCount\":0,\"image\":{\"@id\":\"https:\\\/\\\/www.chemin-neuf.be\\\/nl\\\/office-pour-lunite-du-jeudi-26-mars-2026\\\/#primaryimage\"},\"thumbnailUrl\":\"https:\\\/\\\/www.chemin-neuf.be\\\/wp-content\\\/uploads\\\/2026\\\/03\\\/httpsdam.chemin-neuf.netwp-contentuploads202603IMG_20250831_154111-scaled-2.jpg\",\"articleSection\":[\"geen-onderdeel-van-een-categorie\",\"Offices pour l\u2019unit\u00e9 en flamand\"],\"inLanguage\":\"nl-BE\",\"potentialAction\":[{\"@type\":\"CommentAction\",\"name\":\"Comment\",\"target\":[\"https:\\\/\\\/www.chemin-neuf.be\\\/nl\\\/office-pour-lunite-du-jeudi-26-mars-2026\\\/#respond\"]}]},{\"@type\":\"WebPage\",\"@id\":\"https:\\\/\\\/www.chemin-neuf.be\\\/nl\\\/office-pour-lunite-du-jeudi-26-mars-2026\\\/\",\"url\":\"https:\\\/\\\/www.chemin-neuf.be\\\/nl\\\/office-pour-lunite-du-jeudi-26-mars-2026\\\/\",\"name\":\"Gebedsdienst voor Eenheid onder de Christenen 26 maart 2026 - Chemin Neuf Belgi\u00eb\",\"isPartOf\":{\"@id\":\"https:\\\/\\\/www.chemin-neuf.be\\\/nl\\\/#website\"},\"primaryImageOfPage\":{\"@id\":\"https:\\\/\\\/www.chemin-neuf.be\\\/nl\\\/office-pour-lunite-du-jeudi-26-mars-2026\\\/#primaryimage\"},\"image\":{\"@id\":\"https:\\\/\\\/www.chemin-neuf.be\\\/nl\\\/office-pour-lunite-du-jeudi-26-mars-2026\\\/#primaryimage\"},\"thumbnailUrl\":\"https:\\\/\\\/www.chemin-neuf.be\\\/wp-content\\\/uploads\\\/2026\\\/03\\\/httpsdam.chemin-neuf.netwp-contentuploads202603IMG_20250831_154111-scaled-2.jpg\",\"datePublished\":\"2026-03-21T10:21:42+00:00\",\"dateModified\":\"2026-03-25T16:08:04+00:00\",\"author\":{\"@id\":\"https:\\\/\\\/www.chemin-neuf.be\\\/nl\\\/#\\\/schema\\\/person\\\/dbc5bb8de9c07e1728535c32a94f0692\"},\"description\":\"Gelukkig zij die als broeders samenleven, Fr\u00e8re Christian de Cherg\u00e9\",\"breadcrumb\":{\"@id\":\"https:\\\/\\\/www.chemin-neuf.be\\\/nl\\\/office-pour-lunite-du-jeudi-26-mars-2026\\\/#breadcrumb\"},\"inLanguage\":\"nl-BE\",\"potentialAction\":[{\"@type\":\"ReadAction\",\"target\":[\"https:\\\/\\\/www.chemin-neuf.be\\\/nl\\\/office-pour-lunite-du-jeudi-26-mars-2026\\\/\"]}]},{\"@type\":\"ImageObject\",\"inLanguage\":\"nl-BE\",\"@id\":\"https:\\\/\\\/www.chemin-neuf.be\\\/nl\\\/office-pour-lunite-du-jeudi-26-mars-2026\\\/#primaryimage\",\"url\":\"https:\\\/\\\/www.chemin-neuf.be\\\/wp-content\\\/uploads\\\/2026\\\/03\\\/httpsdam.chemin-neuf.netwp-contentuploads202603IMG_20250831_154111-scaled-2.jpg\",\"contentUrl\":\"https:\\\/\\\/www.chemin-neuf.be\\\/wp-content\\\/uploads\\\/2026\\\/03\\\/httpsdam.chemin-neuf.netwp-contentuploads202603IMG_20250831_154111-scaled-2.jpg\",\"width\":2560,\"height\":1928},{\"@type\":\"BreadcrumbList\",\"@id\":\"https:\\\/\\\/www.chemin-neuf.be\\\/nl\\\/office-pour-lunite-du-jeudi-26-mars-2026\\\/#breadcrumb\",\"itemListElement\":[{\"@type\":\"ListItem\",\"position\":1,\"name\":\"Home\",\"item\":\"https:\\\/\\\/www.chemin-neuf.be\\\/nl\\\/\"},{\"@type\":\"ListItem\",\"position\":2,\"name\":\"Gebedsdienst voor Eenheid onder de Christenen 26 maart 2026\"}]},{\"@type\":\"WebSite\",\"@id\":\"https:\\\/\\\/www.chemin-neuf.be\\\/nl\\\/#website\",\"url\":\"https:\\\/\\\/www.chemin-neuf.be\\\/nl\\\/\",\"name\":\"Chemin Neuf Belgi\u00eb\",\"description\":\"Gemeenschap Chemin Neuf Belgi\u00eb\",\"potentialAction\":[{\"@type\":\"SearchAction\",\"target\":{\"@type\":\"EntryPoint\",\"urlTemplate\":\"https:\\\/\\\/www.chemin-neuf.be\\\/nl\\\/?s={search_term_string}\"},\"query-input\":{\"@type\":\"PropertyValueSpecification\",\"valueRequired\":true,\"valueName\":\"search_term_string\"}}],\"inLanguage\":\"nl-BE\"},{\"@type\":\"Person\",\"@id\":\"https:\\\/\\\/www.chemin-neuf.be\\\/nl\\\/#\\\/schema\\\/person\\\/dbc5bb8de9c07e1728535c32a94f0692\",\"name\":\"adminCCN\",\"image\":{\"@type\":\"ImageObject\",\"inLanguage\":\"nl-BE\",\"@id\":\"https:\\\/\\\/secure.gravatar.com\\\/avatar\\\/87c9485d85e005be0f711778f5d5b8ea68d63bcbf73b1f7b969e7e9c9d9db96f?s=96&d=mm&r=g\",\"url\":\"https:\\\/\\\/secure.gravatar.com\\\/avatar\\\/87c9485d85e005be0f711778f5d5b8ea68d63bcbf73b1f7b969e7e9c9d9db96f?s=96&d=mm&r=g\",\"contentUrl\":\"https:\\\/\\\/secure.gravatar.com\\\/avatar\\\/87c9485d85e005be0f711778f5d5b8ea68d63bcbf73b1f7b969e7e9c9d9db96f?s=96&d=mm&r=g\",\"caption\":\"adminCCN\"},\"sameAs\":[\"https:\\\/\\\/www.chemin-neuf.be\"]}]}<\/script>\n<!-- \/ Yoast SEO plugin. -->","yoast_head_json":{"title":"Gebedsdienst voor Eenheid onder de Christenen 26 maart 2026 - Chemin Neuf Belgi\u00eb","description":"Gelukkig zij die als broeders samenleven, Fr\u00e8re Christian de Cherg\u00e9","robots":{"index":"index","follow":"follow","max-snippet":"max-snippet:-1","max-image-preview":"max-image-preview:large","max-video-preview":"max-video-preview:-1"},"canonical":"https:\/\/www.chemin-neuf.be\/nl\/office-pour-lunite-du-jeudi-26-mars-2026\/","og_locale":"nl_BE","og_type":"article","og_title":"Gebedsdienst voor Eenheid onder de Christenen 26 maart 2026 - Chemin Neuf Belgi\u00eb","og_description":"Gelukkig zij die als broeders samenleven, Fr\u00e8re Christian de Cherg\u00e9","og_url":"https:\/\/www.chemin-neuf.be\/nl\/office-pour-lunite-du-jeudi-26-mars-2026\/","og_site_name":"Chemin Neuf Belgi\u00eb","article_published_time":"2026-03-21T10:21:42+00:00","article_modified_time":"2026-03-25T16:08:04+00:00","og_image":[{"width":2560,"height":1928,"url":"https:\/\/www.chemin-neuf.be\/wp-content\/uploads\/2026\/03\/httpsdam.chemin-neuf.netwp-contentuploads202603IMG_20250831_154111-scaled-2.jpg","type":"image\/jpeg"}],"author":"adminCCN","twitter_card":"summary_large_image","twitter_misc":{"Geschreven door":"adminCCN","Geschatte leestijd":"3 minuten"},"schema":{"@context":"https:\/\/schema.org","@graph":[{"@type":"Article","@id":"https:\/\/www.chemin-neuf.be\/nl\/office-pour-lunite-du-jeudi-26-mars-2026\/#article","isPartOf":{"@id":"https:\/\/www.chemin-neuf.be\/nl\/office-pour-lunite-du-jeudi-26-mars-2026\/"},"author":{"name":"adminCCN","@id":"https:\/\/www.chemin-neuf.be\/nl\/#\/schema\/person\/dbc5bb8de9c07e1728535c32a94f0692"},"headline":"Gebedsdienst voor Eenheid onder de Christenen 26 maart 2026","datePublished":"2026-03-21T10:21:42+00:00","dateModified":"2026-03-25T16:08:04+00:00","mainEntityOfPage":{"@id":"https:\/\/www.chemin-neuf.be\/nl\/office-pour-lunite-du-jeudi-26-mars-2026\/"},"wordCount":606,"commentCount":0,"image":{"@id":"https:\/\/www.chemin-neuf.be\/nl\/office-pour-lunite-du-jeudi-26-mars-2026\/#primaryimage"},"thumbnailUrl":"https:\/\/www.chemin-neuf.be\/wp-content\/uploads\/2026\/03\/httpsdam.chemin-neuf.netwp-contentuploads202603IMG_20250831_154111-scaled-2.jpg","articleSection":["geen-onderdeel-van-een-categorie","Offices pour l\u2019unit\u00e9 en flamand"],"inLanguage":"nl-BE","potentialAction":[{"@type":"CommentAction","name":"Comment","target":["https:\/\/www.chemin-neuf.be\/nl\/office-pour-lunite-du-jeudi-26-mars-2026\/#respond"]}]},{"@type":"WebPage","@id":"https:\/\/www.chemin-neuf.be\/nl\/office-pour-lunite-du-jeudi-26-mars-2026\/","url":"https:\/\/www.chemin-neuf.be\/nl\/office-pour-lunite-du-jeudi-26-mars-2026\/","name":"Gebedsdienst voor Eenheid onder de Christenen 26 maart 2026 - Chemin Neuf Belgi\u00eb","isPartOf":{"@id":"https:\/\/www.chemin-neuf.be\/nl\/#website"},"primaryImageOfPage":{"@id":"https:\/\/www.chemin-neuf.be\/nl\/office-pour-lunite-du-jeudi-26-mars-2026\/#primaryimage"},"image":{"@id":"https:\/\/www.chemin-neuf.be\/nl\/office-pour-lunite-du-jeudi-26-mars-2026\/#primaryimage"},"thumbnailUrl":"https:\/\/www.chemin-neuf.be\/wp-content\/uploads\/2026\/03\/httpsdam.chemin-neuf.netwp-contentuploads202603IMG_20250831_154111-scaled-2.jpg","datePublished":"2026-03-21T10:21:42+00:00","dateModified":"2026-03-25T16:08:04+00:00","author":{"@id":"https:\/\/www.chemin-neuf.be\/nl\/#\/schema\/person\/dbc5bb8de9c07e1728535c32a94f0692"},"description":"Gelukkig zij die als broeders samenleven, Fr\u00e8re Christian de Cherg\u00e9","breadcrumb":{"@id":"https:\/\/www.chemin-neuf.be\/nl\/office-pour-lunite-du-jeudi-26-mars-2026\/#breadcrumb"},"inLanguage":"nl-BE","potentialAction":[{"@type":"ReadAction","target":["https:\/\/www.chemin-neuf.be\/nl\/office-pour-lunite-du-jeudi-26-mars-2026\/"]}]},{"@type":"ImageObject","inLanguage":"nl-BE","@id":"https:\/\/www.chemin-neuf.be\/nl\/office-pour-lunite-du-jeudi-26-mars-2026\/#primaryimage","url":"https:\/\/www.chemin-neuf.be\/wp-content\/uploads\/2026\/03\/httpsdam.chemin-neuf.netwp-contentuploads202603IMG_20250831_154111-scaled-2.jpg","contentUrl":"https:\/\/www.chemin-neuf.be\/wp-content\/uploads\/2026\/03\/httpsdam.chemin-neuf.netwp-contentuploads202603IMG_20250831_154111-scaled-2.jpg","width":2560,"height":1928},{"@type":"BreadcrumbList","@id":"https:\/\/www.chemin-neuf.be\/nl\/office-pour-lunite-du-jeudi-26-mars-2026\/#breadcrumb","itemListElement":[{"@type":"ListItem","position":1,"name":"Home","item":"https:\/\/www.chemin-neuf.be\/nl\/"},{"@type":"ListItem","position":2,"name":"Gebedsdienst voor Eenheid onder de Christenen 26 maart 2026"}]},{"@type":"WebSite","@id":"https:\/\/www.chemin-neuf.be\/nl\/#website","url":"https:\/\/www.chemin-neuf.be\/nl\/","name":"Chemin Neuf Belgi\u00eb","description":"Gemeenschap Chemin Neuf Belgi\u00eb","potentialAction":[{"@type":"SearchAction","target":{"@type":"EntryPoint","urlTemplate":"https:\/\/www.chemin-neuf.be\/nl\/?s={search_term_string}"},"query-input":{"@type":"PropertyValueSpecification","valueRequired":true,"valueName":"search_term_string"}}],"inLanguage":"nl-BE"},{"@type":"Person","@id":"https:\/\/www.chemin-neuf.be\/nl\/#\/schema\/person\/dbc5bb8de9c07e1728535c32a94f0692","name":"adminCCN","image":{"@type":"ImageObject","inLanguage":"nl-BE","@id":"https:\/\/secure.gravatar.com\/avatar\/87c9485d85e005be0f711778f5d5b8ea68d63bcbf73b1f7b969e7e9c9d9db96f?s=96&d=mm&r=g","url":"https:\/\/secure.gravatar.com\/avatar\/87c9485d85e005be0f711778f5d5b8ea68d63bcbf73b1f7b969e7e9c9d9db96f?s=96&d=mm&r=g","contentUrl":"https:\/\/secure.gravatar.com\/avatar\/87c9485d85e005be0f711778f5d5b8ea68d63bcbf73b1f7b969e7e9c9d9db96f?s=96&d=mm&r=g","caption":"adminCCN"},"sameAs":["https:\/\/www.chemin-neuf.be"]}]}},"_links":{"self":[{"href":"https:\/\/www.chemin-neuf.be\/nl\/wp-json\/wp\/v2\/posts\/76434","targetHints":{"allow":["GET"]}}],"collection":[{"href":"https:\/\/www.chemin-neuf.be\/nl\/wp-json\/wp\/v2\/posts"}],"about":[{"href":"https:\/\/www.chemin-neuf.be\/nl\/wp-json\/wp\/v2\/types\/post"}],"author":[{"embeddable":true,"href":"https:\/\/www.chemin-neuf.be\/nl\/wp-json\/wp\/v2\/users\/1"}],"replies":[{"embeddable":true,"href":"https:\/\/www.chemin-neuf.be\/nl\/wp-json\/wp\/v2\/comments?post=76434"}],"version-history":[{"count":2,"href":"https:\/\/www.chemin-neuf.be\/nl\/wp-json\/wp\/v2\/posts\/76434\/revisions"}],"predecessor-version":[{"id":76439,"href":"https:\/\/www.chemin-neuf.be\/nl\/wp-json\/wp\/v2\/posts\/76434\/revisions\/76439"}],"wp:featuredmedia":[{"embeddable":true,"href":"https:\/\/www.chemin-neuf.be\/nl\/wp-json\/wp\/v2\/media\/76437"}],"wp:attachment":[{"href":"https:\/\/www.chemin-neuf.be\/nl\/wp-json\/wp\/v2\/media?parent=76434"}],"wp:term":[{"taxonomy":"category","embeddable":true,"href":"https:\/\/www.chemin-neuf.be\/nl\/wp-json\/wp\/v2\/categories?post=76434"},{"taxonomy":"post_tag","embeddable":true,"href":"https:\/\/www.chemin-neuf.be\/nl\/wp-json\/wp\/v2\/tags?post=76434"}],"curies":[{"name":"wp","href":"https:\/\/api.w.org\/{rel}","templated":true}]}}