{"id":76224,"date":"2026-03-16T09:45:13","date_gmt":"2026-03-16T08:45:13","guid":{"rendered":"https:\/\/www.chemin-neuf.be\/office-pour-lunite-du-jeudi-19-mars-2026-2\/"},"modified":"2026-03-18T11:08:12","modified_gmt":"2026-03-18T10:08:12","slug":"office-pour-lunite-du-jeudi-19-mars-2026","status":"publish","type":"post","link":"https:\/\/www.chemin-neuf.be\/nl\/office-pour-lunite-du-jeudi-19-mars-2026\/","title":{"rendered":"Gebedsdienst voor Eenheid onder de Christenen 19 maart 2026"},"content":{"rendered":"\n<p class=\"has-white-background-color has-background\">Deze week is de dienst voorbereid door de broeders en zusters van de gemeenschap in Saint-Sulpice de Favi\u00e8res.<\/p>\n\n\n\n<h2 class=\"wp-block-heading has-text-align-center has-orange-background-color has-background\"><strong><strong>Meditatietekst<\/strong><\/strong><\/h2>\n\n\n\n<p class=\"has-text-align-center has-gray-background-color has-background\"><strong><em>Kunnen twee mensen samen op weg gaan<\/em><\/strong> <strong><em>zonder elkaar eerst ontmoet te hebben?\u00a0\u00a0 <\/em><\/strong>(Amos 3:3) \u00a0\u00a0\u00a0\u00a0\u00a0\u00a0\u00a0\u00a0\u00a0\u00a0\u00a0 door Bertrand Mathys, predikant (UEPAL),<br><a href=\"https:\/\/www.presseregionaleprotestante.info\/spiritualite\/theologie\/grain-de-sable\/deux-hommes-font-ils-route-ensemble-sans-setre-dabord-rencontres-amos-3-3\/\">https:\/\/www.presseregionaleprotestante.info\/spiritualite\/theologie\/grain-de-sable\/deux-hommes-font-ils-route-ensemble-sans-setre-dabord-rencontres-amos-3-3\/<\/a><\/p>\n\n\n\n<div class=\"wp-block-columns is-layout-flex wp-container-core-columns-is-layout-9d6595d7 wp-block-columns-is-layout-flex\">\n<div class=\"wp-block-column is-layout-flow wp-block-column-is-layout-flow\">\n<p class=\"has-beige-background-color has-background\" style=\"line-height:2\">\u201cGaan twee mensen samen op pad zonder elkaar eerst ontmoet te hebben?\u201d (Amos 3:3)<br>Dit vers uit het Bijbelboek Amos wordt heel vaak gebruikt om te benadrukken dat het nodig is om elkaar te begrijpen voordat men samen op pad gaat. Het is inderdaad gebruikelijk dat een groep haar route vaststelt alvorens samen op weg te gaan&#8230; Maar ligt daar echt de betekenis van het vers?<br>Amos, een schapenfokker en vijgenteler, was geen beroepsprofeet en werd een onheilsprofeet, want in een periode van welvaart en rust kondigt hij onheil aan voor alle buren van Isra\u00ebl, inclusief Juda, alvorens een orakel tegen Isra\u00ebl aan te kondigen. Hij verstoort, omdat hij Isra\u00ebl herinnert aan de plichten die voortvloeien uit haar zegen. Isra\u00ebl mag zich niet tevredenstellen met het feit dat het het uitverkoren volk is. Vanwege deze zegen moet het zich bekommeren over de naleving van recht en gerechtigheid, om afgestemd te blijven op het Verbond. Het onheil wordt aan Isra\u00ebl aangekondigd omdat de zegen niet is ge\u00eberd, omdat deze niet is nageleefd.<br>Het vers dat ons hier interesseert, herinnert dus aan het Verbond tussen God en zijn volk.<br>John Wesley legde in een van zijn preken een mooie parallel tussen dit vers uit Amos 3:3 en de ontmoeting tussen Jehu en Jonadab (2 Koningen 10:15):<br><em>\u201cEven verderop zag Jehu Jonadab, de zoon van Rekab, die naar hem toe kwam. Jehu begroette hem en zei:<\/em><br><em>\u2018Ben je mij trouw, zoals ik jou trouw ben?<\/em><br><em>\u2014 Ja!\u2019 antwoordde Jonadab.<\/em><br><em>\u2014 Welnu, laten we elkaar de hand schudden!\u2019 zei Jehu.\u201d<\/em><br>Ze schudden elkaar de hand, waarna Jehu hem op zijn strijdwagen liet plaatsnemen. \u00bb<br>Deze ontmoeting tussen Jehu en Jonadab, voor ze samen op weg gingen, stelt hen in staat om de oprechtheid van elkaars hart te peilen. Meer is er niet nodig! Er is geen lange toespraak voor nodig. Het leidt daarentegen wel tot een onvoorwaardelijke toewijding aan de dienst aan de ander. Het zijn al deze opdrachten die Amos van het volk van Isra\u00ebl verwacht.<br>Hij moedigt ons dus aan om J\u00e9hu\u2019s en Jonadab\u2019s te zijn, elkaar te ontmoeten, ja, maar ook, en nog meer, elkaar de hand te reiken bij onze gemeenschappelijke plannen. Wat betekent dat? Een open houding ten opzichte van de ander of diens geloofsbeleving. Een houding van liefde en wederzijds respect. Maar ook een gezamenlijke toewijding aan het gebed en aan goede werken.<br><\/p>\n<\/div>\n<\/div>\n\n\n\n<h2 class=\"wp-block-heading has-text-align-center has-orange-background-color has-background\"><strong><strong>Voorbeden<\/strong><\/strong><\/h2>\n\n\n\n<p class=\"has-text-align-center\"><em><em>Aan te passen of te wijzigen naar gelang de plaats en de omstandigheden<\/em><\/em><\/p>\n\n\n\n<div class=\"wp-block-columns alignwide are-vertically-aligned-top has-beige-background-color has-background is-layout-flex wp-container-core-columns-is-layout-9d6595d7 wp-block-columns-is-layout-flex\">\n<div class=\"wp-block-column is-vertically-aligned-top is-layout-flow wp-block-column-is-layout-flow\">\n<p class=\"has-white-background-color has-background\">Heer, wij vertrouwen U de kleine \u201cMiddellandse Zeegroep\u201d van de gemeenschap van Chemin Neuf toe. Moge deze groep zich steeds meer laten inspireren door Uw Heilige Geest, vooral in deze tijden van ernstige conflicten in het Midden-Oosten. Mogen hun inspanningen om te luisteren en elkaar te ontmoeten \u2013 zowel op islamitisch-christelijk niveau als met de christenen van het Oosten \u2013 in Uw voetsporen steeds meer toenemen in een geest van nederigheid en vertrouwen. Bescherm elk lid van deze groep, in het bijzonder degenen die zich in Libanon, Jeruzalem en Tibhirine bevinden.\u00a0<br><\/p>\n<\/div>\n\n\n\n<div class=\"wp-block-column is-vertically-aligned-top is-layout-flow wp-block-column-is-layout-flow\">\n<p class=\"has-white-background-color has-background\">Heer, wij vertrouwen U de Palmzondagstocht toe op vrijdag 27 maart om 19.00 uur in de \u2018Grand Temple\u2019 te Lyon, georganiseerd door het CREL (Comit\u00e9 des Responsables d\u2019Eglises \u00e0 Lyon). Moge deze tijd van wandelen en bidden, bestaande uit 7 etappes in 7 kerken, waarbij we in eenheid 7 psalmen bidden voor vrede en eenheid tussen onze kerken vrucht dragen volgens Uw wil.<br><br><br><\/p>\n<\/div>\n<\/div>\n\n\n\n<div class=\"wp-block-columns alignwide are-vertically-aligned-top has-beige-background-color has-background is-layout-flex wp-container-core-columns-is-layout-9d6595d7 wp-block-columns-is-layout-flex\">\n<div class=\"wp-block-column is-vertically-aligned-top is-layout-flow wp-block-column-is-layout-flow\">\n<p class=\"has-white-background-color has-background\">Sarah Mullaly zal op 25 maart worden ge\u00efnstalleerd als aartsbisschop van Canterbury. Om onafhankelijker te worden van de Kerk van Engeland hebben tien meer conservatieve primaten een wereldwijde anglicaanse raad opgericht en Laurent Mbanda gekozen als hoofd van deze nieuwe anglicaanse instelling, &#8211; zonder een schisma te willen veroorzaken.<br><em>Heer, wij bidden voor de eenheid van de Anglicaanse Gemeenschap in al haar verscheidenheid, dat zij mag blijven getuigen van Gods goedheid voor alle volkeren en in alle culturen.<\/em><br><\/p>\n<\/div>\n<\/div>\n\n\n\n<h2 class=\"wp-block-heading has-text-align-center has-orange-background-color has-background\"><strong><strong>Tekst gebed voor de eenheid<\/strong><\/strong><\/h2>\n\n\n\n<p class=\"has-text-align-left has-beige-background-color has-background\">Heer Jezus,<br>U die gebeden hebt,<br>dat allen \u00e9\u00e9n zouden zijn,<br>wij bidden U voor de eendeid van alle christenen,<br>naar uw wil en volgens uw wegen.<br>Moge uw Geest ons geven<br>dat wij de pijn van verdeeldheid ervaren,<br>dat wij onze schuld hieraan erkennen<br>en dat onze hoop alle hoop te boven gaat.<br>Amen !<\/p>\n\n\n\n<p class=\"has-text-align-right has-beige-background-color has-background\"><em>(Een gebed van de Gemeenschap Chemin Neuf,<\/em><br><em>geinspireerd door een gebed van<\/em> <em>Abb\u00e9 Paul Couturier)<\/em><\/p>\n\n\n\n<div class=\"wp-block-buttons alignwide is-horizontal is-content-justification-center is-layout-flex wp-container-core-buttons-is-layout-499968f5 wp-block-buttons-is-layout-flex\">\n<div class=\"wp-block-button\"><a class=\"wp-block-button__link has-orange-background-color has-background has-large-font-size has-custom-font-size wp-element-button\" href=\"https:\/\/www.chemin-neuf.nl\/wp-content\/uploads\/2026\/03\/Gebedsdienst-19maart.pdf\" target=\"_blank\" rel=\"noreferrer noopener\">Gebedsdienst downloaden<\/a><\/div>\n<\/div>\n\n\n\n<p><\/p>\n","protected":false},"excerpt":{"rendered":"<p>Kunnen twee mensen samen op weg gaan<br \/>\nzonder elkaar eerst ontmoet te hebben?   (Amos 3:3)<\/p>\n","protected":false},"author":1,"featured_media":76226,"comment_status":"open","ping_status":"open","sticky":false,"template":"","format":"standard","meta":{"_acf_changed":false,"footnotes":""},"categories":[145],"tags":[89,99,91,92,73],"class_list":["post-76224","post","type-post","status-publish","format-standard","has-post-thumbnail","hentry","category-offices-pour-lunite-nl","tag-jeudi","tag-oecumenisme-3","tag-office","tag-paix","tag-unite"],"acf":[],"yoast_head":"<!-- This site is optimized with the Yoast SEO plugin v27.5 - https:\/\/yoast.com\/product\/yoast-seo-wordpress\/ -->\n<title>Gebedsdienst voor Eenheid onder de Christenen 19 maart 2026 - Chemin Neuf Belgi\u00eb<\/title>\n<meta name=\"description\" content=\"Kunnen twee mensen samen op weg gaan zonder elkaar eerst ontmoet te hebben?  (Amos 3:3)\" \/>\n<meta name=\"robots\" content=\"index, follow, max-snippet:-1, max-image-preview:large, max-video-preview:-1\" \/>\n<link rel=\"canonical\" href=\"https:\/\/www.chemin-neuf.be\/nl\/office-pour-lunite-du-jeudi-19-mars-2026\/\" \/>\n<meta property=\"og:locale\" content=\"nl_BE\" \/>\n<meta property=\"og:type\" content=\"article\" \/>\n<meta property=\"og:title\" content=\"Gebedsdienst voor Eenheid onder de Christenen 19 maart 2026 - Chemin Neuf Belgi\u00eb\" \/>\n<meta property=\"og:description\" content=\"Kunnen twee mensen samen op weg gaan zonder elkaar eerst ontmoet te hebben?  (Amos 3:3)\" \/>\n<meta property=\"og:url\" content=\"https:\/\/www.chemin-neuf.be\/nl\/office-pour-lunite-du-jeudi-19-mars-2026\/\" \/>\n<meta property=\"og:site_name\" content=\"Chemin Neuf Belgi\u00eb\" \/>\n<meta property=\"article:published_time\" content=\"2026-03-16T08:45:13+00:00\" \/>\n<meta property=\"article:modified_time\" content=\"2026-03-18T10:08:12+00:00\" \/>\n<meta property=\"og:image\" content=\"https:\/\/www.chemin-neuf.be\/wp-content\/uploads\/2026\/03\/httpsdam.chemin-neuf.netwp-contentuploads202603photo-19-mars-1.jpg\" \/>\n\t<meta property=\"og:image:width\" content=\"1638\" \/>\n\t<meta property=\"og:image:height\" content=\"922\" \/>\n\t<meta property=\"og:image:type\" content=\"image\/jpeg\" \/>\n<meta name=\"author\" content=\"adminCCN\" \/>\n<meta name=\"twitter:card\" content=\"summary_large_image\" \/>\n<meta name=\"twitter:label1\" content=\"Geschreven door\" \/>\n\t<meta name=\"twitter:data1\" content=\"adminCCN\" \/>\n\t<meta name=\"twitter:label2\" content=\"Geschatte leestijd\" \/>\n\t<meta name=\"twitter:data2\" content=\"4 minuten\" \/>\n<script type=\"application\/ld+json\" class=\"yoast-schema-graph\">{\"@context\":\"https:\\\/\\\/schema.org\",\"@graph\":[{\"@type\":\"Article\",\"@id\":\"https:\\\/\\\/www.chemin-neuf.be\\\/nl\\\/office-pour-lunite-du-jeudi-19-mars-2026\\\/#article\",\"isPartOf\":{\"@id\":\"https:\\\/\\\/www.chemin-neuf.be\\\/nl\\\/office-pour-lunite-du-jeudi-19-mars-2026\\\/\"},\"author\":{\"name\":\"adminCCN\",\"@id\":\"https:\\\/\\\/www.chemin-neuf.be\\\/nl\\\/#\\\/schema\\\/person\\\/dbc5bb8de9c07e1728535c32a94f0692\"},\"headline\":\"Gebedsdienst voor Eenheid onder de Christenen 19 maart 2026\",\"datePublished\":\"2026-03-16T08:45:13+00:00\",\"dateModified\":\"2026-03-18T10:08:12+00:00\",\"mainEntityOfPage\":{\"@id\":\"https:\\\/\\\/www.chemin-neuf.be\\\/nl\\\/office-pour-lunite-du-jeudi-19-mars-2026\\\/\"},\"wordCount\":767,\"commentCount\":0,\"image\":{\"@id\":\"https:\\\/\\\/www.chemin-neuf.be\\\/nl\\\/office-pour-lunite-du-jeudi-19-mars-2026\\\/#primaryimage\"},\"thumbnailUrl\":\"https:\\\/\\\/www.chemin-neuf.be\\\/wp-content\\\/uploads\\\/2026\\\/03\\\/httpsdam.chemin-neuf.netwp-contentuploads202603photo-19-mars-1.jpg\",\"keywords\":[\"jeudi\",\"oecumenisme-3\",\"office\",\"paix\",\"unite\"],\"articleSection\":[\"Offices pour l\u2019unit\u00e9 en flamand\"],\"inLanguage\":\"nl-BE\",\"potentialAction\":[{\"@type\":\"CommentAction\",\"name\":\"Comment\",\"target\":[\"https:\\\/\\\/www.chemin-neuf.be\\\/nl\\\/office-pour-lunite-du-jeudi-19-mars-2026\\\/#respond\"]}]},{\"@type\":\"WebPage\",\"@id\":\"https:\\\/\\\/www.chemin-neuf.be\\\/nl\\\/office-pour-lunite-du-jeudi-19-mars-2026\\\/\",\"url\":\"https:\\\/\\\/www.chemin-neuf.be\\\/nl\\\/office-pour-lunite-du-jeudi-19-mars-2026\\\/\",\"name\":\"Gebedsdienst voor Eenheid onder de Christenen 19 maart 2026 - Chemin Neuf Belgi\u00eb\",\"isPartOf\":{\"@id\":\"https:\\\/\\\/www.chemin-neuf.be\\\/nl\\\/#website\"},\"primaryImageOfPage\":{\"@id\":\"https:\\\/\\\/www.chemin-neuf.be\\\/nl\\\/office-pour-lunite-du-jeudi-19-mars-2026\\\/#primaryimage\"},\"image\":{\"@id\":\"https:\\\/\\\/www.chemin-neuf.be\\\/nl\\\/office-pour-lunite-du-jeudi-19-mars-2026\\\/#primaryimage\"},\"thumbnailUrl\":\"https:\\\/\\\/www.chemin-neuf.be\\\/wp-content\\\/uploads\\\/2026\\\/03\\\/httpsdam.chemin-neuf.netwp-contentuploads202603photo-19-mars-1.jpg\",\"datePublished\":\"2026-03-16T08:45:13+00:00\",\"dateModified\":\"2026-03-18T10:08:12+00:00\",\"author\":{\"@id\":\"https:\\\/\\\/www.chemin-neuf.be\\\/nl\\\/#\\\/schema\\\/person\\\/dbc5bb8de9c07e1728535c32a94f0692\"},\"description\":\"Kunnen twee mensen samen op weg gaan zonder elkaar eerst ontmoet te hebben? (Amos 3:3)\",\"breadcrumb\":{\"@id\":\"https:\\\/\\\/www.chemin-neuf.be\\\/nl\\\/office-pour-lunite-du-jeudi-19-mars-2026\\\/#breadcrumb\"},\"inLanguage\":\"nl-BE\",\"potentialAction\":[{\"@type\":\"ReadAction\",\"target\":[\"https:\\\/\\\/www.chemin-neuf.be\\\/nl\\\/office-pour-lunite-du-jeudi-19-mars-2026\\\/\"]}]},{\"@type\":\"ImageObject\",\"inLanguage\":\"nl-BE\",\"@id\":\"https:\\\/\\\/www.chemin-neuf.be\\\/nl\\\/office-pour-lunite-du-jeudi-19-mars-2026\\\/#primaryimage\",\"url\":\"https:\\\/\\\/www.chemin-neuf.be\\\/wp-content\\\/uploads\\\/2026\\\/03\\\/httpsdam.chemin-neuf.netwp-contentuploads202603photo-19-mars-1.jpg\",\"contentUrl\":\"https:\\\/\\\/www.chemin-neuf.be\\\/wp-content\\\/uploads\\\/2026\\\/03\\\/httpsdam.chemin-neuf.netwp-contentuploads202603photo-19-mars-1.jpg\",\"width\":1638,\"height\":922},{\"@type\":\"BreadcrumbList\",\"@id\":\"https:\\\/\\\/www.chemin-neuf.be\\\/nl\\\/office-pour-lunite-du-jeudi-19-mars-2026\\\/#breadcrumb\",\"itemListElement\":[{\"@type\":\"ListItem\",\"position\":1,\"name\":\"Home\",\"item\":\"https:\\\/\\\/www.chemin-neuf.be\\\/nl\\\/\"},{\"@type\":\"ListItem\",\"position\":2,\"name\":\"Gebedsdienst voor Eenheid onder de Christenen 19 maart 2026\"}]},{\"@type\":\"WebSite\",\"@id\":\"https:\\\/\\\/www.chemin-neuf.be\\\/nl\\\/#website\",\"url\":\"https:\\\/\\\/www.chemin-neuf.be\\\/nl\\\/\",\"name\":\"Chemin Neuf Belgi\u00eb\",\"description\":\"Gemeenschap Chemin Neuf Belgi\u00eb\",\"potentialAction\":[{\"@type\":\"SearchAction\",\"target\":{\"@type\":\"EntryPoint\",\"urlTemplate\":\"https:\\\/\\\/www.chemin-neuf.be\\\/nl\\\/?s={search_term_string}\"},\"query-input\":{\"@type\":\"PropertyValueSpecification\",\"valueRequired\":true,\"valueName\":\"search_term_string\"}}],\"inLanguage\":\"nl-BE\"},{\"@type\":\"Person\",\"@id\":\"https:\\\/\\\/www.chemin-neuf.be\\\/nl\\\/#\\\/schema\\\/person\\\/dbc5bb8de9c07e1728535c32a94f0692\",\"name\":\"adminCCN\",\"image\":{\"@type\":\"ImageObject\",\"inLanguage\":\"nl-BE\",\"@id\":\"https:\\\/\\\/secure.gravatar.com\\\/avatar\\\/87c9485d85e005be0f711778f5d5b8ea68d63bcbf73b1f7b969e7e9c9d9db96f?s=96&d=mm&r=g\",\"url\":\"https:\\\/\\\/secure.gravatar.com\\\/avatar\\\/87c9485d85e005be0f711778f5d5b8ea68d63bcbf73b1f7b969e7e9c9d9db96f?s=96&d=mm&r=g\",\"contentUrl\":\"https:\\\/\\\/secure.gravatar.com\\\/avatar\\\/87c9485d85e005be0f711778f5d5b8ea68d63bcbf73b1f7b969e7e9c9d9db96f?s=96&d=mm&r=g\",\"caption\":\"adminCCN\"},\"sameAs\":[\"https:\\\/\\\/www.chemin-neuf.be\"]}]}<\/script>\n<!-- \/ Yoast SEO plugin. -->","yoast_head_json":{"title":"Gebedsdienst voor Eenheid onder de Christenen 19 maart 2026 - Chemin Neuf Belgi\u00eb","description":"Kunnen twee mensen samen op weg gaan zonder elkaar eerst ontmoet te hebben?  (Amos 3:3)","robots":{"index":"index","follow":"follow","max-snippet":"max-snippet:-1","max-image-preview":"max-image-preview:large","max-video-preview":"max-video-preview:-1"},"canonical":"https:\/\/www.chemin-neuf.be\/nl\/office-pour-lunite-du-jeudi-19-mars-2026\/","og_locale":"nl_BE","og_type":"article","og_title":"Gebedsdienst voor Eenheid onder de Christenen 19 maart 2026 - Chemin Neuf Belgi\u00eb","og_description":"Kunnen twee mensen samen op weg gaan zonder elkaar eerst ontmoet te hebben?  (Amos 3:3)","og_url":"https:\/\/www.chemin-neuf.be\/nl\/office-pour-lunite-du-jeudi-19-mars-2026\/","og_site_name":"Chemin Neuf Belgi\u00eb","article_published_time":"2026-03-16T08:45:13+00:00","article_modified_time":"2026-03-18T10:08:12+00:00","og_image":[{"width":1638,"height":922,"url":"https:\/\/www.chemin-neuf.be\/wp-content\/uploads\/2026\/03\/httpsdam.chemin-neuf.netwp-contentuploads202603photo-19-mars-1.jpg","type":"image\/jpeg"}],"author":"adminCCN","twitter_card":"summary_large_image","twitter_misc":{"Geschreven door":"adminCCN","Geschatte leestijd":"4 minuten"},"schema":{"@context":"https:\/\/schema.org","@graph":[{"@type":"Article","@id":"https:\/\/www.chemin-neuf.be\/nl\/office-pour-lunite-du-jeudi-19-mars-2026\/#article","isPartOf":{"@id":"https:\/\/www.chemin-neuf.be\/nl\/office-pour-lunite-du-jeudi-19-mars-2026\/"},"author":{"name":"adminCCN","@id":"https:\/\/www.chemin-neuf.be\/nl\/#\/schema\/person\/dbc5bb8de9c07e1728535c32a94f0692"},"headline":"Gebedsdienst voor Eenheid onder de Christenen 19 maart 2026","datePublished":"2026-03-16T08:45:13+00:00","dateModified":"2026-03-18T10:08:12+00:00","mainEntityOfPage":{"@id":"https:\/\/www.chemin-neuf.be\/nl\/office-pour-lunite-du-jeudi-19-mars-2026\/"},"wordCount":767,"commentCount":0,"image":{"@id":"https:\/\/www.chemin-neuf.be\/nl\/office-pour-lunite-du-jeudi-19-mars-2026\/#primaryimage"},"thumbnailUrl":"https:\/\/www.chemin-neuf.be\/wp-content\/uploads\/2026\/03\/httpsdam.chemin-neuf.netwp-contentuploads202603photo-19-mars-1.jpg","keywords":["jeudi","oecumenisme-3","office","paix","unite"],"articleSection":["Offices pour l\u2019unit\u00e9 en flamand"],"inLanguage":"nl-BE","potentialAction":[{"@type":"CommentAction","name":"Comment","target":["https:\/\/www.chemin-neuf.be\/nl\/office-pour-lunite-du-jeudi-19-mars-2026\/#respond"]}]},{"@type":"WebPage","@id":"https:\/\/www.chemin-neuf.be\/nl\/office-pour-lunite-du-jeudi-19-mars-2026\/","url":"https:\/\/www.chemin-neuf.be\/nl\/office-pour-lunite-du-jeudi-19-mars-2026\/","name":"Gebedsdienst voor Eenheid onder de Christenen 19 maart 2026 - Chemin Neuf Belgi\u00eb","isPartOf":{"@id":"https:\/\/www.chemin-neuf.be\/nl\/#website"},"primaryImageOfPage":{"@id":"https:\/\/www.chemin-neuf.be\/nl\/office-pour-lunite-du-jeudi-19-mars-2026\/#primaryimage"},"image":{"@id":"https:\/\/www.chemin-neuf.be\/nl\/office-pour-lunite-du-jeudi-19-mars-2026\/#primaryimage"},"thumbnailUrl":"https:\/\/www.chemin-neuf.be\/wp-content\/uploads\/2026\/03\/httpsdam.chemin-neuf.netwp-contentuploads202603photo-19-mars-1.jpg","datePublished":"2026-03-16T08:45:13+00:00","dateModified":"2026-03-18T10:08:12+00:00","author":{"@id":"https:\/\/www.chemin-neuf.be\/nl\/#\/schema\/person\/dbc5bb8de9c07e1728535c32a94f0692"},"description":"Kunnen twee mensen samen op weg gaan zonder elkaar eerst ontmoet te hebben? (Amos 3:3)","breadcrumb":{"@id":"https:\/\/www.chemin-neuf.be\/nl\/office-pour-lunite-du-jeudi-19-mars-2026\/#breadcrumb"},"inLanguage":"nl-BE","potentialAction":[{"@type":"ReadAction","target":["https:\/\/www.chemin-neuf.be\/nl\/office-pour-lunite-du-jeudi-19-mars-2026\/"]}]},{"@type":"ImageObject","inLanguage":"nl-BE","@id":"https:\/\/www.chemin-neuf.be\/nl\/office-pour-lunite-du-jeudi-19-mars-2026\/#primaryimage","url":"https:\/\/www.chemin-neuf.be\/wp-content\/uploads\/2026\/03\/httpsdam.chemin-neuf.netwp-contentuploads202603photo-19-mars-1.jpg","contentUrl":"https:\/\/www.chemin-neuf.be\/wp-content\/uploads\/2026\/03\/httpsdam.chemin-neuf.netwp-contentuploads202603photo-19-mars-1.jpg","width":1638,"height":922},{"@type":"BreadcrumbList","@id":"https:\/\/www.chemin-neuf.be\/nl\/office-pour-lunite-du-jeudi-19-mars-2026\/#breadcrumb","itemListElement":[{"@type":"ListItem","position":1,"name":"Home","item":"https:\/\/www.chemin-neuf.be\/nl\/"},{"@type":"ListItem","position":2,"name":"Gebedsdienst voor Eenheid onder de Christenen 19 maart 2026"}]},{"@type":"WebSite","@id":"https:\/\/www.chemin-neuf.be\/nl\/#website","url":"https:\/\/www.chemin-neuf.be\/nl\/","name":"Chemin Neuf Belgi\u00eb","description":"Gemeenschap Chemin Neuf Belgi\u00eb","potentialAction":[{"@type":"SearchAction","target":{"@type":"EntryPoint","urlTemplate":"https:\/\/www.chemin-neuf.be\/nl\/?s={search_term_string}"},"query-input":{"@type":"PropertyValueSpecification","valueRequired":true,"valueName":"search_term_string"}}],"inLanguage":"nl-BE"},{"@type":"Person","@id":"https:\/\/www.chemin-neuf.be\/nl\/#\/schema\/person\/dbc5bb8de9c07e1728535c32a94f0692","name":"adminCCN","image":{"@type":"ImageObject","inLanguage":"nl-BE","@id":"https:\/\/secure.gravatar.com\/avatar\/87c9485d85e005be0f711778f5d5b8ea68d63bcbf73b1f7b969e7e9c9d9db96f?s=96&d=mm&r=g","url":"https:\/\/secure.gravatar.com\/avatar\/87c9485d85e005be0f711778f5d5b8ea68d63bcbf73b1f7b969e7e9c9d9db96f?s=96&d=mm&r=g","contentUrl":"https:\/\/secure.gravatar.com\/avatar\/87c9485d85e005be0f711778f5d5b8ea68d63bcbf73b1f7b969e7e9c9d9db96f?s=96&d=mm&r=g","caption":"adminCCN"},"sameAs":["https:\/\/www.chemin-neuf.be"]}]}},"_links":{"self":[{"href":"https:\/\/www.chemin-neuf.be\/nl\/wp-json\/wp\/v2\/posts\/76224","targetHints":{"allow":["GET"]}}],"collection":[{"href":"https:\/\/www.chemin-neuf.be\/nl\/wp-json\/wp\/v2\/posts"}],"about":[{"href":"https:\/\/www.chemin-neuf.be\/nl\/wp-json\/wp\/v2\/types\/post"}],"author":[{"embeddable":true,"href":"https:\/\/www.chemin-neuf.be\/nl\/wp-json\/wp\/v2\/users\/1"}],"replies":[{"embeddable":true,"href":"https:\/\/www.chemin-neuf.be\/nl\/wp-json\/wp\/v2\/comments?post=76224"}],"version-history":[{"count":1,"href":"https:\/\/www.chemin-neuf.be\/nl\/wp-json\/wp\/v2\/posts\/76224\/revisions"}],"predecessor-version":[{"id":76225,"href":"https:\/\/www.chemin-neuf.be\/nl\/wp-json\/wp\/v2\/posts\/76224\/revisions\/76225"}],"wp:featuredmedia":[{"embeddable":true,"href":"https:\/\/www.chemin-neuf.be\/nl\/wp-json\/wp\/v2\/media\/76226"}],"wp:attachment":[{"href":"https:\/\/www.chemin-neuf.be\/nl\/wp-json\/wp\/v2\/media?parent=76224"}],"wp:term":[{"taxonomy":"category","embeddable":true,"href":"https:\/\/www.chemin-neuf.be\/nl\/wp-json\/wp\/v2\/categories?post=76224"},{"taxonomy":"post_tag","embeddable":true,"href":"https:\/\/www.chemin-neuf.be\/nl\/wp-json\/wp\/v2\/tags?post=76224"}],"curies":[{"name":"wp","href":"https:\/\/api.w.org\/{rel}","templated":true}]}}