{"id":82504,"date":"2026-04-29T17:25:56","date_gmt":"2026-04-29T15:25:56","guid":{"rendered":"https:\/\/www.chemin-neuf.be\/office-de-priere-en-lien-avec-le-peuple-juif-du-jeudi-7-mai-2026\/"},"modified":"2026-04-29T17:48:03","modified_gmt":"2026-04-29T15:48:03","slug":"office-de-priere-en-lien-avec-le-peuple-juif-du-jeudi-7-mai-2026","status":"publish","type":"post","link":"https:\/\/www.chemin-neuf.be\/fr\/office-de-priere-en-lien-avec-le-peuple-juif-du-jeudi-7-mai-2026\/","title":{"rendered":"Office de pri\u00e8re en lien avec le peuple juif du jeudi 7 mai 2026"},"content":{"rendered":"\n<p class=\"has-text-align-center\"><em>\u00ab\u2009Le peuple juif demeure la racine vivante de la foi chr\u00e9tienne. Nous voulons signifier cet attachement en priant pour les membres du peuple juif tous les premiers jeudis du mois. Nous croyons que cette intention est une source de b\u00e9n\u00e9diction dans notre chemin vers l\u2019unit\u00e9 entre les \u00c9glises.\u2009\u00bb<\/em><\/p>\n\n\n\n<h2 class=\"wp-block-heading has-text-align-center has-orange-background-color has-background\"><strong>Texte de m\u00e9ditation<\/strong><\/h2>\n\n\n\n<p class=\"has-text-align-center has-gray-background-color has-background\"><strong><strong><strong><strong><u><strong>Pri\u00e8re pour la paix du rabbin Nachman de Breslov<\/strong><\/u><\/strong><\/strong><\/strong><\/strong><br><em>Un des fondateurs du hassidisme, n\u00e9 en 1772 dans l\u2019actuelle Ukraine, mort en 1810<br>Traduction en anglais par la rabbine Deborah Silver. Les citations sont tir\u00e9es de L\u00e9vitique 26:6, Amos 5:24 et \u00c9sa\u00efe 11:9<br><a href=\"https:\/\/www.rabbinicalassembly.org\/story\/rabbi-nachmans-prayer-peace\">https:\/\/www.rabbinicalassembly.org\/story\/rabbi-nachmans-prayer-peace<\/a><\/em><\/p>\n\n\n\n<div class=\"wp-block-columns alignwide are-vertically-aligned-center is-layout-flex wp-container-core-columns-is-layout-9d6595d7 wp-block-columns-is-layout-flex\">\n<div class=\"wp-block-column is-vertically-aligned-center is-layout-flow wp-block-column-is-layout-flow\" style=\"flex-basis:100%\">\n<p class=\"has-text-align-right\"><\/p>\n\n\n\n<p class=\"has-text-align-left has-beige-background-color has-background\" style=\"line-height:2\">Que ce soit Ta volont\u00e9,<br>\u00d4 Saint, notre Dieu, Dieu de nos anc\u00eatres,<br>que Tu effaces la guerre et les effusions de sang du monde<br>et qu\u2019\u00e0 leur place, Tu fais descendre<br>une paix grande et glorieuse<br>afin qu\u2019aucune nation ne l\u00e8ve l\u2019\u00e9p\u00e9e contre une autre nation<br>et qu\u2019elles n\u2019apprennent plus jamais la guerre.<br><br>Au contraire, que tous les habitants de la terre<br>reconnaissent et comprennent profond\u00e9ment<br>cette grande v\u00e9rit\u00e9 :<br>que nous ne sommes pas venus au monde<br>pour les conflits et les divisions,<br>ni pour la haine et la rage,<br>ni pour les provocations et les effusions de sang.<br><br>Nous sommes venus ici uniquement<br>pour Te rencontrer,<br>Toi, l\u2019\u00c9ternellement B\u00e9ni.<br><br>Et ainsi,<br>nous implorons Ta compassion sur nous ;<br>accomplis, par notre interm\u00e9diaire, ce qui est \u00e9crit :<br><br>Je mettrai la paix sur la terre<br>et vous vous coucherez en s\u00e9curit\u00e9 et sans \u00eatre d\u00e9rang\u00e9s<br>et je bannirai les b\u00eates f\u00e9roces de la terre<br>et l\u2019\u00e9p\u00e9e ne passera pas par votre pays.<br>Mais que la justice vienne en vagues comme l\u2019eau<br>et que la droiture coule comme un fleuve,<br>car la terre sera remplie<br>de la connaissance du Saint<br>comme les eaux couvrent la mer.<br><br>Qu&rsquo;il en soit ainsi.<br>Et nous disons :<br>Amen.<\/p>\n<\/div>\n<\/div>\n\n\n\n<div style=\"height:9px\" aria-hidden=\"true\" class=\"wp-block-spacer\"><\/div>\n\n\n\n<h2 class=\"wp-block-heading has-text-align-center has-orange-background-color has-background\"><strong>Proposition de lecture<\/strong><\/h2>\n\n\n\n<div class=\"wp-block-columns is-layout-flex wp-container-core-columns-is-layout-9d6595d7 wp-block-columns-is-layout-flex\">\n<div class=\"wp-block-column is-layout-flow wp-block-column-is-layout-flow\">\n<p class=\"has-gray-background-color has-background\"><em>Shema Israel : Dt&nbsp;6,4-9<br>Appel d\u2019Abram: Gn&nbsp;12,1- 4<br>Je suis celui qui est : Ex&nbsp;3,13-15<br>B\u00e9n\u00e9diction : Nb&nbsp;6,22- 2<\/em>7<\/p>\n<\/div>\n\n\n\n<div class=\"wp-block-column is-layout-flow wp-block-column-is-layout-flow\">\n<p class=\"has-gray-background-color has-background\"><em>Confession de foi antique : Dt 26,5- 9<br>Le premier commandement : Mc&nbsp;12,28-34<br>La foi d\u2019Abraham : Hb&nbsp;11,8- 12<br>L\u2019h\u00e9ritage du peuple d\u2019Isra\u00ebl : Rm&nbsp;9.1-5<\/em><\/p>\n<\/div>\n<\/div>\n\n\n\n<p class=\"has-beige-background-color has-background\"><strong><em>Par exemple : Nombres 6,22-27 :<\/em><\/strong><br>Le Seigneur parla \u00e0 Mo\u00efse. Il dit :<br>\u00ab Parle \u00e0 Aaron et \u00e0 ses fils. Tu leur diras : Voici en quels termes vous b\u00e9nirez les fils d\u2019Isra\u00ebl :<br>\u201cQue le Seigneur te b\u00e9nisse et te garde !<br>Que le Seigneur fasse briller sur toi son visage, qu\u2019il te prenne en gr\u00e2ce !<br>Que le Seigneur tourne vers toi son visage, qu\u2019il t\u2019apporte la paix !\u201d<br>Ils invoqueront ainsi mon nom sur les fils d&rsquo;Isra\u00ebl, et moi, je les b\u00e9nirai. \u00bb<\/p>\n\n\n\n<h2 class=\"wp-block-heading has-text-align-center has-orange-background-color has-background\"><strong>Intercessions<\/strong><\/h2>\n\n\n\n<p class=\"has-gray-background-color has-background\"><strong>R. Amen, amen, b\u00e9ni soit le Dieu d\u2019Isra\u00ebl&nbsp;!<\/strong><\/p>\n\n\n\n<p class=\"has-beige-background-color has-background\">1. P\u00e8re tr\u00e8s aimant, Dieu d\u2019Abraham, d\u2019Isaac et de Jacob,<br>toi qui as pleur\u00e9 la violence entre Ca\u00efn et Abel,<br>nous te prions pour la paix au Proche-Orient,<br>nous te prions pour tous les peuples qui habitent cette terre<br>o\u00f9 tu as choisi de nous rejoindre dans notre humanit\u00e9.<\/p>\n\n\n\n<p class=\"has-beige-background-color has-background\">2. P\u00e8re tr\u00e8s aimant, Dieu d\u2019Abraham, d\u2019Isaac et de Jacob,<br>toi qui as rendu possible la r\u00e9conciliation entre Joseph et ses fr\u00e8res,<br>pour tout m\u00e9pris \u00e0 l\u2019\u00e9gard de ton peuple Isra\u00ebl, pardonne-nous.<br><em>(En signe de p\u00e9nitence, nous restons quelques instants en silence.)<\/em><br>Nous te prions, P\u00e8re, de faire grandir la fraternit\u00e9<br>entre le peuple juif et les nations.<\/p>\n\n\n\n<p class=\"has-beige-background-color has-background\">3. P\u00e8re tr\u00e8s aimant, Dieu d\u2019Abraham, d\u2019Isaac et de Jacob,<br>toi qui as fait sortir Isra\u00ebl de l\u2019\u00c9gypte et lui as rendu la libert\u00e9,<br>donne ta joie au peuple juif<br>et garde-le fid\u00e8le \u00e0 ton Alliance.<\/p>\n\n\n\n<p class=\"has-beige-background-color has-background\">4. P\u00e8re tr\u00e8s aimant, Dieu d\u2019Abraham, d\u2019Isaac et de Jacob,<br>toi qui as uni les douze tribus d\u2019Isra\u00ebl autour de la Torah,<br>donne la paix aux juifs croyants en J\u00e9sus.<\/p>\n\n\n\n<p class=\"has-beige-background-color has-background\">5. P\u00e8re tr\u00e8s aimant, Dieu d\u2019Abraham, d\u2019Isaac et de Jacob,<br>toi qui as envoy\u00e9 ton Fils J\u00e9sus pour nous sauver,<br>fais reposer ta b\u00e9n\u00e9diction<br>sur les chr\u00e9tiens qui sont d\u2019origine juive.<\/p>\n\n\n\n<p class=\"has-beige-background-color has-background\">6. P\u00e8re tr\u00e8s aimant, Dieu d\u2019Abraham, d\u2019Isaac et de Jacob,<br>P\u00e8re de J\u00e9sus Christ,<br>toi qui as donn\u00e9 ton Fils bien aim\u00e9 pour que tous soient un,<br>rassemble dans l\u2019unit\u00e9 toutes les \u00c9glises chr\u00e9tiennes.<\/p>\n\n\n\n<p class=\"has-beige-background-color has-background\">7. P\u00e8re tr\u00e8s aimant, Dieu d\u2019Abraham, d\u2019Isaac et de Jacob,<br>toi qui as promis au peuple juif la venue du Messie,<br>toi qui as promis \u00e0 l\u2019\u00c9glise le retour de ton fils.<br>Nous te louons et nous disons dans l\u2019Esprit saint : \u00ab Maranatha, viens Seigneur ! \u00bb<\/p>\n\n\n\n<h2 class=\"wp-block-heading has-text-align-center has-orange-background-color has-background\"><strong>Oraison<\/strong><\/h2>\n\n\n\n<p class=\"has-gray-background-color has-background\">Dieu \u00e9ternel et tout-puissant,<br>\u00e9coute la pri\u00e8re de ton \u00c9glise.<br>Toi qui as choisi Abraham et sa descendance<br>pour en faire les enfants de ta promesse,<br>conduis \u00e0 la pl\u00e9nitude de la r\u00e9demption<br>le premier peuple de l\u2019Alliance.<br>Fais que les nations de la terre<br>soient accueillies par gr\u00e2ce dans la famille d\u2019Abraham,<br>et que toute la cr\u00e9ation, joyeuse, entre dans ton r\u00e8gne de paix.<br>Par J\u00e9sus le Christ Notre Seigneur. Amen.<\/p>\n\n\n\n<div class=\"wp-block-columns alignwide are-vertically-aligned-center has-white-background-color has-background is-layout-flex wp-container-core-columns-is-layout-9d6595d7 wp-block-columns-is-layout-flex\">\n<div class=\"wp-block-column is-vertically-aligned-center is-layout-flow wp-block-column-is-layout-flow\" style=\"flex-basis:90%\">\n<div class=\"wp-block-buttons alignwide is-horizontal is-content-justification-center is-layout-flex wp-container-core-buttons-is-layout-499968f5 wp-block-buttons-is-layout-flex\">\n<div class=\"wp-block-button\"><a class=\"wp-block-button__link has-orange-background-color has-background has-large-font-size has-text-align-center has-custom-font-size wp-element-button\" href=\"https:\/\/drive.google.com\/file\/d\/1fGdH1qUm8EP-gn_vPti6OeRm7pG6dDKH\/view?usp=sharing\" target=\"_blank\" rel=\"noreferrer noopener\"><strong>T\u00e9l\u00e9charger l&rsquo;office de pri\u00e8re<\/strong><\/a><\/div>\n<\/div>\n\n\n\n<div class=\"wp-block-buttons alignwide is-horizontal is-content-justification-center is-layout-flex wp-container-core-buttons-is-layout-499968f5 wp-block-buttons-is-layout-flex\">\n<div class=\"wp-block-button\"><a class=\"wp-block-button__link has-orange-background-color has-background has-large-font-size has-text-align-center has-custom-font-size wp-element-button\" href=\"https:\/\/drive.google.com\/file\/d\/1dyZzkFH-n8FAOkrAnAfegV5iO9A4F9lR\/view?usp=sharing\" target=\"_blank\" rel=\"noreferrer noopener\"><strong>Proposition de d\u00e9roul\u00e9<\/strong><\/a><\/div>\n<\/div>\n<\/div>\n<\/div>\n\n\n\n<p><\/p>\n","protected":false},"excerpt":{"rendered":"<p>Pri\u00e8re pour la paix du rabbin Nachman de Breslov<\/p>\n","protected":false},"author":1,"featured_media":82507,"comment_status":"open","ping_status":"open","sticky":false,"template":"","format":"standard","meta":{"_acf_changed":false,"footnotes":""},"categories":[149,50],"tags":[],"class_list":["post-82504","post","type-post","status-publish","format-standard","has-post-thumbnail","hentry","category-non-classifiee","category-offices-pour-lunite-en-lien-avec-le-peuple-juif-fr"],"acf":[],"yoast_head":"<!-- This site is optimized with the Yoast SEO plugin v27.5 - https:\/\/yoast.com\/product\/yoast-seo-wordpress\/ -->\n<title>Office de pri\u00e8re en lien avec le peuple juif du jeudi 7 mai 2026 - Chemin Neuf Belgique<\/title>\n<meta name=\"description\" content=\"Pri\u00e8re pour la paix du rabbin Nachman de Breslov\" \/>\n<meta name=\"robots\" content=\"index, follow, max-snippet:-1, max-image-preview:large, max-video-preview:-1\" \/>\n<link rel=\"canonical\" href=\"https:\/\/www.chemin-neuf.be\/fr\/office-de-priere-en-lien-avec-le-peuple-juif-du-jeudi-7-mai-2026\/\" \/>\n<meta property=\"og:locale\" content=\"fr_FR\" \/>\n<meta property=\"og:type\" content=\"article\" \/>\n<meta property=\"og:title\" content=\"Office de pri\u00e8re en lien avec le peuple juif du jeudi 7 mai 2026 - Chemin Neuf Belgique\" \/>\n<meta property=\"og:description\" content=\"Pri\u00e8re pour la paix du rabbin Nachman de Breslov\" \/>\n<meta property=\"og:url\" content=\"https:\/\/www.chemin-neuf.be\/fr\/office-de-priere-en-lien-avec-le-peuple-juif-du-jeudi-7-mai-2026\/\" \/>\n<meta property=\"og:site_name\" content=\"Chemin Neuf Belgique\" \/>\n<meta property=\"article:published_time\" content=\"2026-04-29T15:25:56+00:00\" \/>\n<meta property=\"article:modified_time\" content=\"2026-04-29T15:48:03+00:00\" \/>\n<meta name=\"author\" content=\"adminCCN\" \/>\n<meta name=\"twitter:card\" content=\"summary_large_image\" \/>\n<meta name=\"twitter:label1\" content=\"\u00c9crit par\" \/>\n\t<meta name=\"twitter:data1\" content=\"adminCCN\" \/>\n\t<meta name=\"twitter:label2\" content=\"Dur\u00e9e de lecture est.\" \/>\n\t<meta name=\"twitter:data2\" content=\"4 minutes\" \/>\n<script type=\"application\/ld+json\" class=\"yoast-schema-graph\">{\"@context\":\"https:\\\/\\\/schema.org\",\"@graph\":[{\"@type\":\"Article\",\"@id\":\"https:\\\/\\\/www.chemin-neuf.be\\\/fr\\\/office-de-priere-en-lien-avec-le-peuple-juif-du-jeudi-7-mai-2026\\\/#article\",\"isPartOf\":{\"@id\":\"https:\\\/\\\/www.chemin-neuf.be\\\/fr\\\/office-de-priere-en-lien-avec-le-peuple-juif-du-jeudi-7-mai-2026\\\/\"},\"author\":{\"name\":\"adminCCN\",\"@id\":\"https:\\\/\\\/www.chemin-neuf.be\\\/fr\\\/#\\\/schema\\\/person\\\/dbc5bb8de9c07e1728535c32a94f0692\"},\"headline\":\"Office de pri\u00e8re en lien avec le peuple juif du jeudi 7 mai 2026\",\"datePublished\":\"2026-04-29T15:25:56+00:00\",\"dateModified\":\"2026-04-29T15:48:03+00:00\",\"mainEntityOfPage\":{\"@id\":\"https:\\\/\\\/www.chemin-neuf.be\\\/fr\\\/office-de-priere-en-lien-avec-le-peuple-juif-du-jeudi-7-mai-2026\\\/\"},\"wordCount\":896,\"commentCount\":0,\"image\":{\"@id\":\"https:\\\/\\\/www.chemin-neuf.be\\\/fr\\\/office-de-priere-en-lien-avec-le-peuple-juif-du-jeudi-7-mai-2026\\\/#primaryimage\"},\"thumbnailUrl\":\"https:\\\/\\\/www.chemin-neuf.be\\\/wp-content\\\/uploads\\\/2026\\\/04\\\/httpsdam.chemin-neuf.netwp-contentuploads202511httpswww.chemin-neuf.org_.ukwp-contentuploads202110torah-4299038_1280.jpg\",\"articleSection\":[\"non-classifiee\",\"Offices pour l\u2019unit\u00e9 en lien avec le peuple juif\"],\"inLanguage\":\"fr-BE\",\"potentialAction\":[{\"@type\":\"CommentAction\",\"name\":\"Comment\",\"target\":[\"https:\\\/\\\/www.chemin-neuf.be\\\/fr\\\/office-de-priere-en-lien-avec-le-peuple-juif-du-jeudi-7-mai-2026\\\/#respond\"]}]},{\"@type\":\"WebPage\",\"@id\":\"https:\\\/\\\/www.chemin-neuf.be\\\/fr\\\/office-de-priere-en-lien-avec-le-peuple-juif-du-jeudi-7-mai-2026\\\/\",\"url\":\"https:\\\/\\\/www.chemin-neuf.be\\\/fr\\\/office-de-priere-en-lien-avec-le-peuple-juif-du-jeudi-7-mai-2026\\\/\",\"name\":\"Office de pri\u00e8re en lien avec le peuple juif du jeudi 7 mai 2026 - Chemin Neuf Belgique\",\"isPartOf\":{\"@id\":\"https:\\\/\\\/www.chemin-neuf.be\\\/fr\\\/#website\"},\"primaryImageOfPage\":{\"@id\":\"https:\\\/\\\/www.chemin-neuf.be\\\/fr\\\/office-de-priere-en-lien-avec-le-peuple-juif-du-jeudi-7-mai-2026\\\/#primaryimage\"},\"image\":{\"@id\":\"https:\\\/\\\/www.chemin-neuf.be\\\/fr\\\/office-de-priere-en-lien-avec-le-peuple-juif-du-jeudi-7-mai-2026\\\/#primaryimage\"},\"thumbnailUrl\":\"https:\\\/\\\/www.chemin-neuf.be\\\/wp-content\\\/uploads\\\/2026\\\/04\\\/httpsdam.chemin-neuf.netwp-contentuploads202511httpswww.chemin-neuf.org_.ukwp-contentuploads202110torah-4299038_1280.jpg\",\"datePublished\":\"2026-04-29T15:25:56+00:00\",\"dateModified\":\"2026-04-29T15:48:03+00:00\",\"author\":{\"@id\":\"https:\\\/\\\/www.chemin-neuf.be\\\/fr\\\/#\\\/schema\\\/person\\\/dbc5bb8de9c07e1728535c32a94f0692\"},\"description\":\"Pri\u00e8re pour la paix du rabbin Nachman de Breslov\",\"breadcrumb\":{\"@id\":\"https:\\\/\\\/www.chemin-neuf.be\\\/fr\\\/office-de-priere-en-lien-avec-le-peuple-juif-du-jeudi-7-mai-2026\\\/#breadcrumb\"},\"inLanguage\":\"fr-BE\",\"potentialAction\":[{\"@type\":\"ReadAction\",\"target\":[\"https:\\\/\\\/www.chemin-neuf.be\\\/fr\\\/office-de-priere-en-lien-avec-le-peuple-juif-du-jeudi-7-mai-2026\\\/\"]}]},{\"@type\":\"ImageObject\",\"inLanguage\":\"fr-BE\",\"@id\":\"https:\\\/\\\/www.chemin-neuf.be\\\/fr\\\/office-de-priere-en-lien-avec-le-peuple-juif-du-jeudi-7-mai-2026\\\/#primaryimage\",\"url\":\"https:\\\/\\\/www.chemin-neuf.be\\\/wp-content\\\/uploads\\\/2026\\\/04\\\/httpsdam.chemin-neuf.netwp-contentuploads202511httpswww.chemin-neuf.org_.ukwp-contentuploads202110torah-4299038_1280.jpg\",\"contentUrl\":\"https:\\\/\\\/www.chemin-neuf.be\\\/wp-content\\\/uploads\\\/2026\\\/04\\\/httpsdam.chemin-neuf.netwp-contentuploads202511httpswww.chemin-neuf.org_.ukwp-contentuploads202110torah-4299038_1280.jpg\",\"width\":1280,\"height\":853},{\"@type\":\"BreadcrumbList\",\"@id\":\"https:\\\/\\\/www.chemin-neuf.be\\\/fr\\\/office-de-priere-en-lien-avec-le-peuple-juif-du-jeudi-7-mai-2026\\\/#breadcrumb\",\"itemListElement\":[{\"@type\":\"ListItem\",\"position\":1,\"name\":\"Home\",\"item\":\"https:\\\/\\\/www.chemin-neuf.be\\\/fr\\\/\"},{\"@type\":\"ListItem\",\"position\":2,\"name\":\"Office de pri\u00e8re en lien avec le peuple juif du jeudi 7 mai 2026\"}]},{\"@type\":\"WebSite\",\"@id\":\"https:\\\/\\\/www.chemin-neuf.be\\\/fr\\\/#website\",\"url\":\"https:\\\/\\\/www.chemin-neuf.be\\\/fr\\\/\",\"name\":\"Chemin Neuf Belgique\",\"description\":\"Communaut\u00e9 du Chemin Neuf en Belgique\",\"potentialAction\":[{\"@type\":\"SearchAction\",\"target\":{\"@type\":\"EntryPoint\",\"urlTemplate\":\"https:\\\/\\\/www.chemin-neuf.be\\\/fr\\\/?s={search_term_string}\"},\"query-input\":{\"@type\":\"PropertyValueSpecification\",\"valueRequired\":true,\"valueName\":\"search_term_string\"}}],\"inLanguage\":\"fr-BE\"},{\"@type\":\"Person\",\"@id\":\"https:\\\/\\\/www.chemin-neuf.be\\\/fr\\\/#\\\/schema\\\/person\\\/dbc5bb8de9c07e1728535c32a94f0692\",\"name\":\"adminCCN\",\"image\":{\"@type\":\"ImageObject\",\"inLanguage\":\"fr-BE\",\"@id\":\"https:\\\/\\\/secure.gravatar.com\\\/avatar\\\/87c9485d85e005be0f711778f5d5b8ea68d63bcbf73b1f7b969e7e9c9d9db96f?s=96&d=mm&r=g\",\"url\":\"https:\\\/\\\/secure.gravatar.com\\\/avatar\\\/87c9485d85e005be0f711778f5d5b8ea68d63bcbf73b1f7b969e7e9c9d9db96f?s=96&d=mm&r=g\",\"contentUrl\":\"https:\\\/\\\/secure.gravatar.com\\\/avatar\\\/87c9485d85e005be0f711778f5d5b8ea68d63bcbf73b1f7b969e7e9c9d9db96f?s=96&d=mm&r=g\",\"caption\":\"adminCCN\"},\"sameAs\":[\"https:\\\/\\\/www.chemin-neuf.be\"]}]}<\/script>\n<!-- \/ Yoast SEO plugin. -->","yoast_head_json":{"title":"Office de pri\u00e8re en lien avec le peuple juif du jeudi 7 mai 2026 - Chemin Neuf Belgique","description":"Pri\u00e8re pour la paix du rabbin Nachman de Breslov","robots":{"index":"index","follow":"follow","max-snippet":"max-snippet:-1","max-image-preview":"max-image-preview:large","max-video-preview":"max-video-preview:-1"},"canonical":"https:\/\/www.chemin-neuf.be\/fr\/office-de-priere-en-lien-avec-le-peuple-juif-du-jeudi-7-mai-2026\/","og_locale":"fr_FR","og_type":"article","og_title":"Office de pri\u00e8re en lien avec le peuple juif du jeudi 7 mai 2026 - Chemin Neuf Belgique","og_description":"Pri\u00e8re pour la paix du rabbin Nachman de Breslov","og_url":"https:\/\/www.chemin-neuf.be\/fr\/office-de-priere-en-lien-avec-le-peuple-juif-du-jeudi-7-mai-2026\/","og_site_name":"Chemin Neuf Belgique","article_published_time":"2026-04-29T15:25:56+00:00","article_modified_time":"2026-04-29T15:48:03+00:00","author":"adminCCN","twitter_card":"summary_large_image","twitter_misc":{"\u00c9crit par":"adminCCN","Dur\u00e9e de lecture est.":"4 minutes"},"schema":{"@context":"https:\/\/schema.org","@graph":[{"@type":"Article","@id":"https:\/\/www.chemin-neuf.be\/fr\/office-de-priere-en-lien-avec-le-peuple-juif-du-jeudi-7-mai-2026\/#article","isPartOf":{"@id":"https:\/\/www.chemin-neuf.be\/fr\/office-de-priere-en-lien-avec-le-peuple-juif-du-jeudi-7-mai-2026\/"},"author":{"name":"adminCCN","@id":"https:\/\/www.chemin-neuf.be\/fr\/#\/schema\/person\/dbc5bb8de9c07e1728535c32a94f0692"},"headline":"Office de pri\u00e8re en lien avec le peuple juif du jeudi 7 mai 2026","datePublished":"2026-04-29T15:25:56+00:00","dateModified":"2026-04-29T15:48:03+00:00","mainEntityOfPage":{"@id":"https:\/\/www.chemin-neuf.be\/fr\/office-de-priere-en-lien-avec-le-peuple-juif-du-jeudi-7-mai-2026\/"},"wordCount":896,"commentCount":0,"image":{"@id":"https:\/\/www.chemin-neuf.be\/fr\/office-de-priere-en-lien-avec-le-peuple-juif-du-jeudi-7-mai-2026\/#primaryimage"},"thumbnailUrl":"https:\/\/www.chemin-neuf.be\/wp-content\/uploads\/2026\/04\/httpsdam.chemin-neuf.netwp-contentuploads202511httpswww.chemin-neuf.org_.ukwp-contentuploads202110torah-4299038_1280.jpg","articleSection":["non-classifiee","Offices pour l\u2019unit\u00e9 en lien avec le peuple juif"],"inLanguage":"fr-BE","potentialAction":[{"@type":"CommentAction","name":"Comment","target":["https:\/\/www.chemin-neuf.be\/fr\/office-de-priere-en-lien-avec-le-peuple-juif-du-jeudi-7-mai-2026\/#respond"]}]},{"@type":"WebPage","@id":"https:\/\/www.chemin-neuf.be\/fr\/office-de-priere-en-lien-avec-le-peuple-juif-du-jeudi-7-mai-2026\/","url":"https:\/\/www.chemin-neuf.be\/fr\/office-de-priere-en-lien-avec-le-peuple-juif-du-jeudi-7-mai-2026\/","name":"Office de pri\u00e8re en lien avec le peuple juif du jeudi 7 mai 2026 - Chemin Neuf Belgique","isPartOf":{"@id":"https:\/\/www.chemin-neuf.be\/fr\/#website"},"primaryImageOfPage":{"@id":"https:\/\/www.chemin-neuf.be\/fr\/office-de-priere-en-lien-avec-le-peuple-juif-du-jeudi-7-mai-2026\/#primaryimage"},"image":{"@id":"https:\/\/www.chemin-neuf.be\/fr\/office-de-priere-en-lien-avec-le-peuple-juif-du-jeudi-7-mai-2026\/#primaryimage"},"thumbnailUrl":"https:\/\/www.chemin-neuf.be\/wp-content\/uploads\/2026\/04\/httpsdam.chemin-neuf.netwp-contentuploads202511httpswww.chemin-neuf.org_.ukwp-contentuploads202110torah-4299038_1280.jpg","datePublished":"2026-04-29T15:25:56+00:00","dateModified":"2026-04-29T15:48:03+00:00","author":{"@id":"https:\/\/www.chemin-neuf.be\/fr\/#\/schema\/person\/dbc5bb8de9c07e1728535c32a94f0692"},"description":"Pri\u00e8re pour la paix du rabbin Nachman de Breslov","breadcrumb":{"@id":"https:\/\/www.chemin-neuf.be\/fr\/office-de-priere-en-lien-avec-le-peuple-juif-du-jeudi-7-mai-2026\/#breadcrumb"},"inLanguage":"fr-BE","potentialAction":[{"@type":"ReadAction","target":["https:\/\/www.chemin-neuf.be\/fr\/office-de-priere-en-lien-avec-le-peuple-juif-du-jeudi-7-mai-2026\/"]}]},{"@type":"ImageObject","inLanguage":"fr-BE","@id":"https:\/\/www.chemin-neuf.be\/fr\/office-de-priere-en-lien-avec-le-peuple-juif-du-jeudi-7-mai-2026\/#primaryimage","url":"https:\/\/www.chemin-neuf.be\/wp-content\/uploads\/2026\/04\/httpsdam.chemin-neuf.netwp-contentuploads202511httpswww.chemin-neuf.org_.ukwp-contentuploads202110torah-4299038_1280.jpg","contentUrl":"https:\/\/www.chemin-neuf.be\/wp-content\/uploads\/2026\/04\/httpsdam.chemin-neuf.netwp-contentuploads202511httpswww.chemin-neuf.org_.ukwp-contentuploads202110torah-4299038_1280.jpg","width":1280,"height":853},{"@type":"BreadcrumbList","@id":"https:\/\/www.chemin-neuf.be\/fr\/office-de-priere-en-lien-avec-le-peuple-juif-du-jeudi-7-mai-2026\/#breadcrumb","itemListElement":[{"@type":"ListItem","position":1,"name":"Home","item":"https:\/\/www.chemin-neuf.be\/fr\/"},{"@type":"ListItem","position":2,"name":"Office de pri\u00e8re en lien avec le peuple juif du jeudi 7 mai 2026"}]},{"@type":"WebSite","@id":"https:\/\/www.chemin-neuf.be\/fr\/#website","url":"https:\/\/www.chemin-neuf.be\/fr\/","name":"Chemin Neuf Belgique","description":"Communaut\u00e9 du Chemin Neuf en Belgique","potentialAction":[{"@type":"SearchAction","target":{"@type":"EntryPoint","urlTemplate":"https:\/\/www.chemin-neuf.be\/fr\/?s={search_term_string}"},"query-input":{"@type":"PropertyValueSpecification","valueRequired":true,"valueName":"search_term_string"}}],"inLanguage":"fr-BE"},{"@type":"Person","@id":"https:\/\/www.chemin-neuf.be\/fr\/#\/schema\/person\/dbc5bb8de9c07e1728535c32a94f0692","name":"adminCCN","image":{"@type":"ImageObject","inLanguage":"fr-BE","@id":"https:\/\/secure.gravatar.com\/avatar\/87c9485d85e005be0f711778f5d5b8ea68d63bcbf73b1f7b969e7e9c9d9db96f?s=96&d=mm&r=g","url":"https:\/\/secure.gravatar.com\/avatar\/87c9485d85e005be0f711778f5d5b8ea68d63bcbf73b1f7b969e7e9c9d9db96f?s=96&d=mm&r=g","contentUrl":"https:\/\/secure.gravatar.com\/avatar\/87c9485d85e005be0f711778f5d5b8ea68d63bcbf73b1f7b969e7e9c9d9db96f?s=96&d=mm&r=g","caption":"adminCCN"},"sameAs":["https:\/\/www.chemin-neuf.be"]}]}},"_links":{"self":[{"href":"https:\/\/www.chemin-neuf.be\/fr\/wp-json\/wp\/v2\/posts\/82504","targetHints":{"allow":["GET"]}}],"collection":[{"href":"https:\/\/www.chemin-neuf.be\/fr\/wp-json\/wp\/v2\/posts"}],"about":[{"href":"https:\/\/www.chemin-neuf.be\/fr\/wp-json\/wp\/v2\/types\/post"}],"author":[{"embeddable":true,"href":"https:\/\/www.chemin-neuf.be\/fr\/wp-json\/wp\/v2\/users\/1"}],"replies":[{"embeddable":true,"href":"https:\/\/www.chemin-neuf.be\/fr\/wp-json\/wp\/v2\/comments?post=82504"}],"version-history":[{"count":1,"href":"https:\/\/www.chemin-neuf.be\/fr\/wp-json\/wp\/v2\/posts\/82504\/revisions"}],"predecessor-version":[{"id":82506,"href":"https:\/\/www.chemin-neuf.be\/fr\/wp-json\/wp\/v2\/posts\/82504\/revisions\/82506"}],"wp:featuredmedia":[{"embeddable":true,"href":"https:\/\/www.chemin-neuf.be\/fr\/wp-json\/wp\/v2\/media\/82507"}],"wp:attachment":[{"href":"https:\/\/www.chemin-neuf.be\/fr\/wp-json\/wp\/v2\/media?parent=82504"}],"wp:term":[{"taxonomy":"category","embeddable":true,"href":"https:\/\/www.chemin-neuf.be\/fr\/wp-json\/wp\/v2\/categories?post=82504"},{"taxonomy":"post_tag","embeddable":true,"href":"https:\/\/www.chemin-neuf.be\/fr\/wp-json\/wp\/v2\/tags?post=82504"}],"curies":[{"name":"wp","href":"https:\/\/api.w.org\/{rel}","templated":true}]}}