{"id":82125,"date":"2026-04-25T11:57:12","date_gmt":"2026-04-25T09:57:12","guid":{"rendered":"https:\/\/www.chemin-neuf.be\/office-pour-lunite-du-jeudi-30-avril-2026\/"},"modified":"2026-04-25T12:28:05","modified_gmt":"2026-04-25T10:28:05","slug":"office-pour-lunite-du-jeudi-30-avril-2026","status":"publish","type":"post","link":"https:\/\/www.chemin-neuf.be\/fr\/office-pour-lunite-du-jeudi-30-avril-2026\/","title":{"rendered":"Office pour l&rsquo;Unit\u00e9 du jeudi 30 avril 2026"},"content":{"rendered":"\n<p class=\"has-white-background-color has-background\"><em>Cette semaine, l\u2019office a \u00e9t\u00e9 pr\u00e9par\u00e9 par les fr\u00e8res et s\u0153urs de la communaut\u00e9 du Chemin Neuf en Allemagne<\/em><\/p>\n\n\n\n<h2 class=\"wp-block-heading has-text-align-center has-orange-background-color has-background\"><strong>Texte de m\u00e9ditation<\/strong><\/h2>\n\n\n\n<p class=\"has-text-align-center has-gray-background-color has-background\"><strong><u><strong><strong><u><strong><u>Laisse ton lion reposer avec ton agneau<\/u><\/strong><\/u><\/strong><\/strong><\/u><\/strong><br><em>Extrait de \u00ab La voix int\u00e9rieure de l&rsquo;amour \u00bb d&rsquo;Henri J.M. Nouwen<\/em><\/p>\n\n\n\n<div class=\"wp-block-columns is-layout-flex wp-container-core-columns-is-layout-9d6595d7 wp-block-columns-is-layout-flex\">\n<div class=\"wp-block-column is-layout-flow wp-block-column-is-layout-flow\">\n<p class=\"has-beige-background-color has-background\" style=\"line-height:2\">Il y a en toi un agneau et un lion. La maturit\u00e9 spirituelle te permet de laisser l&rsquo;agneau et le lion cohabiter. Ton lion, c&rsquo;est ton moi adulte, autonome et combatif. C&rsquo;est ton moi qui prend des initiatives et qui prend des d\u00e9cisions. Mais il y a aussi un agneau timide et vuln\u00e9rable, c&rsquo;est-\u00e0-dire la partie de toi qui a besoin d&rsquo;affection, de soutien, de reconnaissance, d&rsquo;attention et de nourriture.<br>Si tu ne t&rsquo;occupes que de ton lion, tu te surm\u00e8neras et tu seras bient\u00f4t \u00e9puis\u00e9. Et si tu ne t&rsquo;occupes que de ton agneau, tu seras bient\u00f4t victime de ton besoin de plaire aux autres et de les impressionner. L&rsquo;art de la vie spirituelle consiste \u00e0 tenir compte sans r\u00e9serve des deux : de ton lion et de ton agneau. Ainsi, tu peux agir avec assurance et d\u00e9termination sans mettre tes propres besoins de c\u00f4t\u00e9. Et ainsi, tu peux demander de l&rsquo;affection et de l&rsquo;attention sans sacrifier ton talent de leader.<br>D\u00e9velopper ton identit\u00e9 d\u2019enfant de Dieu ne signifie en aucun cas renoncer \u00e0 tes responsabilit\u00e9s. De m\u00eame, le fait d\u2019assumer ton moi adulte et autonome ne signifie pas que tu ne puisses pas devenir de plus en plus profond\u00e9ment un enfant de Dieu. Plus tu te sentiras en s\u00e9curit\u00e9 et en paix en tant qu\u2019enfant de Dieu, plus tu seras libre d\u2019accomplir ta mission dans ce monde en tant qu\u2019\u00eatre humain responsable. Et plus tu affirmes que Dieu t\u2019a confi\u00e9 une mission qui t\u2019appartient et que tu dois accomplir, plus tu seras ouvert et libre de r\u00e9aliser ce d\u00e9sir profond. Le royaume de Dieu et de paix que J\u00e9sus est venu \u00e9tablir commence lorsque ton lion et ton agneau reposent ensemble, sans crainte et en toute libert\u00e9.<\/p>\n<\/div>\n<\/div>\n\n\n\n<h2 class=\"wp-block-heading has-text-align-center has-orange-background-color has-background\"><strong>Intercessions<\/strong><\/h2>\n\n\n\n<p class=\"has-text-align-center\"><em>A adapter ou modifier selon les lieux et les circonstances<\/em><\/p>\n\n\n\n<div class=\"wp-block-columns alignwide are-vertically-aligned-top has-beige-background-color has-background is-layout-flex wp-container-core-columns-is-layout-9d6595d7 wp-block-columns-is-layout-flex\">\n<div class=\"wp-block-column is-vertically-aligned-top is-layout-flow wp-block-column-is-layout-flow\">\n<p class=\"has-white-background-color has-background\">Depuis des ann\u00e9es, le festival de P\u00e2ques, qui rassemble plus de 80 jeunes venus de toute l&rsquo;Allemagne \u00e0 la paroisse universitaire de Bonn, est un lieu de communion et de fraternit\u00e9. Il fortifie dans la foi la g\u00e9n\u00e9ration Z, d\u00e9stabilis\u00e9e par les crises mondiales, et l&rsquo;encourage \u00e0 oser faire des pas concrets \u00e0 la suite du Christ.<br><br><strong><strong><em><strong><em><em><strong><em>Seigneur, nous te rendons gr\u00e2ce pour les nombreux bapt\u00eames et confirmations qui, ici et dans le monde entier, t\u00e9moignent en cette f\u00eate de P\u00e2ques du d\u00e9sir que tu inspires aux jeunes comme aux personnes plus \u00e2g\u00e9es.<\/em><\/strong><\/em><\/em><\/strong><\/em><\/strong><\/strong><br><em><strong>Nous te prions de continuer \u00e0 accompagner chacun et chacune \u00e0 travers ton \u00c9glise et de leur montrer une place au sein de celle-ci o\u00f9 ils pourront grandir et rendre t\u00e9moignage de ta mis\u00e9ricorde.<\/strong><\/em><\/p>\n<\/div>\n\n\n\n<div class=\"wp-block-column is-vertically-aligned-top is-layout-flow wp-block-column-is-layout-flow\">\n<p class=\"has-white-background-color has-background\">Les 5 et 6 juin 2026, le dioc\u00e8se de Cologne organise \u00e0 nouveau un grand congr\u00e8s de la foi appel\u00e9 \u00ab\u00a0Kommt und seht\u00a0\u00bb, \u00ab\u00a0Venez et Voyez\u00a0\u00bb. Le congr\u00e8s d\u00e9butera par la procession de la F\u00eate du Saint-Sacrement \u00e0 la cath\u00e9drale de Cologne.<br><br><strong><strong><em><strong><em><em><strong><em>Nous te demandons d&rsquo;ouvrir les c\u0153urs et les oreilles dans le dialogue, tant entre serviteurs qu&rsquo;avec les participants au congr\u00e8s, au stand de notre Communaut\u00e9, afin de donner un signe visible de ta pri\u00e8re\u00a0: \u00ab\u00a0Que tous soient un, afin que le monde croie que tu m&rsquo;as envoy\u00e9\u00a0\u00bb (Jn 17, 21).<\/em><\/strong><\/em><\/em><\/strong><\/em><\/strong><\/strong><br><br><br><br><br><\/p>\n<\/div>\n<\/div>\n\n\n\n<div class=\"wp-block-columns alignwide are-vertically-aligned-top has-beige-background-color has-background is-layout-flex wp-container-core-columns-is-layout-9d6595d7 wp-block-columns-is-layout-flex\">\n<div class=\"wp-block-column is-vertically-aligned-top is-layout-flow wp-block-column-is-layout-flow\">\n<p class=\"has-white-background-color has-background\">Les guerres et les crises \u00e0 travers le monde ont contraint de nombreuses personnes d&rsquo;autres cultures, langues et religions \u00e0 fuir vers l&rsquo;Allemagne. Elles vivent souvent dans des conditions tr\u00e8s pr\u00e9caires, au c\u0153ur m\u00eame de ce pays riche.<br><br><strong><strong><em><strong><em><strong><em><em><strong><em>Nous te prions pour tous les gouvernements, afin qu\u2019ils aient la volont\u00e9 d\u2019int\u00e9grer les personnes en qu\u00eate d\u2019asile et le courage d\u2019emprunter de nouvelles voies de cohabitation. Fais que tous contribuent \u00e0 b\u00e2tir un avenir o\u00f9 la richesse des peuples te rende gloire, toi, le Cr\u00e9ateur.<\/em><\/strong><\/em><\/em><\/strong><\/em><\/strong><\/em><\/strong><\/strong><\/p>\n<\/div>\n<\/div>\n\n\n\n<h2 class=\"wp-block-heading has-text-align-center has-orange-background-color has-background\"><strong>Pri\u00e8re pour l&rsquo;unit\u00e9 des Chr\u00e9tiens<\/strong><\/h2>\n\n\n\n<p class=\"has-text-align-left has-beige-background-color has-background\">Seigneur J\u00e9sus,<br>Qui as pri\u00e9 pour que tous soient un,<br>Nous te prions pour l\u2019unit\u00e9 des chr\u00e9tiens,<br>Telle que tu la veux,<br>Par les moyens que tu veux.<br>Que ton Esprit nous donne d\u2019\u00e9prouver la souffrance de la s\u00e9paration,<br>De voir notre p\u00e9ch\u00e9,<br>Et d\u2019esp\u00e9rer au-del\u00e0 de toute esp\u00e9rance.<br>Amen !<\/p>\n\n\n\n<p class=\"has-text-align-right has-beige-background-color has-background\"><em>(Pri\u00e8re compos\u00e9e par des membres de la Communaut\u00e9 du Chemin Neuf,<\/em><br><em>\u00e0 partir d\u2019une pri\u00e8re du p\u00e8re Paul Couturier)<\/em><\/p>\n\n\n\n<div class=\"wp-block-buttons alignwide is-horizontal is-content-justification-center is-layout-flex wp-container-core-buttons-is-layout-499968f5 wp-block-buttons-is-layout-flex\">\n<div class=\"wp-block-button\"><a class=\"wp-block-button__link has-orange-background-color has-background has-large-font-size has-custom-font-size wp-element-button\" href=\"https:\/\/drive.google.com\/file\/d\/1DvEqQcfgQdWKtrI8vq1h2mbxjwUbUERW\/view?usp=sharing\" target=\"_blank\" rel=\"noreferrer noopener\">T\u00e9l\u00e9charger l&rsquo;office de pri\u00e8re<\/a><\/div>\n<\/div>\n\n\n\n<div class=\"wp-block-buttons alignwide is-horizontal is-content-justification-center is-layout-flex wp-container-core-buttons-is-layout-499968f5 wp-block-buttons-is-layout-flex\">\n<div class=\"wp-block-button\"><a class=\"wp-block-button__link has-orange-background-color has-background has-large-font-size has-custom-font-size wp-element-button\" href=\"https:\/\/drive.google.com\/file\/d\/1eIeGwshzQCT4wmLXL_7laulCaTc98lMM\/view?usp=sharing\" target=\"_blank\" rel=\"noreferrer noopener\">Proposition de d\u00e9roul\u00e9 de l&rsquo;office<\/a><\/div>\n<\/div>\n\n\n\n<p><\/p>\n","protected":false},"excerpt":{"rendered":"<p>Laisse ton lion reposer avec ton agneau, Henri J.M. Nouwen<\/p>\n","protected":false},"author":1,"featured_media":82127,"comment_status":"open","ping_status":"open","sticky":false,"template":"","format":"standard","meta":{"_acf_changed":false,"footnotes":""},"categories":[149,49],"tags":[],"class_list":["post-82125","post","type-post","status-publish","format-standard","has-post-thumbnail","hentry","category-non-classifiee","category-offices-pour-lunite-fr"],"acf":[],"yoast_head":"<!-- This site is optimized with the Yoast SEO plugin v27.5 - https:\/\/yoast.com\/product\/yoast-seo-wordpress\/ -->\n<title>Office pour l&#039;Unit\u00e9 du jeudi 30 avril 2026 - Chemin Neuf Belgique<\/title>\n<meta name=\"description\" content=\"Laisse ton lion reposer avec ton agneau, Henri J.M. Nouwen\" \/>\n<meta name=\"robots\" content=\"index, follow, max-snippet:-1, max-image-preview:large, max-video-preview:-1\" \/>\n<link rel=\"canonical\" href=\"https:\/\/www.chemin-neuf.be\/fr\/office-pour-lunite-du-jeudi-30-avril-2026\/\" \/>\n<meta property=\"og:locale\" content=\"fr_FR\" \/>\n<meta property=\"og:type\" content=\"article\" \/>\n<meta property=\"og:title\" content=\"Office pour l&#039;Unit\u00e9 du jeudi 30 avril 2026 - Chemin Neuf Belgique\" \/>\n<meta property=\"og:description\" content=\"Laisse ton lion reposer avec ton agneau, Henri J.M. Nouwen\" \/>\n<meta property=\"og:url\" content=\"https:\/\/www.chemin-neuf.be\/fr\/office-pour-lunite-du-jeudi-30-avril-2026\/\" \/>\n<meta property=\"og:site_name\" content=\"Chemin Neuf Belgique\" \/>\n<meta property=\"article:published_time\" content=\"2026-04-25T09:57:12+00:00\" \/>\n<meta property=\"article:modified_time\" content=\"2026-04-25T10:28:05+00:00\" \/>\n<meta property=\"og:image\" content=\"https:\/\/www.chemin-neuf.be\/wp-content\/uploads\/2026\/04\/httpsdam.chemin-neuf.netwp-contentuploads202604DSCF2223-scaled-1.jpg\" \/>\n\t<meta property=\"og:image:width\" content=\"2560\" \/>\n\t<meta property=\"og:image:height\" content=\"1281\" \/>\n\t<meta property=\"og:image:type\" content=\"image\/jpeg\" \/>\n<meta name=\"author\" content=\"adminCCN\" \/>\n<meta name=\"twitter:card\" content=\"summary_large_image\" \/>\n<meta name=\"twitter:label1\" content=\"\u00c9crit par\" \/>\n\t<meta name=\"twitter:data1\" content=\"adminCCN\" \/>\n\t<meta name=\"twitter:label2\" content=\"Dur\u00e9e de lecture est.\" \/>\n\t<meta name=\"twitter:data2\" content=\"4 minutes\" \/>\n<script type=\"application\/ld+json\" class=\"yoast-schema-graph\">{\"@context\":\"https:\\\/\\\/schema.org\",\"@graph\":[{\"@type\":\"Article\",\"@id\":\"https:\\\/\\\/www.chemin-neuf.be\\\/fr\\\/office-pour-lunite-du-jeudi-30-avril-2026\\\/#article\",\"isPartOf\":{\"@id\":\"https:\\\/\\\/www.chemin-neuf.be\\\/fr\\\/office-pour-lunite-du-jeudi-30-avril-2026\\\/\"},\"author\":{\"name\":\"adminCCN\",\"@id\":\"https:\\\/\\\/www.chemin-neuf.be\\\/fr\\\/#\\\/schema\\\/person\\\/dbc5bb8de9c07e1728535c32a94f0692\"},\"headline\":\"Office pour l&rsquo;Unit\u00e9 du jeudi 30 avril 2026\",\"datePublished\":\"2026-04-25T09:57:12+00:00\",\"dateModified\":\"2026-04-25T10:28:05+00:00\",\"mainEntityOfPage\":{\"@id\":\"https:\\\/\\\/www.chemin-neuf.be\\\/fr\\\/office-pour-lunite-du-jeudi-30-avril-2026\\\/\"},\"wordCount\":822,\"commentCount\":0,\"image\":{\"@id\":\"https:\\\/\\\/www.chemin-neuf.be\\\/fr\\\/office-pour-lunite-du-jeudi-30-avril-2026\\\/#primaryimage\"},\"thumbnailUrl\":\"https:\\\/\\\/www.chemin-neuf.be\\\/wp-content\\\/uploads\\\/2026\\\/04\\\/httpsdam.chemin-neuf.netwp-contentuploads202604DSCF2223-scaled-1.jpg\",\"articleSection\":[\"non-classifiee\",\"Offices pour l\u2019unit\u00e9\"],\"inLanguage\":\"fr-BE\",\"potentialAction\":[{\"@type\":\"CommentAction\",\"name\":\"Comment\",\"target\":[\"https:\\\/\\\/www.chemin-neuf.be\\\/fr\\\/office-pour-lunite-du-jeudi-30-avril-2026\\\/#respond\"]}]},{\"@type\":\"WebPage\",\"@id\":\"https:\\\/\\\/www.chemin-neuf.be\\\/fr\\\/office-pour-lunite-du-jeudi-30-avril-2026\\\/\",\"url\":\"https:\\\/\\\/www.chemin-neuf.be\\\/fr\\\/office-pour-lunite-du-jeudi-30-avril-2026\\\/\",\"name\":\"Office pour l'Unit\u00e9 du jeudi 30 avril 2026 - Chemin Neuf Belgique\",\"isPartOf\":{\"@id\":\"https:\\\/\\\/www.chemin-neuf.be\\\/fr\\\/#website\"},\"primaryImageOfPage\":{\"@id\":\"https:\\\/\\\/www.chemin-neuf.be\\\/fr\\\/office-pour-lunite-du-jeudi-30-avril-2026\\\/#primaryimage\"},\"image\":{\"@id\":\"https:\\\/\\\/www.chemin-neuf.be\\\/fr\\\/office-pour-lunite-du-jeudi-30-avril-2026\\\/#primaryimage\"},\"thumbnailUrl\":\"https:\\\/\\\/www.chemin-neuf.be\\\/wp-content\\\/uploads\\\/2026\\\/04\\\/httpsdam.chemin-neuf.netwp-contentuploads202604DSCF2223-scaled-1.jpg\",\"datePublished\":\"2026-04-25T09:57:12+00:00\",\"dateModified\":\"2026-04-25T10:28:05+00:00\",\"author\":{\"@id\":\"https:\\\/\\\/www.chemin-neuf.be\\\/fr\\\/#\\\/schema\\\/person\\\/dbc5bb8de9c07e1728535c32a94f0692\"},\"description\":\"Laisse ton lion reposer avec ton agneau, Henri J.M. Nouwen\",\"breadcrumb\":{\"@id\":\"https:\\\/\\\/www.chemin-neuf.be\\\/fr\\\/office-pour-lunite-du-jeudi-30-avril-2026\\\/#breadcrumb\"},\"inLanguage\":\"fr-BE\",\"potentialAction\":[{\"@type\":\"ReadAction\",\"target\":[\"https:\\\/\\\/www.chemin-neuf.be\\\/fr\\\/office-pour-lunite-du-jeudi-30-avril-2026\\\/\"]}]},{\"@type\":\"ImageObject\",\"inLanguage\":\"fr-BE\",\"@id\":\"https:\\\/\\\/www.chemin-neuf.be\\\/fr\\\/office-pour-lunite-du-jeudi-30-avril-2026\\\/#primaryimage\",\"url\":\"https:\\\/\\\/www.chemin-neuf.be\\\/wp-content\\\/uploads\\\/2026\\\/04\\\/httpsdam.chemin-neuf.netwp-contentuploads202604DSCF2223-scaled-1.jpg\",\"contentUrl\":\"https:\\\/\\\/www.chemin-neuf.be\\\/wp-content\\\/uploads\\\/2026\\\/04\\\/httpsdam.chemin-neuf.netwp-contentuploads202604DSCF2223-scaled-1.jpg\",\"width\":2560,\"height\":1281},{\"@type\":\"BreadcrumbList\",\"@id\":\"https:\\\/\\\/www.chemin-neuf.be\\\/fr\\\/office-pour-lunite-du-jeudi-30-avril-2026\\\/#breadcrumb\",\"itemListElement\":[{\"@type\":\"ListItem\",\"position\":1,\"name\":\"Home\",\"item\":\"https:\\\/\\\/www.chemin-neuf.be\\\/fr\\\/\"},{\"@type\":\"ListItem\",\"position\":2,\"name\":\"Office pour l&rsquo;Unit\u00e9 du jeudi 30 avril 2026\"}]},{\"@type\":\"WebSite\",\"@id\":\"https:\\\/\\\/www.chemin-neuf.be\\\/fr\\\/#website\",\"url\":\"https:\\\/\\\/www.chemin-neuf.be\\\/fr\\\/\",\"name\":\"Chemin Neuf Belgique\",\"description\":\"Communaut\u00e9 du Chemin Neuf en Belgique\",\"potentialAction\":[{\"@type\":\"SearchAction\",\"target\":{\"@type\":\"EntryPoint\",\"urlTemplate\":\"https:\\\/\\\/www.chemin-neuf.be\\\/fr\\\/?s={search_term_string}\"},\"query-input\":{\"@type\":\"PropertyValueSpecification\",\"valueRequired\":true,\"valueName\":\"search_term_string\"}}],\"inLanguage\":\"fr-BE\"},{\"@type\":\"Person\",\"@id\":\"https:\\\/\\\/www.chemin-neuf.be\\\/fr\\\/#\\\/schema\\\/person\\\/dbc5bb8de9c07e1728535c32a94f0692\",\"name\":\"adminCCN\",\"image\":{\"@type\":\"ImageObject\",\"inLanguage\":\"fr-BE\",\"@id\":\"https:\\\/\\\/secure.gravatar.com\\\/avatar\\\/87c9485d85e005be0f711778f5d5b8ea68d63bcbf73b1f7b969e7e9c9d9db96f?s=96&d=mm&r=g\",\"url\":\"https:\\\/\\\/secure.gravatar.com\\\/avatar\\\/87c9485d85e005be0f711778f5d5b8ea68d63bcbf73b1f7b969e7e9c9d9db96f?s=96&d=mm&r=g\",\"contentUrl\":\"https:\\\/\\\/secure.gravatar.com\\\/avatar\\\/87c9485d85e005be0f711778f5d5b8ea68d63bcbf73b1f7b969e7e9c9d9db96f?s=96&d=mm&r=g\",\"caption\":\"adminCCN\"},\"sameAs\":[\"https:\\\/\\\/www.chemin-neuf.be\"]}]}<\/script>\n<!-- \/ Yoast SEO plugin. -->","yoast_head_json":{"title":"Office pour l'Unit\u00e9 du jeudi 30 avril 2026 - Chemin Neuf Belgique","description":"Laisse ton lion reposer avec ton agneau, Henri J.M. Nouwen","robots":{"index":"index","follow":"follow","max-snippet":"max-snippet:-1","max-image-preview":"max-image-preview:large","max-video-preview":"max-video-preview:-1"},"canonical":"https:\/\/www.chemin-neuf.be\/fr\/office-pour-lunite-du-jeudi-30-avril-2026\/","og_locale":"fr_FR","og_type":"article","og_title":"Office pour l'Unit\u00e9 du jeudi 30 avril 2026 - Chemin Neuf Belgique","og_description":"Laisse ton lion reposer avec ton agneau, Henri J.M. Nouwen","og_url":"https:\/\/www.chemin-neuf.be\/fr\/office-pour-lunite-du-jeudi-30-avril-2026\/","og_site_name":"Chemin Neuf Belgique","article_published_time":"2026-04-25T09:57:12+00:00","article_modified_time":"2026-04-25T10:28:05+00:00","og_image":[{"width":2560,"height":1281,"url":"https:\/\/www.chemin-neuf.be\/wp-content\/uploads\/2026\/04\/httpsdam.chemin-neuf.netwp-contentuploads202604DSCF2223-scaled-1.jpg","type":"image\/jpeg"}],"author":"adminCCN","twitter_card":"summary_large_image","twitter_misc":{"\u00c9crit par":"adminCCN","Dur\u00e9e de lecture est.":"4 minutes"},"schema":{"@context":"https:\/\/schema.org","@graph":[{"@type":"Article","@id":"https:\/\/www.chemin-neuf.be\/fr\/office-pour-lunite-du-jeudi-30-avril-2026\/#article","isPartOf":{"@id":"https:\/\/www.chemin-neuf.be\/fr\/office-pour-lunite-du-jeudi-30-avril-2026\/"},"author":{"name":"adminCCN","@id":"https:\/\/www.chemin-neuf.be\/fr\/#\/schema\/person\/dbc5bb8de9c07e1728535c32a94f0692"},"headline":"Office pour l&rsquo;Unit\u00e9 du jeudi 30 avril 2026","datePublished":"2026-04-25T09:57:12+00:00","dateModified":"2026-04-25T10:28:05+00:00","mainEntityOfPage":{"@id":"https:\/\/www.chemin-neuf.be\/fr\/office-pour-lunite-du-jeudi-30-avril-2026\/"},"wordCount":822,"commentCount":0,"image":{"@id":"https:\/\/www.chemin-neuf.be\/fr\/office-pour-lunite-du-jeudi-30-avril-2026\/#primaryimage"},"thumbnailUrl":"https:\/\/www.chemin-neuf.be\/wp-content\/uploads\/2026\/04\/httpsdam.chemin-neuf.netwp-contentuploads202604DSCF2223-scaled-1.jpg","articleSection":["non-classifiee","Offices pour l\u2019unit\u00e9"],"inLanguage":"fr-BE","potentialAction":[{"@type":"CommentAction","name":"Comment","target":["https:\/\/www.chemin-neuf.be\/fr\/office-pour-lunite-du-jeudi-30-avril-2026\/#respond"]}]},{"@type":"WebPage","@id":"https:\/\/www.chemin-neuf.be\/fr\/office-pour-lunite-du-jeudi-30-avril-2026\/","url":"https:\/\/www.chemin-neuf.be\/fr\/office-pour-lunite-du-jeudi-30-avril-2026\/","name":"Office pour l'Unit\u00e9 du jeudi 30 avril 2026 - Chemin Neuf Belgique","isPartOf":{"@id":"https:\/\/www.chemin-neuf.be\/fr\/#website"},"primaryImageOfPage":{"@id":"https:\/\/www.chemin-neuf.be\/fr\/office-pour-lunite-du-jeudi-30-avril-2026\/#primaryimage"},"image":{"@id":"https:\/\/www.chemin-neuf.be\/fr\/office-pour-lunite-du-jeudi-30-avril-2026\/#primaryimage"},"thumbnailUrl":"https:\/\/www.chemin-neuf.be\/wp-content\/uploads\/2026\/04\/httpsdam.chemin-neuf.netwp-contentuploads202604DSCF2223-scaled-1.jpg","datePublished":"2026-04-25T09:57:12+00:00","dateModified":"2026-04-25T10:28:05+00:00","author":{"@id":"https:\/\/www.chemin-neuf.be\/fr\/#\/schema\/person\/dbc5bb8de9c07e1728535c32a94f0692"},"description":"Laisse ton lion reposer avec ton agneau, Henri J.M. Nouwen","breadcrumb":{"@id":"https:\/\/www.chemin-neuf.be\/fr\/office-pour-lunite-du-jeudi-30-avril-2026\/#breadcrumb"},"inLanguage":"fr-BE","potentialAction":[{"@type":"ReadAction","target":["https:\/\/www.chemin-neuf.be\/fr\/office-pour-lunite-du-jeudi-30-avril-2026\/"]}]},{"@type":"ImageObject","inLanguage":"fr-BE","@id":"https:\/\/www.chemin-neuf.be\/fr\/office-pour-lunite-du-jeudi-30-avril-2026\/#primaryimage","url":"https:\/\/www.chemin-neuf.be\/wp-content\/uploads\/2026\/04\/httpsdam.chemin-neuf.netwp-contentuploads202604DSCF2223-scaled-1.jpg","contentUrl":"https:\/\/www.chemin-neuf.be\/wp-content\/uploads\/2026\/04\/httpsdam.chemin-neuf.netwp-contentuploads202604DSCF2223-scaled-1.jpg","width":2560,"height":1281},{"@type":"BreadcrumbList","@id":"https:\/\/www.chemin-neuf.be\/fr\/office-pour-lunite-du-jeudi-30-avril-2026\/#breadcrumb","itemListElement":[{"@type":"ListItem","position":1,"name":"Home","item":"https:\/\/www.chemin-neuf.be\/fr\/"},{"@type":"ListItem","position":2,"name":"Office pour l&rsquo;Unit\u00e9 du jeudi 30 avril 2026"}]},{"@type":"WebSite","@id":"https:\/\/www.chemin-neuf.be\/fr\/#website","url":"https:\/\/www.chemin-neuf.be\/fr\/","name":"Chemin Neuf Belgique","description":"Communaut\u00e9 du Chemin Neuf en Belgique","potentialAction":[{"@type":"SearchAction","target":{"@type":"EntryPoint","urlTemplate":"https:\/\/www.chemin-neuf.be\/fr\/?s={search_term_string}"},"query-input":{"@type":"PropertyValueSpecification","valueRequired":true,"valueName":"search_term_string"}}],"inLanguage":"fr-BE"},{"@type":"Person","@id":"https:\/\/www.chemin-neuf.be\/fr\/#\/schema\/person\/dbc5bb8de9c07e1728535c32a94f0692","name":"adminCCN","image":{"@type":"ImageObject","inLanguage":"fr-BE","@id":"https:\/\/secure.gravatar.com\/avatar\/87c9485d85e005be0f711778f5d5b8ea68d63bcbf73b1f7b969e7e9c9d9db96f?s=96&d=mm&r=g","url":"https:\/\/secure.gravatar.com\/avatar\/87c9485d85e005be0f711778f5d5b8ea68d63bcbf73b1f7b969e7e9c9d9db96f?s=96&d=mm&r=g","contentUrl":"https:\/\/secure.gravatar.com\/avatar\/87c9485d85e005be0f711778f5d5b8ea68d63bcbf73b1f7b969e7e9c9d9db96f?s=96&d=mm&r=g","caption":"adminCCN"},"sameAs":["https:\/\/www.chemin-neuf.be"]}]}},"_links":{"self":[{"href":"https:\/\/www.chemin-neuf.be\/fr\/wp-json\/wp\/v2\/posts\/82125","targetHints":{"allow":["GET"]}}],"collection":[{"href":"https:\/\/www.chemin-neuf.be\/fr\/wp-json\/wp\/v2\/posts"}],"about":[{"href":"https:\/\/www.chemin-neuf.be\/fr\/wp-json\/wp\/v2\/types\/post"}],"author":[{"embeddable":true,"href":"https:\/\/www.chemin-neuf.be\/fr\/wp-json\/wp\/v2\/users\/1"}],"replies":[{"embeddable":true,"href":"https:\/\/www.chemin-neuf.be\/fr\/wp-json\/wp\/v2\/comments?post=82125"}],"version-history":[{"count":1,"href":"https:\/\/www.chemin-neuf.be\/fr\/wp-json\/wp\/v2\/posts\/82125\/revisions"}],"predecessor-version":[{"id":82126,"href":"https:\/\/www.chemin-neuf.be\/fr\/wp-json\/wp\/v2\/posts\/82125\/revisions\/82126"}],"wp:featuredmedia":[{"embeddable":true,"href":"https:\/\/www.chemin-neuf.be\/fr\/wp-json\/wp\/v2\/media\/82127"}],"wp:attachment":[{"href":"https:\/\/www.chemin-neuf.be\/fr\/wp-json\/wp\/v2\/media?parent=82125"}],"wp:term":[{"taxonomy":"category","embeddable":true,"href":"https:\/\/www.chemin-neuf.be\/fr\/wp-json\/wp\/v2\/categories?post=82125"},{"taxonomy":"post_tag","embeddable":true,"href":"https:\/\/www.chemin-neuf.be\/fr\/wp-json\/wp\/v2\/tags?post=82125"}],"curies":[{"name":"wp","href":"https:\/\/api.w.org\/{rel}","templated":true}]}}