{"id":81894,"date":"2026-04-20T12:58:06","date_gmt":"2026-04-20T10:58:06","guid":{"rendered":"https:\/\/www.chemin-neuf.be\/office-pour-lunite-du-jeudi-23-avril-2026\/"},"modified":"2026-04-20T13:28:06","modified_gmt":"2026-04-20T11:28:06","slug":"office-pour-lunite-du-jeudi-23-avril-2026","status":"publish","type":"post","link":"https:\/\/www.chemin-neuf.be\/fr\/office-pour-lunite-du-jeudi-23-avril-2026\/","title":{"rendered":"Office pour l&rsquo;Unit\u00e9 du jeudi 23 avril 2026"},"content":{"rendered":"\n<p class=\"has-white-background-color has-background\"><em>Cette semaine, l\u2019office a \u00e9t\u00e9 pr\u00e9par\u00e9 par les fr\u00e8res et s\u0153urs de la communaut\u00e9 du Chemin Neuf en Pologne<\/em><\/p>\n\n\n\n<h2 class=\"wp-block-heading has-text-align-center has-orange-background-color has-background\"><strong>Texte de m\u00e9ditation<\/strong><\/h2>\n\n\n\n<p class=\"has-text-align-center has-gray-background-color has-background\"><strong><u><strong><strong><u>Cardinal Grzegorz Ry\u015b, extrait de l\u2019ouvrage intitul\u00e9 \u00ab Mandatum : faites ceci en m\u00e9moire de moi \u00bb<\/u><\/strong><\/strong><\/u><\/strong><\/p>\n\n\n\n<div class=\"wp-block-columns is-layout-flex wp-container-core-columns-is-layout-9d6595d7 wp-block-columns-is-layout-flex\">\n<div class=\"wp-block-column is-layout-flow wp-block-column-is-layout-flow\">\n<p class=\"has-beige-background-color has-background\" style=\"line-height:2\">Le Christ nous donne le Saint-Esprit au prix de sa mort. Lors de la C\u00e8ne, il a dit : \u00ab Si je ne m\u2019en vais pas, l\u2019Esprit ne vous sera pas envoy\u00e9 \u00bb (Jn 16,7). Le Christ nous donne aussi la lumi\u00e8re de la foi afin que nous comprenions la r\u00e9alit\u00e9. Il a dit \u00e0 ses disciples : \u00ab Vous ne comprenez pas maintenant, mais plus tard, vous le comprendrez \u00bb (Jn 13, 7). Plus tard \u2013 au prix de sa mort.<br>Et le troisi\u00e8me don : le Christ nous rassemble. Dans l\u2019\u00c9vangile dont il est question, les paroles proph\u00e9tiques de Ca\u00efphe sont extraordinaires. Il a en effet annonc\u00e9 que J\u00e9sus mourrait non seulement pour la nation, mais aussi pour rassembler en un seul corps les enfants de Dieu dispers\u00e9s (Jn 11, 52).<br>Nous pouvons donc \u00eatre ensemble au prix de la mort de J\u00e9sus. Nous pouvons vivre dans l\u2019Esprit Saint au prix de la mort de J\u00e9sus. Nous pouvons \u00eatre des croyants, voir et comprendre correctement la r\u00e9alit\u00e9 au prix de la mort de J\u00e9sus.<br>Il faut garder ce prix \u00e0 l\u2019esprit pour ne pas renoncer trop facilement \u00e0 ces dons \u2013 par exemple au don de l\u2019unit\u00e9. C\u2019est justement celui-l\u00e0 que nous abandonnons le plus facilement. (&#8230;) Ce n\u2019est pas seulement l\u2019attachement aux coutumes ou aux traditions eccl\u00e9siales qui peut nous diviser ; toute discussion politique y parvient tout aussi facilement. <br>\u2026 Le Christ est mort pour que nous soyons un.<\/p>\n<\/div>\n<\/div>\n\n\n\n<h2 class=\"wp-block-heading has-text-align-center has-orange-background-color has-background\"><strong>Intercessions<\/strong><\/h2>\n\n\n\n<p class=\"has-text-align-center\"><em>A adapter ou modifier selon les lieux et les circonstances<\/em><\/p>\n\n\n\n<div class=\"wp-block-columns alignwide are-vertically-aligned-top has-beige-background-color has-background is-layout-flex wp-container-core-columns-is-layout-9d6595d7 wp-block-columns-is-layout-flex\">\n<div class=\"wp-block-column is-vertically-aligned-top is-layout-flow wp-block-column-is-layout-flow\">\n<p class=\"has-white-background-color has-background\">Des combats font rage \u00e0 la fronti\u00e8re orientale de la Pologne, et de nombreux Ukrainiens sont contraints de quitter leur pays.<br><br><strong><strong><em><strong><em><em><strong>Seigneur, nous te prions d\u2019accomplir le miracle de mettre fin aux combats dans les pays en proie \u00e0 des conflits. Accorde la gr\u00e2ce de la r\u00e9conciliation aux nations en conflit.<\/strong><\/em><\/em><\/strong><\/em><\/strong><\/strong><\/p>\n<\/div>\n\n\n\n<div class=\"wp-block-column is-vertically-aligned-top is-layout-flow wp-block-column-is-layout-flow\">\n<p class=\"has-white-background-color has-background\">\u00c0 Mist\u00f3w, le Centre Siloe ouvre ses portes.<br><br><strong><strong><em><strong><em><em><strong>Seigneur, nous te confions ce lieu, les s\u0153urs et les fr\u00e8res qui y travaillent, ainsi que les personnes accueillies pour un s\u00e9jour temporaire. Donne-nous de construire une maison selon ton c\u0153ur.<\/strong><\/em><\/em><\/strong><\/em><\/strong><\/strong><br><br><\/p>\n<\/div>\n<\/div>\n\n\n\n<div class=\"wp-block-columns alignwide are-vertically-aligned-top has-beige-background-color has-background is-layout-flex wp-container-core-columns-is-layout-9d6595d7 wp-block-columns-is-layout-flex\">\n<div class=\"wp-block-column is-vertically-aligned-top is-layout-flow wp-block-column-is-layout-flow\">\n<p class=\"has-white-background-color has-background\">Les paroisses anim\u00e9es par les s\u0153urs et les fr\u00e8res de la Communaut\u00e9 du Chemin Neuf \u00e0 Weso\u0142a et \u00e0 Mist\u00f3w sont des lieux de rencontre pour des personnes issues de divers contextes eccl\u00e9siaux et sociaux.<br><br><strong><strong><em><strong><em><strong><em><em><strong>Seigneur, nous te prions de faire en sorte que toutes les paroisses confi\u00e9es \u00e0 la communaut\u00e9 du Chemin Neuf soient des lieux o\u00f9 l\u2019on t\u00e9moigne de ton amour et o\u00f9 l\u2019on construit l\u2019unit\u00e9.<\/strong><\/em><\/em><\/strong><\/em><\/strong><\/em><\/strong><\/strong><\/p>\n<\/div>\n<\/div>\n\n\n\n<h2 class=\"wp-block-heading has-text-align-center has-orange-background-color has-background\"><strong>Pri\u00e8re pour l&rsquo;unit\u00e9 des Chr\u00e9tiens<\/strong><\/h2>\n\n\n\n<p class=\"has-text-align-left has-beige-background-color has-background\">Seigneur J\u00e9sus,<br>Qui as pri\u00e9 pour que tous soient un,<br>Nous te prions pour l\u2019unit\u00e9 des chr\u00e9tiens,<br>Telle que tu la veux,<br>Par les moyens que tu veux.<br>Que ton Esprit nous donne d\u2019\u00e9prouver la souffrance de la s\u00e9paration,<br>De voir notre p\u00e9ch\u00e9,<br>Et d\u2019esp\u00e9rer au-del\u00e0 de toute esp\u00e9rance.<br>Amen !<\/p>\n\n\n\n<p class=\"has-text-align-right has-beige-background-color has-background\"><em>(Pri\u00e8re compos\u00e9e par des membres de la Communaut\u00e9 du Chemin Neuf,<\/em><br><em>\u00e0 partir d\u2019une pri\u00e8re du p\u00e8re Paul Couturier)<\/em><\/p>\n\n\n\n<div class=\"wp-block-buttons alignwide is-horizontal is-content-justification-center is-layout-flex wp-container-core-buttons-is-layout-499968f5 wp-block-buttons-is-layout-flex\">\n<div class=\"wp-block-button\"><a class=\"wp-block-button__link has-orange-background-color has-background has-large-font-size has-custom-font-size wp-element-button\" href=\"https:\/\/drive.google.com\/file\/d\/1siWXcY4Hs1Ohu4ZsGrh_ApExE_xdyZ4z\/view?usp=sharing\" target=\"_blank\" rel=\"noreferrer noopener\">T\u00e9l\u00e9charger l&rsquo;office de pri\u00e8re<\/a><\/div>\n<\/div>\n\n\n\n<div class=\"wp-block-buttons alignwide is-horizontal is-content-justification-center is-layout-flex wp-container-core-buttons-is-layout-499968f5 wp-block-buttons-is-layout-flex\">\n<div class=\"wp-block-button\"><a class=\"wp-block-button__link has-orange-background-color has-background has-large-font-size has-custom-font-size wp-element-button\" href=\"https:\/\/drive.google.com\/file\/d\/1eIeGwshzQCT4wmLXL_7laulCaTc98lMM\/view?usp=sharing\" target=\"_blank\" rel=\"noreferrer noopener\">Proposition de d\u00e9roul\u00e9 de l&rsquo;office<\/a><\/div>\n<\/div>\n\n\n\n<p><\/p>\n","protected":false},"excerpt":{"rendered":"<p>Cardinal Grzegorz Ry\u015b, extrait de l\u2019ouvrage intitul\u00e9 \u00ab Mandatum : faites ceci en m\u00e9moire de moi \u00bb<\/p>\n","protected":false},"author":1,"featured_media":81896,"comment_status":"open","ping_status":"open","sticky":false,"template":"","format":"standard","meta":{"_acf_changed":false,"footnotes":""},"categories":[149,49],"tags":[],"class_list":["post-81894","post","type-post","status-publish","format-standard","has-post-thumbnail","hentry","category-non-classifiee","category-offices-pour-lunite-fr"],"acf":[],"yoast_head":"<!-- This site is optimized with the Yoast SEO plugin v27.5 - https:\/\/yoast.com\/product\/yoast-seo-wordpress\/ -->\n<title>Office pour l&#039;Unit\u00e9 du jeudi 23 avril 2026 - Chemin Neuf Belgique<\/title>\n<meta name=\"description\" content=\"Cardinal Grzegorz Ry\u015b, extrait de l\u2019ouvrage intitul\u00e9 \u00ab Mandatum : faites ceci en m\u00e9moire de moi \u00bb\" \/>\n<meta name=\"robots\" content=\"index, follow, max-snippet:-1, max-image-preview:large, max-video-preview:-1\" \/>\n<link rel=\"canonical\" href=\"https:\/\/www.chemin-neuf.be\/fr\/office-pour-lunite-du-jeudi-23-avril-2026\/\" \/>\n<meta property=\"og:locale\" content=\"fr_FR\" \/>\n<meta property=\"og:type\" content=\"article\" \/>\n<meta property=\"og:title\" content=\"Office pour l&#039;Unit\u00e9 du jeudi 23 avril 2026 - Chemin Neuf Belgique\" \/>\n<meta property=\"og:description\" content=\"Cardinal Grzegorz Ry\u015b, extrait de l\u2019ouvrage intitul\u00e9 \u00ab Mandatum : faites ceci en m\u00e9moire de moi \u00bb\" \/>\n<meta property=\"og:url\" content=\"https:\/\/www.chemin-neuf.be\/fr\/office-pour-lunite-du-jeudi-23-avril-2026\/\" \/>\n<meta property=\"og:site_name\" content=\"Chemin Neuf Belgique\" \/>\n<meta property=\"article:published_time\" content=\"2026-04-20T10:58:06+00:00\" \/>\n<meta property=\"article:modified_time\" content=\"2026-04-20T11:28:06+00:00\" \/>\n<meta name=\"author\" content=\"adminCCN\" \/>\n<meta name=\"twitter:card\" content=\"summary_large_image\" \/>\n<meta name=\"twitter:label1\" content=\"\u00c9crit par\" \/>\n\t<meta name=\"twitter:data1\" content=\"adminCCN\" \/>\n\t<meta name=\"twitter:label2\" content=\"Dur\u00e9e de lecture est.\" \/>\n\t<meta name=\"twitter:data2\" content=\"3 minutes\" \/>\n<script type=\"application\/ld+json\" class=\"yoast-schema-graph\">{\"@context\":\"https:\\\/\\\/schema.org\",\"@graph\":[{\"@type\":\"Article\",\"@id\":\"https:\\\/\\\/www.chemin-neuf.be\\\/fr\\\/office-pour-lunite-du-jeudi-23-avril-2026\\\/#article\",\"isPartOf\":{\"@id\":\"https:\\\/\\\/www.chemin-neuf.be\\\/fr\\\/office-pour-lunite-du-jeudi-23-avril-2026\\\/\"},\"author\":{\"name\":\"adminCCN\",\"@id\":\"https:\\\/\\\/www.chemin-neuf.be\\\/fr\\\/#\\\/schema\\\/person\\\/dbc5bb8de9c07e1728535c32a94f0692\"},\"headline\":\"Office pour l&rsquo;Unit\u00e9 du jeudi 23 avril 2026\",\"datePublished\":\"2026-04-20T10:58:06+00:00\",\"dateModified\":\"2026-04-20T11:28:06+00:00\",\"mainEntityOfPage\":{\"@id\":\"https:\\\/\\\/www.chemin-neuf.be\\\/fr\\\/office-pour-lunite-du-jeudi-23-avril-2026\\\/\"},\"wordCount\":583,\"commentCount\":0,\"image\":{\"@id\":\"https:\\\/\\\/www.chemin-neuf.be\\\/fr\\\/office-pour-lunite-du-jeudi-23-avril-2026\\\/#primaryimage\"},\"thumbnailUrl\":\"https:\\\/\\\/www.chemin-neuf.be\\\/wp-content\\\/uploads\\\/2026\\\/04\\\/httpsdam.chemin-neuf.netwp-contentuploads202604WhatsApp-Image-2026-04-19-at-21.06.05.jpeg\",\"articleSection\":[\"non-classifiee\",\"Offices pour l\u2019unit\u00e9\"],\"inLanguage\":\"fr-BE\",\"potentialAction\":[{\"@type\":\"CommentAction\",\"name\":\"Comment\",\"target\":[\"https:\\\/\\\/www.chemin-neuf.be\\\/fr\\\/office-pour-lunite-du-jeudi-23-avril-2026\\\/#respond\"]}]},{\"@type\":\"WebPage\",\"@id\":\"https:\\\/\\\/www.chemin-neuf.be\\\/fr\\\/office-pour-lunite-du-jeudi-23-avril-2026\\\/\",\"url\":\"https:\\\/\\\/www.chemin-neuf.be\\\/fr\\\/office-pour-lunite-du-jeudi-23-avril-2026\\\/\",\"name\":\"Office pour l'Unit\u00e9 du jeudi 23 avril 2026 - Chemin Neuf Belgique\",\"isPartOf\":{\"@id\":\"https:\\\/\\\/www.chemin-neuf.be\\\/fr\\\/#website\"},\"primaryImageOfPage\":{\"@id\":\"https:\\\/\\\/www.chemin-neuf.be\\\/fr\\\/office-pour-lunite-du-jeudi-23-avril-2026\\\/#primaryimage\"},\"image\":{\"@id\":\"https:\\\/\\\/www.chemin-neuf.be\\\/fr\\\/office-pour-lunite-du-jeudi-23-avril-2026\\\/#primaryimage\"},\"thumbnailUrl\":\"https:\\\/\\\/www.chemin-neuf.be\\\/wp-content\\\/uploads\\\/2026\\\/04\\\/httpsdam.chemin-neuf.netwp-contentuploads202604WhatsApp-Image-2026-04-19-at-21.06.05.jpeg\",\"datePublished\":\"2026-04-20T10:58:06+00:00\",\"dateModified\":\"2026-04-20T11:28:06+00:00\",\"author\":{\"@id\":\"https:\\\/\\\/www.chemin-neuf.be\\\/fr\\\/#\\\/schema\\\/person\\\/dbc5bb8de9c07e1728535c32a94f0692\"},\"description\":\"Cardinal Grzegorz Ry\u015b, extrait de l\u2019ouvrage intitul\u00e9 \u00ab Mandatum : faites ceci en m\u00e9moire de moi \u00bb\",\"breadcrumb\":{\"@id\":\"https:\\\/\\\/www.chemin-neuf.be\\\/fr\\\/office-pour-lunite-du-jeudi-23-avril-2026\\\/#breadcrumb\"},\"inLanguage\":\"fr-BE\",\"potentialAction\":[{\"@type\":\"ReadAction\",\"target\":[\"https:\\\/\\\/www.chemin-neuf.be\\\/fr\\\/office-pour-lunite-du-jeudi-23-avril-2026\\\/\"]}]},{\"@type\":\"ImageObject\",\"inLanguage\":\"fr-BE\",\"@id\":\"https:\\\/\\\/www.chemin-neuf.be\\\/fr\\\/office-pour-lunite-du-jeudi-23-avril-2026\\\/#primaryimage\",\"url\":\"https:\\\/\\\/www.chemin-neuf.be\\\/wp-content\\\/uploads\\\/2026\\\/04\\\/httpsdam.chemin-neuf.netwp-contentuploads202604WhatsApp-Image-2026-04-19-at-21.06.05.jpeg\",\"contentUrl\":\"https:\\\/\\\/www.chemin-neuf.be\\\/wp-content\\\/uploads\\\/2026\\\/04\\\/httpsdam.chemin-neuf.netwp-contentuploads202604WhatsApp-Image-2026-04-19-at-21.06.05.jpeg\",\"width\":1600,\"height\":1200},{\"@type\":\"BreadcrumbList\",\"@id\":\"https:\\\/\\\/www.chemin-neuf.be\\\/fr\\\/office-pour-lunite-du-jeudi-23-avril-2026\\\/#breadcrumb\",\"itemListElement\":[{\"@type\":\"ListItem\",\"position\":1,\"name\":\"Home\",\"item\":\"https:\\\/\\\/www.chemin-neuf.be\\\/fr\\\/\"},{\"@type\":\"ListItem\",\"position\":2,\"name\":\"Office pour l&rsquo;Unit\u00e9 du jeudi 23 avril 2026\"}]},{\"@type\":\"WebSite\",\"@id\":\"https:\\\/\\\/www.chemin-neuf.be\\\/fr\\\/#website\",\"url\":\"https:\\\/\\\/www.chemin-neuf.be\\\/fr\\\/\",\"name\":\"Chemin Neuf Belgique\",\"description\":\"Communaut\u00e9 du Chemin Neuf en Belgique\",\"potentialAction\":[{\"@type\":\"SearchAction\",\"target\":{\"@type\":\"EntryPoint\",\"urlTemplate\":\"https:\\\/\\\/www.chemin-neuf.be\\\/fr\\\/?s={search_term_string}\"},\"query-input\":{\"@type\":\"PropertyValueSpecification\",\"valueRequired\":true,\"valueName\":\"search_term_string\"}}],\"inLanguage\":\"fr-BE\"},{\"@type\":\"Person\",\"@id\":\"https:\\\/\\\/www.chemin-neuf.be\\\/fr\\\/#\\\/schema\\\/person\\\/dbc5bb8de9c07e1728535c32a94f0692\",\"name\":\"adminCCN\",\"image\":{\"@type\":\"ImageObject\",\"inLanguage\":\"fr-BE\",\"@id\":\"https:\\\/\\\/secure.gravatar.com\\\/avatar\\\/87c9485d85e005be0f711778f5d5b8ea68d63bcbf73b1f7b969e7e9c9d9db96f?s=96&d=mm&r=g\",\"url\":\"https:\\\/\\\/secure.gravatar.com\\\/avatar\\\/87c9485d85e005be0f711778f5d5b8ea68d63bcbf73b1f7b969e7e9c9d9db96f?s=96&d=mm&r=g\",\"contentUrl\":\"https:\\\/\\\/secure.gravatar.com\\\/avatar\\\/87c9485d85e005be0f711778f5d5b8ea68d63bcbf73b1f7b969e7e9c9d9db96f?s=96&d=mm&r=g\",\"caption\":\"adminCCN\"},\"sameAs\":[\"https:\\\/\\\/www.chemin-neuf.be\"]}]}<\/script>\n<!-- \/ Yoast SEO plugin. -->","yoast_head_json":{"title":"Office pour l'Unit\u00e9 du jeudi 23 avril 2026 - Chemin Neuf Belgique","description":"Cardinal Grzegorz Ry\u015b, extrait de l\u2019ouvrage intitul\u00e9 \u00ab Mandatum : faites ceci en m\u00e9moire de moi \u00bb","robots":{"index":"index","follow":"follow","max-snippet":"max-snippet:-1","max-image-preview":"max-image-preview:large","max-video-preview":"max-video-preview:-1"},"canonical":"https:\/\/www.chemin-neuf.be\/fr\/office-pour-lunite-du-jeudi-23-avril-2026\/","og_locale":"fr_FR","og_type":"article","og_title":"Office pour l'Unit\u00e9 du jeudi 23 avril 2026 - Chemin Neuf Belgique","og_description":"Cardinal Grzegorz Ry\u015b, extrait de l\u2019ouvrage intitul\u00e9 \u00ab Mandatum : faites ceci en m\u00e9moire de moi \u00bb","og_url":"https:\/\/www.chemin-neuf.be\/fr\/office-pour-lunite-du-jeudi-23-avril-2026\/","og_site_name":"Chemin Neuf Belgique","article_published_time":"2026-04-20T10:58:06+00:00","article_modified_time":"2026-04-20T11:28:06+00:00","author":"adminCCN","twitter_card":"summary_large_image","twitter_misc":{"\u00c9crit par":"adminCCN","Dur\u00e9e de lecture est.":"3 minutes"},"schema":{"@context":"https:\/\/schema.org","@graph":[{"@type":"Article","@id":"https:\/\/www.chemin-neuf.be\/fr\/office-pour-lunite-du-jeudi-23-avril-2026\/#article","isPartOf":{"@id":"https:\/\/www.chemin-neuf.be\/fr\/office-pour-lunite-du-jeudi-23-avril-2026\/"},"author":{"name":"adminCCN","@id":"https:\/\/www.chemin-neuf.be\/fr\/#\/schema\/person\/dbc5bb8de9c07e1728535c32a94f0692"},"headline":"Office pour l&rsquo;Unit\u00e9 du jeudi 23 avril 2026","datePublished":"2026-04-20T10:58:06+00:00","dateModified":"2026-04-20T11:28:06+00:00","mainEntityOfPage":{"@id":"https:\/\/www.chemin-neuf.be\/fr\/office-pour-lunite-du-jeudi-23-avril-2026\/"},"wordCount":583,"commentCount":0,"image":{"@id":"https:\/\/www.chemin-neuf.be\/fr\/office-pour-lunite-du-jeudi-23-avril-2026\/#primaryimage"},"thumbnailUrl":"https:\/\/www.chemin-neuf.be\/wp-content\/uploads\/2026\/04\/httpsdam.chemin-neuf.netwp-contentuploads202604WhatsApp-Image-2026-04-19-at-21.06.05.jpeg","articleSection":["non-classifiee","Offices pour l\u2019unit\u00e9"],"inLanguage":"fr-BE","potentialAction":[{"@type":"CommentAction","name":"Comment","target":["https:\/\/www.chemin-neuf.be\/fr\/office-pour-lunite-du-jeudi-23-avril-2026\/#respond"]}]},{"@type":"WebPage","@id":"https:\/\/www.chemin-neuf.be\/fr\/office-pour-lunite-du-jeudi-23-avril-2026\/","url":"https:\/\/www.chemin-neuf.be\/fr\/office-pour-lunite-du-jeudi-23-avril-2026\/","name":"Office pour l'Unit\u00e9 du jeudi 23 avril 2026 - Chemin Neuf Belgique","isPartOf":{"@id":"https:\/\/www.chemin-neuf.be\/fr\/#website"},"primaryImageOfPage":{"@id":"https:\/\/www.chemin-neuf.be\/fr\/office-pour-lunite-du-jeudi-23-avril-2026\/#primaryimage"},"image":{"@id":"https:\/\/www.chemin-neuf.be\/fr\/office-pour-lunite-du-jeudi-23-avril-2026\/#primaryimage"},"thumbnailUrl":"https:\/\/www.chemin-neuf.be\/wp-content\/uploads\/2026\/04\/httpsdam.chemin-neuf.netwp-contentuploads202604WhatsApp-Image-2026-04-19-at-21.06.05.jpeg","datePublished":"2026-04-20T10:58:06+00:00","dateModified":"2026-04-20T11:28:06+00:00","author":{"@id":"https:\/\/www.chemin-neuf.be\/fr\/#\/schema\/person\/dbc5bb8de9c07e1728535c32a94f0692"},"description":"Cardinal Grzegorz Ry\u015b, extrait de l\u2019ouvrage intitul\u00e9 \u00ab Mandatum : faites ceci en m\u00e9moire de moi \u00bb","breadcrumb":{"@id":"https:\/\/www.chemin-neuf.be\/fr\/office-pour-lunite-du-jeudi-23-avril-2026\/#breadcrumb"},"inLanguage":"fr-BE","potentialAction":[{"@type":"ReadAction","target":["https:\/\/www.chemin-neuf.be\/fr\/office-pour-lunite-du-jeudi-23-avril-2026\/"]}]},{"@type":"ImageObject","inLanguage":"fr-BE","@id":"https:\/\/www.chemin-neuf.be\/fr\/office-pour-lunite-du-jeudi-23-avril-2026\/#primaryimage","url":"https:\/\/www.chemin-neuf.be\/wp-content\/uploads\/2026\/04\/httpsdam.chemin-neuf.netwp-contentuploads202604WhatsApp-Image-2026-04-19-at-21.06.05.jpeg","contentUrl":"https:\/\/www.chemin-neuf.be\/wp-content\/uploads\/2026\/04\/httpsdam.chemin-neuf.netwp-contentuploads202604WhatsApp-Image-2026-04-19-at-21.06.05.jpeg","width":1600,"height":1200},{"@type":"BreadcrumbList","@id":"https:\/\/www.chemin-neuf.be\/fr\/office-pour-lunite-du-jeudi-23-avril-2026\/#breadcrumb","itemListElement":[{"@type":"ListItem","position":1,"name":"Home","item":"https:\/\/www.chemin-neuf.be\/fr\/"},{"@type":"ListItem","position":2,"name":"Office pour l&rsquo;Unit\u00e9 du jeudi 23 avril 2026"}]},{"@type":"WebSite","@id":"https:\/\/www.chemin-neuf.be\/fr\/#website","url":"https:\/\/www.chemin-neuf.be\/fr\/","name":"Chemin Neuf Belgique","description":"Communaut\u00e9 du Chemin Neuf en Belgique","potentialAction":[{"@type":"SearchAction","target":{"@type":"EntryPoint","urlTemplate":"https:\/\/www.chemin-neuf.be\/fr\/?s={search_term_string}"},"query-input":{"@type":"PropertyValueSpecification","valueRequired":true,"valueName":"search_term_string"}}],"inLanguage":"fr-BE"},{"@type":"Person","@id":"https:\/\/www.chemin-neuf.be\/fr\/#\/schema\/person\/dbc5bb8de9c07e1728535c32a94f0692","name":"adminCCN","image":{"@type":"ImageObject","inLanguage":"fr-BE","@id":"https:\/\/secure.gravatar.com\/avatar\/87c9485d85e005be0f711778f5d5b8ea68d63bcbf73b1f7b969e7e9c9d9db96f?s=96&d=mm&r=g","url":"https:\/\/secure.gravatar.com\/avatar\/87c9485d85e005be0f711778f5d5b8ea68d63bcbf73b1f7b969e7e9c9d9db96f?s=96&d=mm&r=g","contentUrl":"https:\/\/secure.gravatar.com\/avatar\/87c9485d85e005be0f711778f5d5b8ea68d63bcbf73b1f7b969e7e9c9d9db96f?s=96&d=mm&r=g","caption":"adminCCN"},"sameAs":["https:\/\/www.chemin-neuf.be"]}]}},"_links":{"self":[{"href":"https:\/\/www.chemin-neuf.be\/fr\/wp-json\/wp\/v2\/posts\/81894","targetHints":{"allow":["GET"]}}],"collection":[{"href":"https:\/\/www.chemin-neuf.be\/fr\/wp-json\/wp\/v2\/posts"}],"about":[{"href":"https:\/\/www.chemin-neuf.be\/fr\/wp-json\/wp\/v2\/types\/post"}],"author":[{"embeddable":true,"href":"https:\/\/www.chemin-neuf.be\/fr\/wp-json\/wp\/v2\/users\/1"}],"replies":[{"embeddable":true,"href":"https:\/\/www.chemin-neuf.be\/fr\/wp-json\/wp\/v2\/comments?post=81894"}],"version-history":[{"count":1,"href":"https:\/\/www.chemin-neuf.be\/fr\/wp-json\/wp\/v2\/posts\/81894\/revisions"}],"predecessor-version":[{"id":81895,"href":"https:\/\/www.chemin-neuf.be\/fr\/wp-json\/wp\/v2\/posts\/81894\/revisions\/81895"}],"wp:featuredmedia":[{"embeddable":true,"href":"https:\/\/www.chemin-neuf.be\/fr\/wp-json\/wp\/v2\/media\/81896"}],"wp:attachment":[{"href":"https:\/\/www.chemin-neuf.be\/fr\/wp-json\/wp\/v2\/media?parent=81894"}],"wp:term":[{"taxonomy":"category","embeddable":true,"href":"https:\/\/www.chemin-neuf.be\/fr\/wp-json\/wp\/v2\/categories?post=81894"},{"taxonomy":"post_tag","embeddable":true,"href":"https:\/\/www.chemin-neuf.be\/fr\/wp-json\/wp\/v2\/tags?post=81894"}],"curies":[{"name":"wp","href":"https:\/\/api.w.org\/{rel}","templated":true}]}}