{"id":79147,"date":"2026-04-13T11:03:02","date_gmt":"2026-04-13T09:03:02","guid":{"rendered":"https:\/\/www.chemin-neuf.be\/office-pour-lunite-du-jeudi-16-avril-2026\/"},"modified":"2026-04-13T11:28:06","modified_gmt":"2026-04-13T09:28:06","slug":"office-pour-lunite-du-jeudi-16-avril-2026","status":"publish","type":"post","link":"https:\/\/www.chemin-neuf.be\/fr\/office-pour-lunite-du-jeudi-16-avril-2026\/","title":{"rendered":"Office pour l&rsquo;Unit\u00e9 du jeudi 16 avril 2026"},"content":{"rendered":"\n<p class=\"has-white-background-color has-background\"><em>Cette semaine, l\u2019office a \u00e9t\u00e9 pr\u00e9par\u00e9 par les fr\u00e8res et s\u0153urs de la communaut\u00e9 du Chemin Neuf \u00e0 Val de Paix au Canada<\/em><\/p>\n\n\n\n<h2 class=\"wp-block-heading has-text-align-center has-orange-background-color has-background\"><strong>Texte de m\u00e9ditation<\/strong><\/h2>\n\n\n\n<p class=\"has-text-align-center has-gray-background-color has-background\"><strong><u><strong>La paix soit avec vous tous, vers une paix d\u00e9sarm\u00e9e et d\u00e9sarmante<\/strong><\/u><\/strong><br>Message de sa saintet\u00e9 le pape L\u00e9on XIV<br>pour la 59e Journ\u00e9e Mondiale de la Paix, 1er janvier 2026<br><a href=\"https:\/\/www.vatican.va\/content\/leo-xiv\/fr\/messages\/peace\/documents\/20251208-messaggio-pace.html\"><em>https:\/\/www.vatican.va\/content\/leo-xiv\/fr\/messages\/peace\/documents\/20251208-messaggio-pace.html<\/em><\/a><\/p>\n\n\n\n<div class=\"wp-block-columns is-layout-flex wp-container-core-columns-is-layout-9d6595d7 wp-block-columns-is-layout-flex\">\n<div class=\"wp-block-column is-layout-flow wp-block-column-is-layout-flow\">\n<p class=\"has-beige-background-color has-background\" style=\"line-height:2\"><em>\u00ab La paix soit avec vous ! \u00bb.<\/em><br>Cette salutation tr\u00e8s ancienne, encore utilis\u00e9e aujourd\u2019hui dans de nombreuses cultures, a retrouv\u00e9 toute sa vigueur le soir de P\u00e2ques sur les l\u00e8vres de J\u00e9sus ressuscit\u00e9. <em>\u00ab La paix soit avec vous \u00bb<\/em> (Jn 20, 19.21) est sa Parole qui non seulement souhaite, mais r\u00e9alise un changement d\u00e9finitif en celui qui l\u2019accueille et, ainsi, dans toute la r\u00e9alit\u00e9. [\u2026]<br>C\u2019est le Bon Pasteur qui a vaincu la mort et abattu les murs de s\u00e9paration entre les \u00eatres humains (cf. Ep 2, 14) ; c\u2019est Lui qui donne sa vie pour son troupeau et qui a beaucoup de brebis en dehors de la cl\u00f4ture de la bergerie (cf. Jn 10, 11.16) : le Christ, notre paix. Sa pr\u00e9sence, son offrande, sa victoire rejaillissent sur la pers\u00e9v\u00e9rance de nombreux t\u00e9moins gr\u00e2ce auxquels l\u2019\u0153uvre de Dieu se poursuit dans le monde, devenant m\u00eame davantage perceptible et lumineuse dans l\u2019obscurit\u00e9 des temps.<br>La paix existe, elle veut habiter en nous, elle a le doux pouvoir d\u2019\u00e9clairer et de dilater l\u2019intelligence, elle r\u00e9siste \u00e0 la violence et la surmonte. La paix a le souffle de l\u2019\u00e9ternel. [\u2026] Que nous ayons le don de la foi ou qu\u2019il nous semble ne pas l\u2019avoir, chers fr\u00e8res et s\u0153urs, ouvrons-nous \u00e0 la paix ! Accueillons-la et reconnaissons-la, plut\u00f4t que de la consid\u00e9rer comme lointaine et impossible.<br>[\u2026] Avec l\u2019action, il est plus que jamais n\u00e9cessaire de cultiver la pri\u00e8re, la spiritualit\u00e9, le dialogue \u0153cum\u00e9nique et interreligieux comme voies de paix et langages de rencontre entre traditions et cultures. Partout dans le monde, il est \u00e0 souhaiter que \u00ab chaque communaut\u00e9 devienne une \u00ab\u00a0maison de paix\u00a0\u00bb, o\u00f9 l\u2019on apprend \u00e0 d\u00e9samorcer l\u2019hostilit\u00e9 par le dialogue, o\u00f9 l\u2019on pratique la justice et cultive le pardon \u00bb. Aujourd\u2019hui plus que jamais, en effet, il faut montrer que la paix n\u2019est pas une utopie, gr\u00e2ce \u00e0 une cr\u00e9ativit\u00e9 pastorale attentive et fructueuse.<br><\/p>\n<\/div>\n<\/div>\n\n\n\n<h2 class=\"wp-block-heading has-text-align-center has-orange-background-color has-background\"><strong>Intercessions<\/strong><\/h2>\n\n\n\n<p class=\"has-text-align-center\"><em>A adapter ou modifier selon les lieux et les circonstances<\/em><\/p>\n\n\n\n<div class=\"wp-block-columns alignwide are-vertically-aligned-top has-beige-background-color has-background is-layout-flex wp-container-core-columns-is-layout-9d6595d7 wp-block-columns-is-layout-flex\">\n<div class=\"wp-block-column is-vertically-aligned-top is-layout-flow wp-block-column-is-layout-flow\">\n<p class=\"has-white-background-color has-background\">En ces jours douloureux, nos c\u0153urs se tournent vers le Moyen-Orient, cette terre mill\u00e9naire o\u00f9 le souffle de l\u2019histoire rencontre la douleur du pr\u00e9sent. Que la lumi\u00e8re de la sagesse \u00e9claire l\u2019esprit de ceux qui d\u00e9cident, pour qu\u2019ils choisissent le dialogue plut\u00f4t que la force et la main tendue plut\u00f4t que le poing ferm\u00e9.<br><br><strong><strong><em><strong><em><em>Seigneur, source de toute paix et de toute vie, nous d\u00e9posons devant Toi nos espoirs pour tous les peuples qui l\u2019habitent, afin que le fracas des armes s\u2019efface devant le murmure de la paix. S\u00e8che les larmes des familles, prot\u00e8ge l\u2019innocence des enfants et transforme ces terres de conflit en jardins de rencontre. Que chaque mur de division devienne un pont, et que chaque peur se transforme en une volont\u00e9 sinc\u00e8re de b\u00e2tir un avenir commun.<\/em><\/em><\/strong><\/em><\/strong><\/strong><\/p>\n<\/div>\n\n\n\n<div class=\"wp-block-column is-vertically-aligned-top is-layout-flow wp-block-column-is-layout-flow\">\n<p class=\"has-white-background-color has-background\"><em>Du 11 au 13 juin, aura lieu \u00e0 Val de Paix, une rencontre r\u00e9gionale JC2033 (Jesus Celebration 2033) USA\u2013Canada qui rassemblera des leaders de diverses confessions chr\u00e9tiennes pour partager la vision, s\u2019encourager mutuellement et se mobiliser autour du message central de l\u2019\u00c9vangile : Christ est ressuscit\u00e9 !<\/em><br><br><strong><strong><em><strong><em><em>Seigneur J\u00e9sus, Toi le Ressuscit\u00e9, nous Te prions avec un c\u0153ur rempli d&rsquo;esp\u00e9rance pour chaque participant venant du Canada, des \u00c9tats-Unis et d\u2019ailleurs. Que notre maison de val de Paix devienne le jardin d\u2019une nouvelle Pentec\u00f4te, afin que, dans notre diversit\u00e9 \u0153cum\u00e9nique, nous ne soyons qu\u2019un seul corps. Que Ta joie rayonne sur nos visages et que notre unit\u00e9 soit un t\u00e9moignage vivant pour le monde.<\/em><\/em><\/strong><\/em><\/strong><\/strong><br><br><\/p>\n<\/div>\n<\/div>\n\n\n\n<div class=\"wp-block-columns alignwide are-vertically-aligned-top has-beige-background-color has-background is-layout-flex wp-container-core-columns-is-layout-9d6595d7 wp-block-columns-is-layout-flex\">\n<div class=\"wp-block-column is-vertically-aligned-top is-layout-flow wp-block-column-is-layout-flow\">\n<p class=\"has-white-background-color has-background\">Le Canada est reconnu mondialement comme une terre d\u2019accueil qui s\u2019appuie sur une tradition humanitaire et une forte immigration pour sa croissance. Cependant, dans un monde en crise, il n\u2019est pas \u00e0 l\u2019abri des troubles mondiaux, subissant des impacts directs sur plusieurs plans.<br><br><strong><strong><em><strong><em><strong><em><em>Seigneur, Source de toute Vie et de toute Paix, nous Te rendons gr\u00e2ce pour la beaut\u00e9 de cette terre de libert\u00e9 o\u00f9 chaque personne peut s\u2019\u00e9panouir et vivre en s\u00e9curit\u00e9. Fais que ce pays demeure une terre d\u2019accueil, o\u00f9 le c\u0153ur reste ouvert \u00e0 l\u2019\u00e9tranger. Inspire-nous le courage de ch\u00e9rir nos diff\u00e9rences et apprends-nous \u00e0 \u00e9couter avec bienveillance, \u00e0 reconna\u00eetre la richesse de l\u2019autre et \u00e0 b\u00e2tir des ponts l\u00e0 o\u00f9 certains voudraient \u00e9lever des murs.<\/em><\/em><\/strong><\/em><\/strong><\/em><\/strong><\/strong><\/p>\n<\/div>\n<\/div>\n\n\n\n<h2 class=\"wp-block-heading has-text-align-center has-orange-background-color has-background\"><strong>Pri\u00e8re pour l&rsquo;unit\u00e9 des Chr\u00e9tiens<\/strong><\/h2>\n\n\n\n<p class=\"has-text-align-left has-beige-background-color has-background\">Seigneur J\u00e9sus,<br>Qui as pri\u00e9 pour que tous soient un,<br>Nous te prions pour l\u2019unit\u00e9 des chr\u00e9tiens,<br>Telle que tu la veux,<br>Par les moyens que tu veux.<br>Que ton Esprit nous donne d\u2019\u00e9prouver la souffrance de la s\u00e9paration,<br>De voir notre p\u00e9ch\u00e9,<br>Et d\u2019esp\u00e9rer au-del\u00e0 de toute esp\u00e9rance.<br>Amen !<\/p>\n\n\n\n<p class=\"has-text-align-right has-beige-background-color has-background\"><em>(Pri\u00e8re compos\u00e9e par des membres de la Communaut\u00e9 du Chemin Neuf,<\/em><br><em>\u00e0 partir d\u2019une pri\u00e8re du p\u00e8re Paul Couturier)<\/em><\/p>\n\n\n\n<div class=\"wp-block-buttons alignwide is-horizontal is-content-justification-center is-layout-flex wp-container-core-buttons-is-layout-499968f5 wp-block-buttons-is-layout-flex\">\n<div class=\"wp-block-button\"><a class=\"wp-block-button__link has-orange-background-color has-background has-large-font-size has-custom-font-size wp-element-button\" href=\"https:\/\/drive.google.com\/file\/d\/1qYIsX_HzF7XiRG7Ps-gicfLm7qfsRBqf\/view?usp=sharing\" target=\"_blank\" rel=\"noreferrer noopener\">T\u00e9l\u00e9charger l&rsquo;office de pri\u00e8re<\/a><\/div>\n<\/div>\n\n\n\n<div class=\"wp-block-buttons alignwide is-horizontal is-content-justification-center is-layout-flex wp-container-core-buttons-is-layout-499968f5 wp-block-buttons-is-layout-flex\">\n<div class=\"wp-block-button\"><a class=\"wp-block-button__link has-orange-background-color has-background has-large-font-size has-custom-font-size wp-element-button\" href=\"https:\/\/drive.google.com\/file\/d\/1eIeGwshzQCT4wmLXL_7laulCaTc98lMM\/view?usp=sharing\" target=\"_blank\" rel=\"noreferrer noopener\">Proposition de d\u00e9roul\u00e9 de l&rsquo;office<\/a><\/div>\n<\/div>\n\n\n\n<p><\/p>\n","protected":false},"excerpt":{"rendered":"<p>La paix soit avec vous tous, vers une paix d\u00e9sarm\u00e9e et d\u00e9sarmante<\/p>\n","protected":false},"author":1,"featured_media":79149,"comment_status":"open","ping_status":"open","sticky":false,"template":"","format":"standard","meta":{"_acf_changed":false,"footnotes":""},"categories":[149,49],"tags":[],"class_list":["post-79147","post","type-post","status-publish","format-standard","has-post-thumbnail","hentry","category-non-classifiee","category-offices-pour-lunite-fr"],"acf":[],"yoast_head":"<!-- This site is optimized with the Yoast SEO plugin v27.5 - https:\/\/yoast.com\/product\/yoast-seo-wordpress\/ -->\n<title>Office pour l&#039;Unit\u00e9 du jeudi 16 avril 2026 - Chemin Neuf Belgique<\/title>\n<meta name=\"description\" content=\"La paix soit avec vous tous, vers une paix d\u00e9sarm\u00e9e et d\u00e9sarmante\" \/>\n<meta name=\"robots\" content=\"index, follow, max-snippet:-1, max-image-preview:large, max-video-preview:-1\" \/>\n<link rel=\"canonical\" href=\"https:\/\/www.chemin-neuf.be\/fr\/office-pour-lunite-du-jeudi-16-avril-2026\/\" \/>\n<meta property=\"og:locale\" content=\"fr_FR\" \/>\n<meta property=\"og:type\" content=\"article\" \/>\n<meta property=\"og:title\" content=\"Office pour l&#039;Unit\u00e9 du jeudi 16 avril 2026 - Chemin Neuf Belgique\" \/>\n<meta property=\"og:description\" content=\"La paix soit avec vous tous, vers une paix d\u00e9sarm\u00e9e et d\u00e9sarmante\" \/>\n<meta property=\"og:url\" content=\"https:\/\/www.chemin-neuf.be\/fr\/office-pour-lunite-du-jeudi-16-avril-2026\/\" \/>\n<meta property=\"og:site_name\" content=\"Chemin Neuf Belgique\" \/>\n<meta property=\"article:published_time\" content=\"2026-04-13T09:03:02+00:00\" \/>\n<meta property=\"article:modified_time\" content=\"2026-04-13T09:28:06+00:00\" \/>\n<meta name=\"author\" content=\"adminCCN\" \/>\n<meta name=\"twitter:card\" content=\"summary_large_image\" \/>\n<meta name=\"twitter:label1\" content=\"\u00c9crit par\" \/>\n\t<meta name=\"twitter:data1\" content=\"adminCCN\" \/>\n\t<meta name=\"twitter:label2\" content=\"Dur\u00e9e de lecture est.\" \/>\n\t<meta name=\"twitter:data2\" content=\"5 minutes\" \/>\n<script type=\"application\/ld+json\" class=\"yoast-schema-graph\">{\"@context\":\"https:\\\/\\\/schema.org\",\"@graph\":[{\"@type\":\"Article\",\"@id\":\"https:\\\/\\\/www.chemin-neuf.be\\\/fr\\\/office-pour-lunite-du-jeudi-16-avril-2026\\\/#article\",\"isPartOf\":{\"@id\":\"https:\\\/\\\/www.chemin-neuf.be\\\/fr\\\/office-pour-lunite-du-jeudi-16-avril-2026\\\/\"},\"author\":{\"name\":\"adminCCN\",\"@id\":\"https:\\\/\\\/www.chemin-neuf.be\\\/fr\\\/#\\\/schema\\\/person\\\/dbc5bb8de9c07e1728535c32a94f0692\"},\"headline\":\"Office pour l&rsquo;Unit\u00e9 du jeudi 16 avril 2026\",\"datePublished\":\"2026-04-13T09:03:02+00:00\",\"dateModified\":\"2026-04-13T09:28:06+00:00\",\"mainEntityOfPage\":{\"@id\":\"https:\\\/\\\/www.chemin-neuf.be\\\/fr\\\/office-pour-lunite-du-jeudi-16-avril-2026\\\/\"},\"wordCount\":936,\"commentCount\":0,\"image\":{\"@id\":\"https:\\\/\\\/www.chemin-neuf.be\\\/fr\\\/office-pour-lunite-du-jeudi-16-avril-2026\\\/#primaryimage\"},\"thumbnailUrl\":\"https:\\\/\\\/www.chemin-neuf.be\\\/wp-content\\\/uploads\\\/2026\\\/04\\\/httpsdam.chemin-neuf.netwp-contentuploads202604IMG_Val-de-Paix-II-scaled-1.jpg\",\"articleSection\":[\"non-classifiee\",\"Offices pour l\u2019unit\u00e9\"],\"inLanguage\":\"fr-BE\",\"potentialAction\":[{\"@type\":\"CommentAction\",\"name\":\"Comment\",\"target\":[\"https:\\\/\\\/www.chemin-neuf.be\\\/fr\\\/office-pour-lunite-du-jeudi-16-avril-2026\\\/#respond\"]}]},{\"@type\":\"WebPage\",\"@id\":\"https:\\\/\\\/www.chemin-neuf.be\\\/fr\\\/office-pour-lunite-du-jeudi-16-avril-2026\\\/\",\"url\":\"https:\\\/\\\/www.chemin-neuf.be\\\/fr\\\/office-pour-lunite-du-jeudi-16-avril-2026\\\/\",\"name\":\"Office pour l'Unit\u00e9 du jeudi 16 avril 2026 - Chemin Neuf Belgique\",\"isPartOf\":{\"@id\":\"https:\\\/\\\/www.chemin-neuf.be\\\/fr\\\/#website\"},\"primaryImageOfPage\":{\"@id\":\"https:\\\/\\\/www.chemin-neuf.be\\\/fr\\\/office-pour-lunite-du-jeudi-16-avril-2026\\\/#primaryimage\"},\"image\":{\"@id\":\"https:\\\/\\\/www.chemin-neuf.be\\\/fr\\\/office-pour-lunite-du-jeudi-16-avril-2026\\\/#primaryimage\"},\"thumbnailUrl\":\"https:\\\/\\\/www.chemin-neuf.be\\\/wp-content\\\/uploads\\\/2026\\\/04\\\/httpsdam.chemin-neuf.netwp-contentuploads202604IMG_Val-de-Paix-II-scaled-1.jpg\",\"datePublished\":\"2026-04-13T09:03:02+00:00\",\"dateModified\":\"2026-04-13T09:28:06+00:00\",\"author\":{\"@id\":\"https:\\\/\\\/www.chemin-neuf.be\\\/fr\\\/#\\\/schema\\\/person\\\/dbc5bb8de9c07e1728535c32a94f0692\"},\"description\":\"La paix soit avec vous tous, vers une paix d\u00e9sarm\u00e9e et d\u00e9sarmante\",\"breadcrumb\":{\"@id\":\"https:\\\/\\\/www.chemin-neuf.be\\\/fr\\\/office-pour-lunite-du-jeudi-16-avril-2026\\\/#breadcrumb\"},\"inLanguage\":\"fr-BE\",\"potentialAction\":[{\"@type\":\"ReadAction\",\"target\":[\"https:\\\/\\\/www.chemin-neuf.be\\\/fr\\\/office-pour-lunite-du-jeudi-16-avril-2026\\\/\"]}]},{\"@type\":\"ImageObject\",\"inLanguage\":\"fr-BE\",\"@id\":\"https:\\\/\\\/www.chemin-neuf.be\\\/fr\\\/office-pour-lunite-du-jeudi-16-avril-2026\\\/#primaryimage\",\"url\":\"https:\\\/\\\/www.chemin-neuf.be\\\/wp-content\\\/uploads\\\/2026\\\/04\\\/httpsdam.chemin-neuf.netwp-contentuploads202604IMG_Val-de-Paix-II-scaled-1.jpg\",\"contentUrl\":\"https:\\\/\\\/www.chemin-neuf.be\\\/wp-content\\\/uploads\\\/2026\\\/04\\\/httpsdam.chemin-neuf.netwp-contentuploads202604IMG_Val-de-Paix-II-scaled-1.jpg\",\"width\":2560,\"height\":1225},{\"@type\":\"BreadcrumbList\",\"@id\":\"https:\\\/\\\/www.chemin-neuf.be\\\/fr\\\/office-pour-lunite-du-jeudi-16-avril-2026\\\/#breadcrumb\",\"itemListElement\":[{\"@type\":\"ListItem\",\"position\":1,\"name\":\"Home\",\"item\":\"https:\\\/\\\/www.chemin-neuf.be\\\/fr\\\/\"},{\"@type\":\"ListItem\",\"position\":2,\"name\":\"Office pour l&rsquo;Unit\u00e9 du jeudi 16 avril 2026\"}]},{\"@type\":\"WebSite\",\"@id\":\"https:\\\/\\\/www.chemin-neuf.be\\\/fr\\\/#website\",\"url\":\"https:\\\/\\\/www.chemin-neuf.be\\\/fr\\\/\",\"name\":\"Chemin Neuf Belgique\",\"description\":\"Communaut\u00e9 du Chemin Neuf en Belgique\",\"potentialAction\":[{\"@type\":\"SearchAction\",\"target\":{\"@type\":\"EntryPoint\",\"urlTemplate\":\"https:\\\/\\\/www.chemin-neuf.be\\\/fr\\\/?s={search_term_string}\"},\"query-input\":{\"@type\":\"PropertyValueSpecification\",\"valueRequired\":true,\"valueName\":\"search_term_string\"}}],\"inLanguage\":\"fr-BE\"},{\"@type\":\"Person\",\"@id\":\"https:\\\/\\\/www.chemin-neuf.be\\\/fr\\\/#\\\/schema\\\/person\\\/dbc5bb8de9c07e1728535c32a94f0692\",\"name\":\"adminCCN\",\"image\":{\"@type\":\"ImageObject\",\"inLanguage\":\"fr-BE\",\"@id\":\"https:\\\/\\\/secure.gravatar.com\\\/avatar\\\/87c9485d85e005be0f711778f5d5b8ea68d63bcbf73b1f7b969e7e9c9d9db96f?s=96&d=mm&r=g\",\"url\":\"https:\\\/\\\/secure.gravatar.com\\\/avatar\\\/87c9485d85e005be0f711778f5d5b8ea68d63bcbf73b1f7b969e7e9c9d9db96f?s=96&d=mm&r=g\",\"contentUrl\":\"https:\\\/\\\/secure.gravatar.com\\\/avatar\\\/87c9485d85e005be0f711778f5d5b8ea68d63bcbf73b1f7b969e7e9c9d9db96f?s=96&d=mm&r=g\",\"caption\":\"adminCCN\"},\"sameAs\":[\"https:\\\/\\\/www.chemin-neuf.be\"]}]}<\/script>\n<!-- \/ Yoast SEO plugin. -->","yoast_head_json":{"title":"Office pour l'Unit\u00e9 du jeudi 16 avril 2026 - Chemin Neuf Belgique","description":"La paix soit avec vous tous, vers une paix d\u00e9sarm\u00e9e et d\u00e9sarmante","robots":{"index":"index","follow":"follow","max-snippet":"max-snippet:-1","max-image-preview":"max-image-preview:large","max-video-preview":"max-video-preview:-1"},"canonical":"https:\/\/www.chemin-neuf.be\/fr\/office-pour-lunite-du-jeudi-16-avril-2026\/","og_locale":"fr_FR","og_type":"article","og_title":"Office pour l'Unit\u00e9 du jeudi 16 avril 2026 - Chemin Neuf Belgique","og_description":"La paix soit avec vous tous, vers une paix d\u00e9sarm\u00e9e et d\u00e9sarmante","og_url":"https:\/\/www.chemin-neuf.be\/fr\/office-pour-lunite-du-jeudi-16-avril-2026\/","og_site_name":"Chemin Neuf Belgique","article_published_time":"2026-04-13T09:03:02+00:00","article_modified_time":"2026-04-13T09:28:06+00:00","author":"adminCCN","twitter_card":"summary_large_image","twitter_misc":{"\u00c9crit par":"adminCCN","Dur\u00e9e de lecture est.":"5 minutes"},"schema":{"@context":"https:\/\/schema.org","@graph":[{"@type":"Article","@id":"https:\/\/www.chemin-neuf.be\/fr\/office-pour-lunite-du-jeudi-16-avril-2026\/#article","isPartOf":{"@id":"https:\/\/www.chemin-neuf.be\/fr\/office-pour-lunite-du-jeudi-16-avril-2026\/"},"author":{"name":"adminCCN","@id":"https:\/\/www.chemin-neuf.be\/fr\/#\/schema\/person\/dbc5bb8de9c07e1728535c32a94f0692"},"headline":"Office pour l&rsquo;Unit\u00e9 du jeudi 16 avril 2026","datePublished":"2026-04-13T09:03:02+00:00","dateModified":"2026-04-13T09:28:06+00:00","mainEntityOfPage":{"@id":"https:\/\/www.chemin-neuf.be\/fr\/office-pour-lunite-du-jeudi-16-avril-2026\/"},"wordCount":936,"commentCount":0,"image":{"@id":"https:\/\/www.chemin-neuf.be\/fr\/office-pour-lunite-du-jeudi-16-avril-2026\/#primaryimage"},"thumbnailUrl":"https:\/\/www.chemin-neuf.be\/wp-content\/uploads\/2026\/04\/httpsdam.chemin-neuf.netwp-contentuploads202604IMG_Val-de-Paix-II-scaled-1.jpg","articleSection":["non-classifiee","Offices pour l\u2019unit\u00e9"],"inLanguage":"fr-BE","potentialAction":[{"@type":"CommentAction","name":"Comment","target":["https:\/\/www.chemin-neuf.be\/fr\/office-pour-lunite-du-jeudi-16-avril-2026\/#respond"]}]},{"@type":"WebPage","@id":"https:\/\/www.chemin-neuf.be\/fr\/office-pour-lunite-du-jeudi-16-avril-2026\/","url":"https:\/\/www.chemin-neuf.be\/fr\/office-pour-lunite-du-jeudi-16-avril-2026\/","name":"Office pour l'Unit\u00e9 du jeudi 16 avril 2026 - Chemin Neuf Belgique","isPartOf":{"@id":"https:\/\/www.chemin-neuf.be\/fr\/#website"},"primaryImageOfPage":{"@id":"https:\/\/www.chemin-neuf.be\/fr\/office-pour-lunite-du-jeudi-16-avril-2026\/#primaryimage"},"image":{"@id":"https:\/\/www.chemin-neuf.be\/fr\/office-pour-lunite-du-jeudi-16-avril-2026\/#primaryimage"},"thumbnailUrl":"https:\/\/www.chemin-neuf.be\/wp-content\/uploads\/2026\/04\/httpsdam.chemin-neuf.netwp-contentuploads202604IMG_Val-de-Paix-II-scaled-1.jpg","datePublished":"2026-04-13T09:03:02+00:00","dateModified":"2026-04-13T09:28:06+00:00","author":{"@id":"https:\/\/www.chemin-neuf.be\/fr\/#\/schema\/person\/dbc5bb8de9c07e1728535c32a94f0692"},"description":"La paix soit avec vous tous, vers une paix d\u00e9sarm\u00e9e et d\u00e9sarmante","breadcrumb":{"@id":"https:\/\/www.chemin-neuf.be\/fr\/office-pour-lunite-du-jeudi-16-avril-2026\/#breadcrumb"},"inLanguage":"fr-BE","potentialAction":[{"@type":"ReadAction","target":["https:\/\/www.chemin-neuf.be\/fr\/office-pour-lunite-du-jeudi-16-avril-2026\/"]}]},{"@type":"ImageObject","inLanguage":"fr-BE","@id":"https:\/\/www.chemin-neuf.be\/fr\/office-pour-lunite-du-jeudi-16-avril-2026\/#primaryimage","url":"https:\/\/www.chemin-neuf.be\/wp-content\/uploads\/2026\/04\/httpsdam.chemin-neuf.netwp-contentuploads202604IMG_Val-de-Paix-II-scaled-1.jpg","contentUrl":"https:\/\/www.chemin-neuf.be\/wp-content\/uploads\/2026\/04\/httpsdam.chemin-neuf.netwp-contentuploads202604IMG_Val-de-Paix-II-scaled-1.jpg","width":2560,"height":1225},{"@type":"BreadcrumbList","@id":"https:\/\/www.chemin-neuf.be\/fr\/office-pour-lunite-du-jeudi-16-avril-2026\/#breadcrumb","itemListElement":[{"@type":"ListItem","position":1,"name":"Home","item":"https:\/\/www.chemin-neuf.be\/fr\/"},{"@type":"ListItem","position":2,"name":"Office pour l&rsquo;Unit\u00e9 du jeudi 16 avril 2026"}]},{"@type":"WebSite","@id":"https:\/\/www.chemin-neuf.be\/fr\/#website","url":"https:\/\/www.chemin-neuf.be\/fr\/","name":"Chemin Neuf Belgique","description":"Communaut\u00e9 du Chemin Neuf en Belgique","potentialAction":[{"@type":"SearchAction","target":{"@type":"EntryPoint","urlTemplate":"https:\/\/www.chemin-neuf.be\/fr\/?s={search_term_string}"},"query-input":{"@type":"PropertyValueSpecification","valueRequired":true,"valueName":"search_term_string"}}],"inLanguage":"fr-BE"},{"@type":"Person","@id":"https:\/\/www.chemin-neuf.be\/fr\/#\/schema\/person\/dbc5bb8de9c07e1728535c32a94f0692","name":"adminCCN","image":{"@type":"ImageObject","inLanguage":"fr-BE","@id":"https:\/\/secure.gravatar.com\/avatar\/87c9485d85e005be0f711778f5d5b8ea68d63bcbf73b1f7b969e7e9c9d9db96f?s=96&d=mm&r=g","url":"https:\/\/secure.gravatar.com\/avatar\/87c9485d85e005be0f711778f5d5b8ea68d63bcbf73b1f7b969e7e9c9d9db96f?s=96&d=mm&r=g","contentUrl":"https:\/\/secure.gravatar.com\/avatar\/87c9485d85e005be0f711778f5d5b8ea68d63bcbf73b1f7b969e7e9c9d9db96f?s=96&d=mm&r=g","caption":"adminCCN"},"sameAs":["https:\/\/www.chemin-neuf.be"]}]}},"_links":{"self":[{"href":"https:\/\/www.chemin-neuf.be\/fr\/wp-json\/wp\/v2\/posts\/79147","targetHints":{"allow":["GET"]}}],"collection":[{"href":"https:\/\/www.chemin-neuf.be\/fr\/wp-json\/wp\/v2\/posts"}],"about":[{"href":"https:\/\/www.chemin-neuf.be\/fr\/wp-json\/wp\/v2\/types\/post"}],"author":[{"embeddable":true,"href":"https:\/\/www.chemin-neuf.be\/fr\/wp-json\/wp\/v2\/users\/1"}],"replies":[{"embeddable":true,"href":"https:\/\/www.chemin-neuf.be\/fr\/wp-json\/wp\/v2\/comments?post=79147"}],"version-history":[{"count":1,"href":"https:\/\/www.chemin-neuf.be\/fr\/wp-json\/wp\/v2\/posts\/79147\/revisions"}],"predecessor-version":[{"id":79148,"href":"https:\/\/www.chemin-neuf.be\/fr\/wp-json\/wp\/v2\/posts\/79147\/revisions\/79148"}],"wp:featuredmedia":[{"embeddable":true,"href":"https:\/\/www.chemin-neuf.be\/fr\/wp-json\/wp\/v2\/media\/79149"}],"wp:attachment":[{"href":"https:\/\/www.chemin-neuf.be\/fr\/wp-json\/wp\/v2\/media?parent=79147"}],"wp:term":[{"taxonomy":"category","embeddable":true,"href":"https:\/\/www.chemin-neuf.be\/fr\/wp-json\/wp\/v2\/categories?post=79147"},{"taxonomy":"post_tag","embeddable":true,"href":"https:\/\/www.chemin-neuf.be\/fr\/wp-json\/wp\/v2\/tags?post=79147"}],"curies":[{"name":"wp","href":"https:\/\/api.w.org\/{rel}","templated":true}]}}