{"id":77242,"date":"2026-04-04T16:49:21","date_gmt":"2026-04-04T14:49:21","guid":{"rendered":"https:\/\/www.chemin-neuf.be\/office-pour-lunite-du-jeudi-9-avril-2026\/"},"modified":"2026-04-04T17:28:06","modified_gmt":"2026-04-04T15:28:06","slug":"office-pour-lunite-du-jeudi-9-avril-2026","status":"publish","type":"post","link":"https:\/\/www.chemin-neuf.be\/fr\/office-pour-lunite-du-jeudi-9-avril-2026\/","title":{"rendered":"Office pour l&rsquo;Unit\u00e9 du jeudi 9 avril 2026"},"content":{"rendered":"\n<p class=\"has-white-background-color has-background\"><em>Cette semaine, l\u2019office a \u00e9t\u00e9 pr\u00e9par\u00e9 par les fr\u00e8res et s\u0153urs de la communaut\u00e9 au Studim de Chartres<\/em><\/p>\n\n\n\n<h2 class=\"wp-block-heading has-text-align-center has-orange-background-color has-background\"><strong>Texte de m\u00e9ditation<\/strong><\/h2>\n\n\n\n<p class=\"has-text-align-center has-gray-background-color has-background\"><strong><u>Le Christ est ressuscit\u00e9<\/u><\/strong><br><em><em><em>M\u00e9ditation du Fr\u00e8re Roger De Taiz\u00e9, P\u00e2ques 1989<\/em><\/em><\/em><\/p>\n\n\n\n<div class=\"wp-block-columns is-layout-flex wp-container-core-columns-is-layout-9d6595d7 wp-block-columns-is-layout-flex\">\n<div class=\"wp-block-column is-layout-flow wp-block-column-is-layout-flow\">\n<p class=\"has-beige-background-color has-background\" style=\"line-height:2\">Toi le Christ, nous savons par l\u2019Evangile que, ressuscit\u00e9, tu nous habites tous par ton Esprit-Saint. Mais souvent nous avons peine \u00e0 comprendre que tu es ressuscit\u00e9. C\u2019est comme si nous ne le savions pas, ou comme si nous l&rsquo;avions oubli\u00e9.<br>Et pourtant, du tr\u00e9fonds de notre condition humaine, nous cherchons un amour, l&rsquo;\u00e9tonnement de ton amour. Oui, au tr\u00e9fonds de chacun de nous se trouve le d\u00e9sir de ta pr\u00e9sence, toi le Christ qui nous aimes. Ce d\u00e9sir de ta vie en nous est d\u00e9j\u00e0 une communion avec toi, le Ressuscit\u00e9. Ce d\u00e9sir est d\u00e9j\u00e0 la foi, une foi toute humble cach\u00e9e au-dedans de nous-m\u00eames.<br>Et plus encore : tu nous donnes l&rsquo;audace de sauter des murailles d&rsquo;h\u00e9sitations, et m\u00eame de doutes, pour \u00eatre toujours unis \u00e0 toi dans le silence de notre c\u0153ur et renouveler sans cesse un oui de toute l&rsquo;existence.<br><\/p>\n<\/div>\n<\/div>\n\n\n\n<h2 class=\"wp-block-heading has-text-align-center has-orange-background-color has-background\"><strong>Intercessions<\/strong><\/h2>\n\n\n\n<p class=\"has-text-align-center\"><em>A adapter ou modifier selon les lieux et les circonstances<\/em><\/p>\n\n\n\n<div class=\"wp-block-columns alignwide are-vertically-aligned-top has-beige-background-color has-background is-layout-flex wp-container-core-columns-is-layout-9d6595d7 wp-block-columns-is-layout-flex\">\n<div class=\"wp-block-column is-vertically-aligned-top is-layout-flow wp-block-column-is-layout-flow\">\n<p class=\"has-white-background-color has-background\">En cette p\u00e9riode pascale, l\u2019\u00e9v\u00eaque de Chartres a annonc\u00e9 ouvrir un temps particulier allant jusqu\u2019\u00e0 la Pentec\u00f4te. Cette p\u00e9riode de pri\u00e8re et d\u2019\u00e9coute du Seigneur ressuscit\u00e9 vise \u00e0 porter l\u2019avenir du dioc\u00e8se, ses mouvements, ses paroisses et ses \u00e9coles.<br><br><strong><strong><em><strong><em>Seigneur, que ces semaines exceptionnelles soient fructueuses et permette de suivre le souffle de l\u2019Esprit.<\/em><\/strong><\/em><\/strong><\/strong><br><strong><em>Christ ressuscit\u00e9, exauce-nous !<\/em><\/strong><br><\/p>\n<\/div>\n\n\n\n<div class=\"wp-block-column is-vertically-aligned-top is-layout-flow wp-block-column-is-layout-flow\">\n<p class=\"has-white-background-color has-background\"><em>Ce jeudi 9 avril, la grande retraite des 30 jours d\u00e9butera \u00e0 B\u00e9thanien en Suisse. Soixante-dix retraitants vivront tout ou partie des exercices.<\/em><br><br><strong><strong><em><strong><em>Seigneur, que la gr\u00e2ce d\u2019une pri\u00e8re intime et profonde leur permettre de se mettre \u00e0 ton \u00e9coute. Nous te prions \u00e9galement pour les fr\u00e8res et s\u0153urs qui se mettent \u00e0 ton service \u00e0 travers cette retraite.<\/em><\/strong><\/em><\/strong><\/strong><br><strong><em>Christ ressuscit\u00e9, exauce-nous !<\/em><\/strong><br><br><\/p>\n<\/div>\n<\/div>\n\n\n\n<div class=\"wp-block-columns alignwide are-vertically-aligned-top has-beige-background-color has-background is-layout-flex wp-container-core-columns-is-layout-9d6595d7 wp-block-columns-is-layout-flex\">\n<div class=\"wp-block-column is-vertically-aligned-top is-layout-flow wp-block-column-is-layout-flow\">\n<p class=\"has-white-background-color has-background\">Du 13 au 23 avril, le pape L\u00e9on XIV visitera quatre pays africains : l\u2019Alg\u00e9rie, le Cameroun, l\u2019Angola et la Guin\u00e9e \u00e9quatoriale. Un voyage qui sera marqu\u00e9 par des enjeux et th\u00e8mes majeurs tels que le dialogue interreligieux, la paix et la justice sociale.<br><br><strong><strong><em><strong><em><strong><em>Seigneur, que cette \u00e9tape importante, un an apr\u00e8s la fin du conclave, soit v\u00e9cue comme un signe fort d\u2019engagement dans le monde.<\/em><\/strong><\/em><\/strong><\/em><\/strong><\/strong><br><strong><em>Christ ressuscit\u00e9, exauce-nous !<\/em><\/strong><br><br><br><\/p>\n<\/div>\n\n\n\n<div class=\"wp-block-column is-vertically-aligned-top is-layout-flow wp-block-column-is-layout-flow\">\n<p class=\"has-white-background-color has-background\"><em>Lundi dernier, le patriarche \u0153cum\u00e9nique Bartholom\u00e9e a \u00e9t\u00e9 install\u00e9 sous la coupole de l\u2019Institut de France. Cet \u00e9v\u00e8nement a \u00e9t\u00e9 l\u2019occasion de manifester la place des cultes et du christianisme dans l\u2019espace public et parmi les institutions fran\u00e7aises.<\/em><br><br><strong><strong><em><strong><em><strong><em>Seigneur, nous te prions pour les liens entre les \u00c9glises chr\u00e9tiennes et les instances \u00e9tatiques\u00a0: qu\u2019un chemin de respect et de dialogue soit recherch\u00e9 et rendu possible.<\/em><\/strong><\/em><\/strong><\/em><\/strong><\/strong><br><strong><em>Christ ressuscit\u00e9, exauce-nous !<\/em><\/strong><br><\/p>\n<\/div>\n<\/div>\n\n\n\n<h2 class=\"wp-block-heading has-text-align-center has-orange-background-color has-background\"><strong>Pri\u00e8re pour l&rsquo;unit\u00e9 des Chr\u00e9tiens<\/strong><\/h2>\n\n\n\n<p class=\"has-text-align-left has-beige-background-color has-background\">Seigneur J\u00e9sus,<br>Qui as pri\u00e9 pour que tous soient un,<br>Nous te prions pour l\u2019unit\u00e9 des chr\u00e9tiens,<br>Telle que tu la veux,<br>Par les moyens que tu veux.<br>Que ton Esprit nous donne d\u2019\u00e9prouver la souffrance de la s\u00e9paration,<br>De voir notre p\u00e9ch\u00e9,<br>Et d\u2019esp\u00e9rer au-del\u00e0 de toute esp\u00e9rance.<br>Amen !<\/p>\n\n\n\n<p class=\"has-text-align-right has-beige-background-color has-background\"><em>(Pri\u00e8re compos\u00e9e par des membres de la Communaut\u00e9 du Chemin Neuf,<\/em><br><em>\u00e0 partir d\u2019une pri\u00e8re du p\u00e8re Paul Couturier)<\/em><\/p>\n\n\n\n<div class=\"wp-block-buttons alignwide is-horizontal is-content-justification-center is-layout-flex wp-container-core-buttons-is-layout-499968f5 wp-block-buttons-is-layout-flex\">\n<div class=\"wp-block-button\"><a class=\"wp-block-button__link has-orange-background-color has-background has-large-font-size has-custom-font-size wp-element-button\" href=\"https:\/\/drive.google.com\/file\/d\/19jGeyaEoIRtZ9bHUtNJYGmsg6Ifm_2e3\/view?usp=sharing\" target=\"_blank\" rel=\"noreferrer noopener\">T\u00e9l\u00e9charger l&rsquo;office de pri\u00e8re<\/a><\/div>\n<\/div>\n\n\n\n<div class=\"wp-block-buttons alignwide is-horizontal is-content-justification-center is-layout-flex wp-container-core-buttons-is-layout-499968f5 wp-block-buttons-is-layout-flex\">\n<div class=\"wp-block-button\"><a class=\"wp-block-button__link has-orange-background-color has-background has-large-font-size has-custom-font-size wp-element-button\" href=\"https:\/\/drive.google.com\/file\/d\/1eIeGwshzQCT4wmLXL_7laulCaTc98lMM\/view?usp=sharing\" target=\"_blank\" rel=\"noreferrer noopener\">Proposition de d\u00e9roul\u00e9 de l&rsquo;office<\/a><\/div>\n<\/div>\n\n\n\n<p><\/p>\n","protected":false},"excerpt":{"rendered":"<p>Le Christ est ressuscit\u00e9<\/p>\n","protected":false},"author":1,"featured_media":77244,"comment_status":"open","ping_status":"open","sticky":false,"template":"","format":"standard","meta":{"_acf_changed":false,"footnotes":""},"categories":[49],"tags":[],"class_list":["post-77242","post","type-post","status-publish","format-standard","has-post-thumbnail","hentry","category-offices-pour-lunite-fr"],"acf":[],"yoast_head":"<!-- This site is optimized with the Yoast SEO plugin v27.5 - https:\/\/yoast.com\/product\/yoast-seo-wordpress\/ -->\n<title>Office pour l&#039;Unit\u00e9 du jeudi 9 avril 2026 - Chemin Neuf Belgique<\/title>\n<meta name=\"description\" content=\"Le Christ est ressuscit\u00e9\" \/>\n<meta name=\"robots\" content=\"index, follow, max-snippet:-1, max-image-preview:large, max-video-preview:-1\" \/>\n<link rel=\"canonical\" href=\"https:\/\/www.chemin-neuf.be\/fr\/office-pour-lunite-du-jeudi-9-avril-2026\/\" \/>\n<meta property=\"og:locale\" content=\"fr_FR\" \/>\n<meta property=\"og:type\" content=\"article\" \/>\n<meta property=\"og:title\" content=\"Office pour l&#039;Unit\u00e9 du jeudi 9 avril 2026 - Chemin Neuf Belgique\" \/>\n<meta property=\"og:description\" content=\"Le Christ est ressuscit\u00e9\" \/>\n<meta property=\"og:url\" content=\"https:\/\/www.chemin-neuf.be\/fr\/office-pour-lunite-du-jeudi-9-avril-2026\/\" \/>\n<meta property=\"og:site_name\" content=\"Chemin Neuf Belgique\" \/>\n<meta property=\"article:published_time\" content=\"2026-04-04T14:49:21+00:00\" \/>\n<meta property=\"article:modified_time\" content=\"2026-04-04T15:28:06+00:00\" \/>\n<meta name=\"author\" content=\"adminCCN\" \/>\n<meta name=\"twitter:card\" content=\"summary_large_image\" \/>\n<meta name=\"twitter:label1\" content=\"\u00c9crit par\" \/>\n\t<meta name=\"twitter:data1\" content=\"adminCCN\" \/>\n\t<meta name=\"twitter:label2\" content=\"Dur\u00e9e de lecture est.\" \/>\n\t<meta name=\"twitter:data2\" content=\"3 minutes\" \/>\n<script type=\"application\/ld+json\" class=\"yoast-schema-graph\">{\"@context\":\"https:\\\/\\\/schema.org\",\"@graph\":[{\"@type\":\"Article\",\"@id\":\"https:\\\/\\\/www.chemin-neuf.be\\\/fr\\\/office-pour-lunite-du-jeudi-9-avril-2026\\\/#article\",\"isPartOf\":{\"@id\":\"https:\\\/\\\/www.chemin-neuf.be\\\/fr\\\/office-pour-lunite-du-jeudi-9-avril-2026\\\/\"},\"author\":{\"name\":\"adminCCN\",\"@id\":\"https:\\\/\\\/www.chemin-neuf.be\\\/fr\\\/#\\\/schema\\\/person\\\/dbc5bb8de9c07e1728535c32a94f0692\"},\"headline\":\"Office pour l&rsquo;Unit\u00e9 du jeudi 9 avril 2026\",\"datePublished\":\"2026-04-04T14:49:21+00:00\",\"dateModified\":\"2026-04-04T15:28:06+00:00\",\"mainEntityOfPage\":{\"@id\":\"https:\\\/\\\/www.chemin-neuf.be\\\/fr\\\/office-pour-lunite-du-jeudi-9-avril-2026\\\/\"},\"wordCount\":605,\"commentCount\":0,\"image\":{\"@id\":\"https:\\\/\\\/www.chemin-neuf.be\\\/fr\\\/office-pour-lunite-du-jeudi-9-avril-2026\\\/#primaryimage\"},\"thumbnailUrl\":\"https:\\\/\\\/www.chemin-neuf.be\\\/wp-content\\\/uploads\\\/2026\\\/04\\\/httpsdam.chemin-neuf.netwp-contentuploads202604Cathedrale-de-Chartres-vue-du-Studium.jpeg\",\"articleSection\":[\"Offices pour l\u2019unit\u00e9\"],\"inLanguage\":\"fr-BE\",\"potentialAction\":[{\"@type\":\"CommentAction\",\"name\":\"Comment\",\"target\":[\"https:\\\/\\\/www.chemin-neuf.be\\\/fr\\\/office-pour-lunite-du-jeudi-9-avril-2026\\\/#respond\"]}]},{\"@type\":\"WebPage\",\"@id\":\"https:\\\/\\\/www.chemin-neuf.be\\\/fr\\\/office-pour-lunite-du-jeudi-9-avril-2026\\\/\",\"url\":\"https:\\\/\\\/www.chemin-neuf.be\\\/fr\\\/office-pour-lunite-du-jeudi-9-avril-2026\\\/\",\"name\":\"Office pour l'Unit\u00e9 du jeudi 9 avril 2026 - Chemin Neuf Belgique\",\"isPartOf\":{\"@id\":\"https:\\\/\\\/www.chemin-neuf.be\\\/fr\\\/#website\"},\"primaryImageOfPage\":{\"@id\":\"https:\\\/\\\/www.chemin-neuf.be\\\/fr\\\/office-pour-lunite-du-jeudi-9-avril-2026\\\/#primaryimage\"},\"image\":{\"@id\":\"https:\\\/\\\/www.chemin-neuf.be\\\/fr\\\/office-pour-lunite-du-jeudi-9-avril-2026\\\/#primaryimage\"},\"thumbnailUrl\":\"https:\\\/\\\/www.chemin-neuf.be\\\/wp-content\\\/uploads\\\/2026\\\/04\\\/httpsdam.chemin-neuf.netwp-contentuploads202604Cathedrale-de-Chartres-vue-du-Studium.jpeg\",\"datePublished\":\"2026-04-04T14:49:21+00:00\",\"dateModified\":\"2026-04-04T15:28:06+00:00\",\"author\":{\"@id\":\"https:\\\/\\\/www.chemin-neuf.be\\\/fr\\\/#\\\/schema\\\/person\\\/dbc5bb8de9c07e1728535c32a94f0692\"},\"description\":\"Le Christ est ressuscit\u00e9\",\"breadcrumb\":{\"@id\":\"https:\\\/\\\/www.chemin-neuf.be\\\/fr\\\/office-pour-lunite-du-jeudi-9-avril-2026\\\/#breadcrumb\"},\"inLanguage\":\"fr-BE\",\"potentialAction\":[{\"@type\":\"ReadAction\",\"target\":[\"https:\\\/\\\/www.chemin-neuf.be\\\/fr\\\/office-pour-lunite-du-jeudi-9-avril-2026\\\/\"]}]},{\"@type\":\"ImageObject\",\"inLanguage\":\"fr-BE\",\"@id\":\"https:\\\/\\\/www.chemin-neuf.be\\\/fr\\\/office-pour-lunite-du-jeudi-9-avril-2026\\\/#primaryimage\",\"url\":\"https:\\\/\\\/www.chemin-neuf.be\\\/wp-content\\\/uploads\\\/2026\\\/04\\\/httpsdam.chemin-neuf.netwp-contentuploads202604Cathedrale-de-Chartres-vue-du-Studium.jpeg\",\"contentUrl\":\"https:\\\/\\\/www.chemin-neuf.be\\\/wp-content\\\/uploads\\\/2026\\\/04\\\/httpsdam.chemin-neuf.netwp-contentuploads202604Cathedrale-de-Chartres-vue-du-Studium.jpeg\",\"width\":1530,\"height\":2040},{\"@type\":\"BreadcrumbList\",\"@id\":\"https:\\\/\\\/www.chemin-neuf.be\\\/fr\\\/office-pour-lunite-du-jeudi-9-avril-2026\\\/#breadcrumb\",\"itemListElement\":[{\"@type\":\"ListItem\",\"position\":1,\"name\":\"Home\",\"item\":\"https:\\\/\\\/www.chemin-neuf.be\\\/fr\\\/\"},{\"@type\":\"ListItem\",\"position\":2,\"name\":\"Office pour l&rsquo;Unit\u00e9 du jeudi 9 avril 2026\"}]},{\"@type\":\"WebSite\",\"@id\":\"https:\\\/\\\/www.chemin-neuf.be\\\/fr\\\/#website\",\"url\":\"https:\\\/\\\/www.chemin-neuf.be\\\/fr\\\/\",\"name\":\"Chemin Neuf Belgique\",\"description\":\"Communaut\u00e9 du Chemin Neuf en Belgique\",\"potentialAction\":[{\"@type\":\"SearchAction\",\"target\":{\"@type\":\"EntryPoint\",\"urlTemplate\":\"https:\\\/\\\/www.chemin-neuf.be\\\/fr\\\/?s={search_term_string}\"},\"query-input\":{\"@type\":\"PropertyValueSpecification\",\"valueRequired\":true,\"valueName\":\"search_term_string\"}}],\"inLanguage\":\"fr-BE\"},{\"@type\":\"Person\",\"@id\":\"https:\\\/\\\/www.chemin-neuf.be\\\/fr\\\/#\\\/schema\\\/person\\\/dbc5bb8de9c07e1728535c32a94f0692\",\"name\":\"adminCCN\",\"image\":{\"@type\":\"ImageObject\",\"inLanguage\":\"fr-BE\",\"@id\":\"https:\\\/\\\/secure.gravatar.com\\\/avatar\\\/87c9485d85e005be0f711778f5d5b8ea68d63bcbf73b1f7b969e7e9c9d9db96f?s=96&d=mm&r=g\",\"url\":\"https:\\\/\\\/secure.gravatar.com\\\/avatar\\\/87c9485d85e005be0f711778f5d5b8ea68d63bcbf73b1f7b969e7e9c9d9db96f?s=96&d=mm&r=g\",\"contentUrl\":\"https:\\\/\\\/secure.gravatar.com\\\/avatar\\\/87c9485d85e005be0f711778f5d5b8ea68d63bcbf73b1f7b969e7e9c9d9db96f?s=96&d=mm&r=g\",\"caption\":\"adminCCN\"},\"sameAs\":[\"https:\\\/\\\/www.chemin-neuf.be\"]}]}<\/script>\n<!-- \/ Yoast SEO plugin. -->","yoast_head_json":{"title":"Office pour l'Unit\u00e9 du jeudi 9 avril 2026 - Chemin Neuf Belgique","description":"Le Christ est ressuscit\u00e9","robots":{"index":"index","follow":"follow","max-snippet":"max-snippet:-1","max-image-preview":"max-image-preview:large","max-video-preview":"max-video-preview:-1"},"canonical":"https:\/\/www.chemin-neuf.be\/fr\/office-pour-lunite-du-jeudi-9-avril-2026\/","og_locale":"fr_FR","og_type":"article","og_title":"Office pour l'Unit\u00e9 du jeudi 9 avril 2026 - Chemin Neuf Belgique","og_description":"Le Christ est ressuscit\u00e9","og_url":"https:\/\/www.chemin-neuf.be\/fr\/office-pour-lunite-du-jeudi-9-avril-2026\/","og_site_name":"Chemin Neuf Belgique","article_published_time":"2026-04-04T14:49:21+00:00","article_modified_time":"2026-04-04T15:28:06+00:00","author":"adminCCN","twitter_card":"summary_large_image","twitter_misc":{"\u00c9crit par":"adminCCN","Dur\u00e9e de lecture est.":"3 minutes"},"schema":{"@context":"https:\/\/schema.org","@graph":[{"@type":"Article","@id":"https:\/\/www.chemin-neuf.be\/fr\/office-pour-lunite-du-jeudi-9-avril-2026\/#article","isPartOf":{"@id":"https:\/\/www.chemin-neuf.be\/fr\/office-pour-lunite-du-jeudi-9-avril-2026\/"},"author":{"name":"adminCCN","@id":"https:\/\/www.chemin-neuf.be\/fr\/#\/schema\/person\/dbc5bb8de9c07e1728535c32a94f0692"},"headline":"Office pour l&rsquo;Unit\u00e9 du jeudi 9 avril 2026","datePublished":"2026-04-04T14:49:21+00:00","dateModified":"2026-04-04T15:28:06+00:00","mainEntityOfPage":{"@id":"https:\/\/www.chemin-neuf.be\/fr\/office-pour-lunite-du-jeudi-9-avril-2026\/"},"wordCount":605,"commentCount":0,"image":{"@id":"https:\/\/www.chemin-neuf.be\/fr\/office-pour-lunite-du-jeudi-9-avril-2026\/#primaryimage"},"thumbnailUrl":"https:\/\/www.chemin-neuf.be\/wp-content\/uploads\/2026\/04\/httpsdam.chemin-neuf.netwp-contentuploads202604Cathedrale-de-Chartres-vue-du-Studium.jpeg","articleSection":["Offices pour l\u2019unit\u00e9"],"inLanguage":"fr-BE","potentialAction":[{"@type":"CommentAction","name":"Comment","target":["https:\/\/www.chemin-neuf.be\/fr\/office-pour-lunite-du-jeudi-9-avril-2026\/#respond"]}]},{"@type":"WebPage","@id":"https:\/\/www.chemin-neuf.be\/fr\/office-pour-lunite-du-jeudi-9-avril-2026\/","url":"https:\/\/www.chemin-neuf.be\/fr\/office-pour-lunite-du-jeudi-9-avril-2026\/","name":"Office pour l'Unit\u00e9 du jeudi 9 avril 2026 - Chemin Neuf Belgique","isPartOf":{"@id":"https:\/\/www.chemin-neuf.be\/fr\/#website"},"primaryImageOfPage":{"@id":"https:\/\/www.chemin-neuf.be\/fr\/office-pour-lunite-du-jeudi-9-avril-2026\/#primaryimage"},"image":{"@id":"https:\/\/www.chemin-neuf.be\/fr\/office-pour-lunite-du-jeudi-9-avril-2026\/#primaryimage"},"thumbnailUrl":"https:\/\/www.chemin-neuf.be\/wp-content\/uploads\/2026\/04\/httpsdam.chemin-neuf.netwp-contentuploads202604Cathedrale-de-Chartres-vue-du-Studium.jpeg","datePublished":"2026-04-04T14:49:21+00:00","dateModified":"2026-04-04T15:28:06+00:00","author":{"@id":"https:\/\/www.chemin-neuf.be\/fr\/#\/schema\/person\/dbc5bb8de9c07e1728535c32a94f0692"},"description":"Le Christ est ressuscit\u00e9","breadcrumb":{"@id":"https:\/\/www.chemin-neuf.be\/fr\/office-pour-lunite-du-jeudi-9-avril-2026\/#breadcrumb"},"inLanguage":"fr-BE","potentialAction":[{"@type":"ReadAction","target":["https:\/\/www.chemin-neuf.be\/fr\/office-pour-lunite-du-jeudi-9-avril-2026\/"]}]},{"@type":"ImageObject","inLanguage":"fr-BE","@id":"https:\/\/www.chemin-neuf.be\/fr\/office-pour-lunite-du-jeudi-9-avril-2026\/#primaryimage","url":"https:\/\/www.chemin-neuf.be\/wp-content\/uploads\/2026\/04\/httpsdam.chemin-neuf.netwp-contentuploads202604Cathedrale-de-Chartres-vue-du-Studium.jpeg","contentUrl":"https:\/\/www.chemin-neuf.be\/wp-content\/uploads\/2026\/04\/httpsdam.chemin-neuf.netwp-contentuploads202604Cathedrale-de-Chartres-vue-du-Studium.jpeg","width":1530,"height":2040},{"@type":"BreadcrumbList","@id":"https:\/\/www.chemin-neuf.be\/fr\/office-pour-lunite-du-jeudi-9-avril-2026\/#breadcrumb","itemListElement":[{"@type":"ListItem","position":1,"name":"Home","item":"https:\/\/www.chemin-neuf.be\/fr\/"},{"@type":"ListItem","position":2,"name":"Office pour l&rsquo;Unit\u00e9 du jeudi 9 avril 2026"}]},{"@type":"WebSite","@id":"https:\/\/www.chemin-neuf.be\/fr\/#website","url":"https:\/\/www.chemin-neuf.be\/fr\/","name":"Chemin Neuf Belgique","description":"Communaut\u00e9 du Chemin Neuf en Belgique","potentialAction":[{"@type":"SearchAction","target":{"@type":"EntryPoint","urlTemplate":"https:\/\/www.chemin-neuf.be\/fr\/?s={search_term_string}"},"query-input":{"@type":"PropertyValueSpecification","valueRequired":true,"valueName":"search_term_string"}}],"inLanguage":"fr-BE"},{"@type":"Person","@id":"https:\/\/www.chemin-neuf.be\/fr\/#\/schema\/person\/dbc5bb8de9c07e1728535c32a94f0692","name":"adminCCN","image":{"@type":"ImageObject","inLanguage":"fr-BE","@id":"https:\/\/secure.gravatar.com\/avatar\/87c9485d85e005be0f711778f5d5b8ea68d63bcbf73b1f7b969e7e9c9d9db96f?s=96&d=mm&r=g","url":"https:\/\/secure.gravatar.com\/avatar\/87c9485d85e005be0f711778f5d5b8ea68d63bcbf73b1f7b969e7e9c9d9db96f?s=96&d=mm&r=g","contentUrl":"https:\/\/secure.gravatar.com\/avatar\/87c9485d85e005be0f711778f5d5b8ea68d63bcbf73b1f7b969e7e9c9d9db96f?s=96&d=mm&r=g","caption":"adminCCN"},"sameAs":["https:\/\/www.chemin-neuf.be"]}]}},"_links":{"self":[{"href":"https:\/\/www.chemin-neuf.be\/fr\/wp-json\/wp\/v2\/posts\/77242","targetHints":{"allow":["GET"]}}],"collection":[{"href":"https:\/\/www.chemin-neuf.be\/fr\/wp-json\/wp\/v2\/posts"}],"about":[{"href":"https:\/\/www.chemin-neuf.be\/fr\/wp-json\/wp\/v2\/types\/post"}],"author":[{"embeddable":true,"href":"https:\/\/www.chemin-neuf.be\/fr\/wp-json\/wp\/v2\/users\/1"}],"replies":[{"embeddable":true,"href":"https:\/\/www.chemin-neuf.be\/fr\/wp-json\/wp\/v2\/comments?post=77242"}],"version-history":[{"count":1,"href":"https:\/\/www.chemin-neuf.be\/fr\/wp-json\/wp\/v2\/posts\/77242\/revisions"}],"predecessor-version":[{"id":77243,"href":"https:\/\/www.chemin-neuf.be\/fr\/wp-json\/wp\/v2\/posts\/77242\/revisions\/77243"}],"wp:featuredmedia":[{"embeddable":true,"href":"https:\/\/www.chemin-neuf.be\/fr\/wp-json\/wp\/v2\/media\/77244"}],"wp:attachment":[{"href":"https:\/\/www.chemin-neuf.be\/fr\/wp-json\/wp\/v2\/media?parent=77242"}],"wp:term":[{"taxonomy":"category","embeddable":true,"href":"https:\/\/www.chemin-neuf.be\/fr\/wp-json\/wp\/v2\/categories?post=77242"},{"taxonomy":"post_tag","embeddable":true,"href":"https:\/\/www.chemin-neuf.be\/fr\/wp-json\/wp\/v2\/tags?post=77242"}],"curies":[{"name":"wp","href":"https:\/\/api.w.org\/{rel}","templated":true}]}}