{"id":76524,"date":"2026-03-27T09:51:38","date_gmt":"2026-03-27T08:51:38","guid":{"rendered":"https:\/\/www.chemin-neuf.be\/installation-archeveque-canterbury\/"},"modified":"2026-03-30T16:12:53","modified_gmt":"2026-03-30T14:12:53","slug":"installation-archeveque-canterbury","status":"publish","type":"post","link":"https:\/\/www.chemin-neuf.be\/fr\/installation-archeveque-canterbury\/","title":{"rendered":"Installation de la 106\u00e8me Archev\u00eaque de Canterbury"},"content":{"rendered":"\n<p><strong>Par Sr Anne-Cathy Graber, avec Sr Pascale Avice<\/strong><\/p>\n\n\n\n<p class=\"has-beige-background-color has-background\">Anne-Cathy Graber et Pascale Avice, soeurs de la Communaut\u00e9 du Chemin Neuf ont \u00e9t\u00e9 invit\u00e9es \u00e0 participer le 25 mars \u00e0 l\u2019installation de Sarah Mullally comme 106e Archev\u00eaque de Canterbery. Pascale Avice a \u00e9t\u00e9 en mission pendant de nombreuses ann\u00e9es \u00e0 Lambeth Palace avec la Communaut\u00e9 du Chemin Neuf. Anne-Cathy Graber, pasteure mennonite, a \u00e9t\u00e9 invit\u00e9e en tant que responsable des relations oecum\u00e9niques pour la Conf\u00e9rence Mennonite Mondiale.\u00a0<br>Anne-Cathy nous partage ses impressions sur une femme qui s\u2019inscrit dans un chemin d\u00e9j\u00e0 engag\u00e9 dans l\u2019\u00e9coute et la rencontre. De son arriv\u00e9e en p\u00e8lerine jusqu\u2019\u00e0 un temps fraternel et simple avec quelques responsables d\u2019\u00c9glises, quelque chose du visage d\u2019une \u00c9glise en chemin et en dialogue s\u2019est donn\u00e9 \u00e0 voir.<\/p>\n\n\n\n<p>Et si l\u2019on parlait de la c\u00e9l\u00e9bration d\u2019installation de la nouvelle archev\u00eaque de Canterbury, Primate de la Communion anglicane, en commen\u00e7ant par dire ce qui a pr\u00e9c\u00e9d\u00e9 et suivi&nbsp;cet \u00e9v\u00e9nement ?&nbsp; En effet, deux moments encadrent ce moment historique et t\u00e9moignent des choix personnels de l\u2019archev\u00eaque Sarah Mullally. Deux moments, l\u2019un relat\u00e9 par les m\u00e9dias, l\u2019autre v\u00e9cu en toute discr\u00e9tion.<\/p>\n\n\n\n<p>Partie de Londres, o\u00f9 elle \u00e9tait \u00e9v\u00eaque, Sarah Mullally est arriv\u00e9e \u00e0 Canterbury en p\u00e8lerin, avec son mari, apr\u00e8s 10 jours de marche au cours desquels elle a rencontr\u00e9 les Eglises locales, les associations,\u2026,&nbsp; et toutes celles et ceux qui souhaitaient se joindre \u00e0 sa marche pendant quelques kilom\u00e8tres. Belle parabole d\u2019une autorit\u00e9 synodale, qui \u00ab&nbsp;marche avec&nbsp;\u00bb, et qui \u00e9coute&nbsp;! Tel est l\u2019\u00e9v\u00e9nement qui a pr\u00e9c\u00e9d\u00e9 la c\u00e9l\u00e9bration d\u2019installation elle-m\u00eame.<\/p>\n\n\n\n<p>C\u2019est ce m\u00eame t\u00e9moignage d\u2019une autorit\u00e9 qui \u00e9coute et se fait proche que quelques-uns d\u2019entre nous ont v\u00e9cu le lendemain de la magnifique c\u00e9l\u00e9bration. En effet, de fa\u00e7on plut\u00f4t impr\u00e9vue, \u00e9taient invit\u00e9s pour un temps de rencontre, les responsables d\u2019Eglises pr\u00e9sents \u00e0 la c\u00e9l\u00e9bration. Apr\u00e8s avoir re\u00e7u l<a href=\"https:\/\/www.archbishopofcanterbury.org\/news\/pope-and-archbishop-canterbury-exchange-letters-archbishop-sarahs-installation\">es d\u00e9l\u00e9gations catholiques<\/a>, puis orthodoxes, les responsables des familles protestantes, en raison du caract\u00e8re tardif de l\u2019invitation, se sont retrouv\u00e9s au nombres de\u2026 six (!)\u2026 De plus, il ne s\u2019agissait pas des repr\u00e9sentants des grandes traditions protestantes (luth\u00e9rienne, r\u00e9form\u00e9es, m\u00e9thodistes, \u2026)&nbsp;mais des responsables de l\u2019Arm\u00e9e du Salut, des Quakers, des Mennonites, et du Forum Chr\u00e9tien Mondial. L\u2019archev\u00eaque Sarah Mullally a ouvert ce moment en disant combien il \u00e9tait important pour elle que les autres Eglises aient \u00e9t\u00e9 pr\u00e9sentes \u00e0 cette c\u00e9l\u00e9bration et que l\u2019appel \u0153cum\u00e9nique \u00e9tait fondamental pour son minist\u00e8re. Elle a invit\u00e9 chacun d\u2019entre nous \u00e0 partager ce que nous pensions et avions retenu de la c\u00e9l\u00e9bration de la veille. Puis, l\u2019une d\u2019entre nous a propos\u00e9 que l\u2019on prie ensemble, de fa\u00e7on spontan\u00e9e. Ce qui s\u2019est fait tr\u00e8s simplement. Pour conclure, le responsable quaker a invit\u00e9, selon sa propre tradition, \u00e0 un temps de pri\u00e8re en silence. Simplicit\u00e9, fraternit\u00e9, et un peu d\u2019\u00e9motion\u2026 Les quelques \u00e9v\u00eaques anglicans pr\u00e9sents au fond de la salle ont confirm\u00e9 que ce n\u2019\u00e9tait pas si habituel, mais combien \u00e0 l\u2019image de cette femme.<\/p>\n\n\n\n<p>Quant \u00e0 la c\u00e9l\u00e9bration, le mieux serait de la visionner car c\u2019est une belle mani\u00e8re de se rendre proche de la liturgie anglicane&nbsp;<\/p>\n\n\n\n<figure class=\"wp-block-embed aligncenter is-type-video is-provider-youtube wp-block-embed-youtube wp-embed-aspect-16-9 wp-has-aspect-ratio\"><div class=\"wp-block-embed__wrapper\">\n<iframe loading=\"lazy\" title=\"Watch the Installation of the Archbishop of Canterbury,\u202fSarah Mullally, LIVE at Canterbury Cathedral\" width=\"500\" height=\"281\" src=\"https:\/\/www.youtube.com\/embed\/MjLK48OWDRc?feature=oembed\" frameborder=\"0\" allow=\"accelerometer; autoplay; clipboard-write; encrypted-media; gyroscope; picture-in-picture; web-share\" referrerpolicy=\"strict-origin-when-cross-origin\" allowfullscreen><\/iframe>\n<\/div><\/figure>\n\n\n\n<p>Je retiens l\u2019ouverture, lorsque l\u2019archev\u00eaque, encore \u00e0 l\u2019ext\u00e9rieur de la cath\u00e9drale de Canterbury, a frapp\u00e9 trois fois \u00e0 la porte. S\u2019est alors instaur\u00e9 un dialogue entre elle et des enfants&nbsp;: \u00ab&nbsp;Qui es-tu et pourquoi demandes-tu d\u2019entrer&nbsp;?&nbsp;\u00bb \u00ab&nbsp;Je suis Sarah, une servante de J\u00e9sus-Christ, et je viens comme quelqu\u2019un qui cherche la gr\u00e2ce de Dieu, pour marcher avec vous&nbsp;\u00bb. Ou encore&nbsp;: \u00ab&nbsp;Comment viens-tu au milieu de nous et avec quelle assurance&nbsp;?&nbsp;\u00bb \u00ab&nbsp;Je viens ne connaissant rien d\u2019autre que J\u00e9sus-Christ, J\u00e9sus Christ crucifi\u00e9, et dans la faiblesse, la peur et avec beaucoup de tremblements.&nbsp;\u00bb.<\/p>\n\n\n\n<p>L\u2019engagement \u0153cum\u00e9nique n\u2019\u00e9tait pas rendu visible seulement par la pr\u00e9sence des responsables de presque toutes les Eglises, sans oublier les repr\u00e9sentants des autres religions. Il a \u00e9t\u00e9 demand\u00e9 si, en tant qu\u2019archev\u00eaque de Canterbury, Sarah Mullally acceptait de s\u2019engager \u00e0 prier et travailler pour l\u2019unit\u00e9 visible de l\u2019Eglise du Christ, et \u00e0 signer solennellement cette alliance avec \u00ab&nbsp;Churches together&nbsp;\u00bb, un mouvement \u0153cum\u00e9nique tr\u00e8s important au Royaume Uni, entre autres.<\/p>\n\n\n\n<p>25 mars&nbsp;: il s\u2019agissait du jour de l\u2019Annonciation. Une telle c\u00e9l\u00e9bration a rendu \u00ab&nbsp;visible&nbsp;\u00bb la parole de Marie, ce que n\u2019a pas manqu\u00e9 de souligner Sarah Mullally dans son sermon&nbsp;o\u00f9 elle s\u2019est souvenue d\u2019elle-m\u00eame \u00e0 seize ans, alors infirmi\u00e8re : \u00ab&nbsp;car rien n\u2019est impossible \u00e0 Dieu&nbsp;\u00bb.<\/p>\n\n\n\n<div style=\"height:25px\" aria-hidden=\"true\" class=\"wp-block-spacer\"><\/div>\n","protected":false},"excerpt":{"rendered":"<p>Nos deux soeurs de communaut\u00e9 ont particip\u00e9 le 25 mars \u00e0 l\u2019installation Sarah Mullally comme 106e Archev\u00eaque de Canterbury<\/p>\n","protected":false},"author":1,"featured_media":76529,"comment_status":"open","ping_status":"open","sticky":false,"template":"","format":"standard","meta":{"_acf_changed":false,"footnotes":""},"categories":[47],"tags":[],"class_list":["post-76524","post","type-post","status-publish","format-standard","has-post-thumbnail","hentry","category-actualites-internationales-fr"],"acf":[],"yoast_head":"<!-- This site is optimized with the Yoast SEO plugin v27.5 - https:\/\/yoast.com\/product\/yoast-seo-wordpress\/ -->\n<title>Installation de la 106\u00e8me Archev\u00eaque de Canterbury - Chemin Neuf Belgique<\/title>\n<meta name=\"description\" content=\"Nos deux soeurs de communaut\u00e9 ont particip\u00e9 le 25 mars \u00e0 l\u2019installation Sarah Mullally comme 106e Archev\u00eaque de Canterbury\" \/>\n<meta name=\"robots\" content=\"index, follow, max-snippet:-1, max-image-preview:large, max-video-preview:-1\" \/>\n<link rel=\"canonical\" href=\"https:\/\/www.chemin-neuf.be\/fr\/installation-archeveque-canterbury\/\" \/>\n<meta property=\"og:locale\" content=\"fr_FR\" \/>\n<meta property=\"og:type\" content=\"article\" \/>\n<meta property=\"og:title\" content=\"Installation de la 106\u00e8me Archev\u00eaque de Canterbury - Chemin Neuf Belgique\" \/>\n<meta property=\"og:description\" content=\"Nos deux soeurs de communaut\u00e9 ont particip\u00e9 le 25 mars \u00e0 l\u2019installation Sarah Mullally comme 106e Archev\u00eaque de Canterbury\" \/>\n<meta property=\"og:url\" content=\"https:\/\/www.chemin-neuf.be\/fr\/installation-archeveque-canterbury\/\" \/>\n<meta property=\"og:site_name\" content=\"Chemin Neuf Belgique\" \/>\n<meta property=\"article:published_time\" content=\"2026-03-27T08:51:38+00:00\" \/>\n<meta property=\"article:modified_time\" content=\"2026-03-30T14:12:53+00:00\" \/>\n<meta property=\"og:image\" content=\"https:\/\/www.chemin-neuf.be\/wp-content\/uploads\/2026\/03\/httpsdam.chemin-neuf.netwp-contentuploads202603maxresdefault-e1774601897974.jpg\" \/>\n\t<meta property=\"og:image:width\" content=\"1280\" \/>\n\t<meta property=\"og:image:height\" content=\"378\" \/>\n\t<meta property=\"og:image:type\" content=\"image\/jpeg\" \/>\n<meta name=\"author\" content=\"adminCCN\" \/>\n<meta name=\"twitter:card\" content=\"summary_large_image\" \/>\n<meta name=\"twitter:label1\" content=\"\u00c9crit par\" \/>\n\t<meta name=\"twitter:data1\" content=\"adminCCN\" \/>\n\t<meta name=\"twitter:label2\" content=\"Dur\u00e9e de lecture est.\" \/>\n\t<meta name=\"twitter:data2\" content=\"4 minutes\" \/>\n<script type=\"application\/ld+json\" class=\"yoast-schema-graph\">{\"@context\":\"https:\\\/\\\/schema.org\",\"@graph\":[{\"@type\":\"Article\",\"@id\":\"https:\\\/\\\/www.chemin-neuf.be\\\/fr\\\/installation-archeveque-canterbury\\\/#article\",\"isPartOf\":{\"@id\":\"https:\\\/\\\/www.chemin-neuf.be\\\/fr\\\/installation-archeveque-canterbury\\\/\"},\"author\":{\"name\":\"adminCCN\",\"@id\":\"https:\\\/\\\/www.chemin-neuf.be\\\/fr\\\/#\\\/schema\\\/person\\\/dbc5bb8de9c07e1728535c32a94f0692\"},\"headline\":\"Installation de la 106\u00e8me Archev\u00eaque de Canterbury\",\"datePublished\":\"2026-03-27T08:51:38+00:00\",\"dateModified\":\"2026-03-30T14:12:53+00:00\",\"mainEntityOfPage\":{\"@id\":\"https:\\\/\\\/www.chemin-neuf.be\\\/fr\\\/installation-archeveque-canterbury\\\/\"},\"wordCount\":881,\"commentCount\":0,\"image\":{\"@id\":\"https:\\\/\\\/www.chemin-neuf.be\\\/fr\\\/installation-archeveque-canterbury\\\/#primaryimage\"},\"thumbnailUrl\":\"https:\\\/\\\/www.chemin-neuf.be\\\/wp-content\\\/uploads\\\/2026\\\/03\\\/httpsdam.chemin-neuf.netwp-contentuploads202603maxresdefault-e1774601897974.jpg\",\"articleSection\":[\"Actualit\u00e9s Internationales\"],\"inLanguage\":\"fr-BE\",\"potentialAction\":[{\"@type\":\"CommentAction\",\"name\":\"Comment\",\"target\":[\"https:\\\/\\\/www.chemin-neuf.be\\\/fr\\\/installation-archeveque-canterbury\\\/#respond\"]}]},{\"@type\":\"WebPage\",\"@id\":\"https:\\\/\\\/www.chemin-neuf.be\\\/fr\\\/installation-archeveque-canterbury\\\/\",\"url\":\"https:\\\/\\\/www.chemin-neuf.be\\\/fr\\\/installation-archeveque-canterbury\\\/\",\"name\":\"Installation de la 106\u00e8me Archev\u00eaque de Canterbury - Chemin Neuf Belgique\",\"isPartOf\":{\"@id\":\"https:\\\/\\\/www.chemin-neuf.be\\\/fr\\\/#website\"},\"primaryImageOfPage\":{\"@id\":\"https:\\\/\\\/www.chemin-neuf.be\\\/fr\\\/installation-archeveque-canterbury\\\/#primaryimage\"},\"image\":{\"@id\":\"https:\\\/\\\/www.chemin-neuf.be\\\/fr\\\/installation-archeveque-canterbury\\\/#primaryimage\"},\"thumbnailUrl\":\"https:\\\/\\\/www.chemin-neuf.be\\\/wp-content\\\/uploads\\\/2026\\\/03\\\/httpsdam.chemin-neuf.netwp-contentuploads202603maxresdefault-e1774601897974.jpg\",\"datePublished\":\"2026-03-27T08:51:38+00:00\",\"dateModified\":\"2026-03-30T14:12:53+00:00\",\"author\":{\"@id\":\"https:\\\/\\\/www.chemin-neuf.be\\\/fr\\\/#\\\/schema\\\/person\\\/dbc5bb8de9c07e1728535c32a94f0692\"},\"description\":\"Nos deux soeurs de communaut\u00e9 ont particip\u00e9 le 25 mars \u00e0 l\u2019installation Sarah Mullally comme 106e Archev\u00eaque de Canterbury\",\"breadcrumb\":{\"@id\":\"https:\\\/\\\/www.chemin-neuf.be\\\/fr\\\/installation-archeveque-canterbury\\\/#breadcrumb\"},\"inLanguage\":\"fr-BE\",\"potentialAction\":[{\"@type\":\"ReadAction\",\"target\":[\"https:\\\/\\\/www.chemin-neuf.be\\\/fr\\\/installation-archeveque-canterbury\\\/\"]}]},{\"@type\":\"ImageObject\",\"inLanguage\":\"fr-BE\",\"@id\":\"https:\\\/\\\/www.chemin-neuf.be\\\/fr\\\/installation-archeveque-canterbury\\\/#primaryimage\",\"url\":\"https:\\\/\\\/www.chemin-neuf.be\\\/wp-content\\\/uploads\\\/2026\\\/03\\\/httpsdam.chemin-neuf.netwp-contentuploads202603maxresdefault-e1774601897974.jpg\",\"contentUrl\":\"https:\\\/\\\/www.chemin-neuf.be\\\/wp-content\\\/uploads\\\/2026\\\/03\\\/httpsdam.chemin-neuf.netwp-contentuploads202603maxresdefault-e1774601897974.jpg\",\"width\":1280,\"height\":378},{\"@type\":\"BreadcrumbList\",\"@id\":\"https:\\\/\\\/www.chemin-neuf.be\\\/fr\\\/installation-archeveque-canterbury\\\/#breadcrumb\",\"itemListElement\":[{\"@type\":\"ListItem\",\"position\":1,\"name\":\"Home\",\"item\":\"https:\\\/\\\/www.chemin-neuf.be\\\/fr\\\/\"},{\"@type\":\"ListItem\",\"position\":2,\"name\":\"Installation de la 106\u00e8me Archev\u00eaque de Canterbury\"}]},{\"@type\":\"WebSite\",\"@id\":\"https:\\\/\\\/www.chemin-neuf.be\\\/fr\\\/#website\",\"url\":\"https:\\\/\\\/www.chemin-neuf.be\\\/fr\\\/\",\"name\":\"Chemin Neuf Belgique\",\"description\":\"Communaut\u00e9 du Chemin Neuf en Belgique\",\"potentialAction\":[{\"@type\":\"SearchAction\",\"target\":{\"@type\":\"EntryPoint\",\"urlTemplate\":\"https:\\\/\\\/www.chemin-neuf.be\\\/fr\\\/?s={search_term_string}\"},\"query-input\":{\"@type\":\"PropertyValueSpecification\",\"valueRequired\":true,\"valueName\":\"search_term_string\"}}],\"inLanguage\":\"fr-BE\"},{\"@type\":\"Person\",\"@id\":\"https:\\\/\\\/www.chemin-neuf.be\\\/fr\\\/#\\\/schema\\\/person\\\/dbc5bb8de9c07e1728535c32a94f0692\",\"name\":\"adminCCN\",\"image\":{\"@type\":\"ImageObject\",\"inLanguage\":\"fr-BE\",\"@id\":\"https:\\\/\\\/secure.gravatar.com\\\/avatar\\\/87c9485d85e005be0f711778f5d5b8ea68d63bcbf73b1f7b969e7e9c9d9db96f?s=96&d=mm&r=g\",\"url\":\"https:\\\/\\\/secure.gravatar.com\\\/avatar\\\/87c9485d85e005be0f711778f5d5b8ea68d63bcbf73b1f7b969e7e9c9d9db96f?s=96&d=mm&r=g\",\"contentUrl\":\"https:\\\/\\\/secure.gravatar.com\\\/avatar\\\/87c9485d85e005be0f711778f5d5b8ea68d63bcbf73b1f7b969e7e9c9d9db96f?s=96&d=mm&r=g\",\"caption\":\"adminCCN\"},\"sameAs\":[\"https:\\\/\\\/www.chemin-neuf.be\"]}]}<\/script>\n<!-- \/ Yoast SEO plugin. -->","yoast_head_json":{"title":"Installation de la 106\u00e8me Archev\u00eaque de Canterbury - Chemin Neuf Belgique","description":"Nos deux soeurs de communaut\u00e9 ont particip\u00e9 le 25 mars \u00e0 l\u2019installation Sarah Mullally comme 106e Archev\u00eaque de Canterbury","robots":{"index":"index","follow":"follow","max-snippet":"max-snippet:-1","max-image-preview":"max-image-preview:large","max-video-preview":"max-video-preview:-1"},"canonical":"https:\/\/www.chemin-neuf.be\/fr\/installation-archeveque-canterbury\/","og_locale":"fr_FR","og_type":"article","og_title":"Installation de la 106\u00e8me Archev\u00eaque de Canterbury - Chemin Neuf Belgique","og_description":"Nos deux soeurs de communaut\u00e9 ont particip\u00e9 le 25 mars \u00e0 l\u2019installation Sarah Mullally comme 106e Archev\u00eaque de Canterbury","og_url":"https:\/\/www.chemin-neuf.be\/fr\/installation-archeveque-canterbury\/","og_site_name":"Chemin Neuf Belgique","article_published_time":"2026-03-27T08:51:38+00:00","article_modified_time":"2026-03-30T14:12:53+00:00","og_image":[{"width":1280,"height":378,"url":"https:\/\/www.chemin-neuf.be\/wp-content\/uploads\/2026\/03\/httpsdam.chemin-neuf.netwp-contentuploads202603maxresdefault-e1774601897974.jpg","type":"image\/jpeg"}],"author":"adminCCN","twitter_card":"summary_large_image","twitter_misc":{"\u00c9crit par":"adminCCN","Dur\u00e9e de lecture est.":"4 minutes"},"schema":{"@context":"https:\/\/schema.org","@graph":[{"@type":"Article","@id":"https:\/\/www.chemin-neuf.be\/fr\/installation-archeveque-canterbury\/#article","isPartOf":{"@id":"https:\/\/www.chemin-neuf.be\/fr\/installation-archeveque-canterbury\/"},"author":{"name":"adminCCN","@id":"https:\/\/www.chemin-neuf.be\/fr\/#\/schema\/person\/dbc5bb8de9c07e1728535c32a94f0692"},"headline":"Installation de la 106\u00e8me Archev\u00eaque de Canterbury","datePublished":"2026-03-27T08:51:38+00:00","dateModified":"2026-03-30T14:12:53+00:00","mainEntityOfPage":{"@id":"https:\/\/www.chemin-neuf.be\/fr\/installation-archeveque-canterbury\/"},"wordCount":881,"commentCount":0,"image":{"@id":"https:\/\/www.chemin-neuf.be\/fr\/installation-archeveque-canterbury\/#primaryimage"},"thumbnailUrl":"https:\/\/www.chemin-neuf.be\/wp-content\/uploads\/2026\/03\/httpsdam.chemin-neuf.netwp-contentuploads202603maxresdefault-e1774601897974.jpg","articleSection":["Actualit\u00e9s Internationales"],"inLanguage":"fr-BE","potentialAction":[{"@type":"CommentAction","name":"Comment","target":["https:\/\/www.chemin-neuf.be\/fr\/installation-archeveque-canterbury\/#respond"]}]},{"@type":"WebPage","@id":"https:\/\/www.chemin-neuf.be\/fr\/installation-archeveque-canterbury\/","url":"https:\/\/www.chemin-neuf.be\/fr\/installation-archeveque-canterbury\/","name":"Installation de la 106\u00e8me Archev\u00eaque de Canterbury - Chemin Neuf Belgique","isPartOf":{"@id":"https:\/\/www.chemin-neuf.be\/fr\/#website"},"primaryImageOfPage":{"@id":"https:\/\/www.chemin-neuf.be\/fr\/installation-archeveque-canterbury\/#primaryimage"},"image":{"@id":"https:\/\/www.chemin-neuf.be\/fr\/installation-archeveque-canterbury\/#primaryimage"},"thumbnailUrl":"https:\/\/www.chemin-neuf.be\/wp-content\/uploads\/2026\/03\/httpsdam.chemin-neuf.netwp-contentuploads202603maxresdefault-e1774601897974.jpg","datePublished":"2026-03-27T08:51:38+00:00","dateModified":"2026-03-30T14:12:53+00:00","author":{"@id":"https:\/\/www.chemin-neuf.be\/fr\/#\/schema\/person\/dbc5bb8de9c07e1728535c32a94f0692"},"description":"Nos deux soeurs de communaut\u00e9 ont particip\u00e9 le 25 mars \u00e0 l\u2019installation Sarah Mullally comme 106e Archev\u00eaque de Canterbury","breadcrumb":{"@id":"https:\/\/www.chemin-neuf.be\/fr\/installation-archeveque-canterbury\/#breadcrumb"},"inLanguage":"fr-BE","potentialAction":[{"@type":"ReadAction","target":["https:\/\/www.chemin-neuf.be\/fr\/installation-archeveque-canterbury\/"]}]},{"@type":"ImageObject","inLanguage":"fr-BE","@id":"https:\/\/www.chemin-neuf.be\/fr\/installation-archeveque-canterbury\/#primaryimage","url":"https:\/\/www.chemin-neuf.be\/wp-content\/uploads\/2026\/03\/httpsdam.chemin-neuf.netwp-contentuploads202603maxresdefault-e1774601897974.jpg","contentUrl":"https:\/\/www.chemin-neuf.be\/wp-content\/uploads\/2026\/03\/httpsdam.chemin-neuf.netwp-contentuploads202603maxresdefault-e1774601897974.jpg","width":1280,"height":378},{"@type":"BreadcrumbList","@id":"https:\/\/www.chemin-neuf.be\/fr\/installation-archeveque-canterbury\/#breadcrumb","itemListElement":[{"@type":"ListItem","position":1,"name":"Home","item":"https:\/\/www.chemin-neuf.be\/fr\/"},{"@type":"ListItem","position":2,"name":"Installation de la 106\u00e8me Archev\u00eaque de Canterbury"}]},{"@type":"WebSite","@id":"https:\/\/www.chemin-neuf.be\/fr\/#website","url":"https:\/\/www.chemin-neuf.be\/fr\/","name":"Chemin Neuf Belgique","description":"Communaut\u00e9 du Chemin Neuf en Belgique","potentialAction":[{"@type":"SearchAction","target":{"@type":"EntryPoint","urlTemplate":"https:\/\/www.chemin-neuf.be\/fr\/?s={search_term_string}"},"query-input":{"@type":"PropertyValueSpecification","valueRequired":true,"valueName":"search_term_string"}}],"inLanguage":"fr-BE"},{"@type":"Person","@id":"https:\/\/www.chemin-neuf.be\/fr\/#\/schema\/person\/dbc5bb8de9c07e1728535c32a94f0692","name":"adminCCN","image":{"@type":"ImageObject","inLanguage":"fr-BE","@id":"https:\/\/secure.gravatar.com\/avatar\/87c9485d85e005be0f711778f5d5b8ea68d63bcbf73b1f7b969e7e9c9d9db96f?s=96&d=mm&r=g","url":"https:\/\/secure.gravatar.com\/avatar\/87c9485d85e005be0f711778f5d5b8ea68d63bcbf73b1f7b969e7e9c9d9db96f?s=96&d=mm&r=g","contentUrl":"https:\/\/secure.gravatar.com\/avatar\/87c9485d85e005be0f711778f5d5b8ea68d63bcbf73b1f7b969e7e9c9d9db96f?s=96&d=mm&r=g","caption":"adminCCN"},"sameAs":["https:\/\/www.chemin-neuf.be"]}]}},"_links":{"self":[{"href":"https:\/\/www.chemin-neuf.be\/fr\/wp-json\/wp\/v2\/posts\/76524","targetHints":{"allow":["GET"]}}],"collection":[{"href":"https:\/\/www.chemin-neuf.be\/fr\/wp-json\/wp\/v2\/posts"}],"about":[{"href":"https:\/\/www.chemin-neuf.be\/fr\/wp-json\/wp\/v2\/types\/post"}],"author":[{"embeddable":true,"href":"https:\/\/www.chemin-neuf.be\/fr\/wp-json\/wp\/v2\/users\/1"}],"replies":[{"embeddable":true,"href":"https:\/\/www.chemin-neuf.be\/fr\/wp-json\/wp\/v2\/comments?post=76524"}],"version-history":[{"count":6,"href":"https:\/\/www.chemin-neuf.be\/fr\/wp-json\/wp\/v2\/posts\/76524\/revisions"}],"predecessor-version":[{"id":76552,"href":"https:\/\/www.chemin-neuf.be\/fr\/wp-json\/wp\/v2\/posts\/76524\/revisions\/76552"}],"wp:featuredmedia":[{"embeddable":true,"href":"https:\/\/www.chemin-neuf.be\/fr\/wp-json\/wp\/v2\/media\/76529"}],"wp:attachment":[{"href":"https:\/\/www.chemin-neuf.be\/fr\/wp-json\/wp\/v2\/media?parent=76524"}],"wp:term":[{"taxonomy":"category","embeddable":true,"href":"https:\/\/www.chemin-neuf.be\/fr\/wp-json\/wp\/v2\/categories?post=76524"},{"taxonomy":"post_tag","embeddable":true,"href":"https:\/\/www.chemin-neuf.be\/fr\/wp-json\/wp\/v2\/tags?post=76524"}],"curies":[{"name":"wp","href":"https:\/\/api.w.org\/{rel}","templated":true}]}}