{"id":76462,"date":"2026-03-26T16:51:14","date_gmt":"2026-03-26T15:51:14","guid":{"rendered":"https:\/\/www.chemin-neuf.be\/redonner-espoir-a-200-jeunes-filles\/"},"modified":"2026-03-26T17:08:37","modified_gmt":"2026-03-26T16:08:37","slug":"redonner-espoir-a-200-jeunes-filles","status":"publish","type":"post","link":"https:\/\/www.chemin-neuf.be\/fr\/redonner-espoir-a-200-jeunes-filles\/","title":{"rendered":"Redonner espoir \u00e0 200 jeunes filles"},"content":{"rendered":"\n<p class=\"has-beige-background-color has-background\">En C\u00f4te d&rsquo;Ivoire, de nombreuses jeunes filles travailleuses vivent dans une grande pr\u00e9carit\u00e9. Faibles revenus, logements insalubres ou inexistants, exposition aux violences et \u00e0 l\u2019exploitation\u2026 Leur quotidien est souvent marqu\u00e9 par l\u2019ins\u00e9curit\u00e9 et l\u2019incertitude. C&rsquo;est dans ce contexte que la Communaut\u00e9 du Chemin Neuf en C\u00f4te d\u2019Ivoire lance un projet ambitieux et porteur d\u2019esp\u00e9rance : la cr\u00e9ation d\u2019un foyer d\u2019accueil pour 200 jeunes filles travailleuses \u00e0 Bimbresso.<\/p>\n\n\n\n<div style=\"height:37px\" aria-hidden=\"true\" class=\"wp-block-spacer\"><\/div>\n\n\n\n<p><strong>Bimbresso est un quartier situ\u00e9 dans la commune de Yopougon, au nord-ouest d\u2019Abidjan.<\/strong><\/p>\n\n\n\n<p>\u00c0 la fois espace urbain en expansion et quartier \u00e0 forte identit\u00e9 traditionnelle, Bimbresso se distingue par son dynamisme d\u00e9mographique et sa proximit\u00e9 avec les grandes zones d\u2019activit\u00e9 de Yopougon.<br>Le quartier conna\u00eet aujourd\u2019hui une croissance rapide, avec l\u2019installation de nombreuses familles et de jeunes travailleurs, tout en conservant un cadre relativement calme compar\u00e9 au centre de la commune.<br>Cette position strat\u00e9gique, entre urbanisation et cadre de vie accessible, en fait un lieu pertinent pour des projets sociaux, notamment en mati\u00e8re d\u2019h\u00e9bergement et d\u2019accompagnement des populations vuln\u00e9rables.<\/p>\n\n\n\n<div style=\"height:47px\" aria-hidden=\"true\" class=\"wp-block-spacer\"><\/div>\n\n\n\n<figure class=\"wp-block-gallery has-nested-images columns-default is-cropped wp-block-gallery-1 is-layout-flex wp-block-gallery-is-layout-flex\">\n<figure class=\"wp-block-image size-full\"><img decoding=\"async\" data-id=\"19324\" src=\"https:\/\/dam.chemin-neuf.net\/wp-content\/uploads\/2026\/03\/WhatsApp-Image-2026-03-12-at-15.13.24-2.jpeg\" alt=\"\" class=\"wp-image-19324\"\/><\/figure>\n\n\n\n<figure class=\"wp-block-image size-large\"><img decoding=\"async\" data-id=\"19336\" src=\"https:\/\/dam.chemin-neuf.net\/wp-content\/uploads\/2026\/03\/WhatsApp-Image-2026-03-12-at-15.13.24-6-1024x768.jpeg\" alt=\"\" class=\"wp-image-19336\"\/><\/figure>\n\n\n\n<figure class=\"wp-block-image size-large\"><img decoding=\"async\" data-id=\"19358\" src=\"https:\/\/dam.chemin-neuf.net\/wp-content\/uploads\/2026\/03\/WhatsApp-Image-2026-03-12-at-15.13.25-1024x768.jpeg\" alt=\"\" class=\"wp-image-19358\"\/><\/figure>\n\n\n\n<figure class=\"wp-block-image size-large\"><img decoding=\"async\" data-id=\"19342\" src=\"https:\/\/dam.chemin-neuf.net\/wp-content\/uploads\/2026\/03\/WhatsApp-Image-2026-03-12-at-15.13.25-5-1024x768.jpeg\" alt=\"\" class=\"wp-image-19342\"\/><\/figure>\n\n\n\n<figure class=\"wp-block-image size-full\"><img decoding=\"async\" data-id=\"19326\" src=\"https:\/\/dam.chemin-neuf.net\/wp-content\/uploads\/2026\/03\/WhatsApp-Image-2026-03-12-at-15.13.25-2.jpeg\" alt=\"\" class=\"wp-image-19326\"\/><\/figure>\n\n\n\n<figure class=\"wp-block-image size-large\"><img decoding=\"async\" data-id=\"19323\" src=\"https:\/\/dam.chemin-neuf.net\/wp-content\/uploads\/2026\/03\/WhatsApp-Image-2026-03-12-at-15.13.25-6.jpeg\" alt=\"\" class=\"wp-image-19323\"\/><\/figure>\n<\/figure>\n\n\n\n<div style=\"height:46px\" aria-hidden=\"true\" class=\"wp-block-spacer\"><\/div>\n\n\n\n<p><strong>Un projet de foyer port\u00e9 par la Communaut\u00e9 du Chemin Neuf <strong>pour se reconstruire et grandir<\/strong><\/strong><\/p>\n\n\n\n<p>La Communaut\u00e9 du Chemin Neuf en C\u00f4te d\u2019Ivoire lance un projet ambitieux et porteur d\u2019esp\u00e9rance : la cr\u00e9ation d\u2019un foyer d\u2019accueil pour 200 jeunes filles travailleuses \u00e0 Bimbresso.<\/p>\n\n\n\n<p>Ce foyer ne sera pas seulement un h\u00e9bergement. Ce sera un v\u00e9ritable espace de vie, de formation et de transformation.<\/p>\n\n\n\n<p>Les jeunes filles y trouveront :<\/p>\n\n\n\n<ul class=\"wp-block-list\">\n<li>Un cadre s\u00e9curis\u00e9 et digne<\/li>\n\n\n\n<li>Une vie communautaire \u00e9quilibrante<\/li>\n\n\n\n<li>Un accompagnement humain, psychologique et spirituel<\/li>\n\n\n\n<li>Des formations pratiques (couture, coiffure, cuisine, informatique\u2026)<\/li>\n\n\n\n<li>Un appui \u00e0 l\u2019insertion professionnelle<\/li>\n\n\n\n<li>Un chemin vers l\u2019autonomie et la responsabilit\u00e9<\/li>\n<\/ul>\n\n\n\n<div style=\"height:19px\" aria-hidden=\"true\" class=\"wp-block-spacer\"><\/div>\n\n\n\n<figure class=\"wp-block-gallery has-nested-images columns-default is-cropped wp-block-gallery-2 is-layout-flex wp-block-gallery-is-layout-flex\">\n<figure class=\"wp-block-image size-large\"><img decoding=\"async\" data-id=\"19416\" src=\"https:\/\/dam.chemin-neuf.net\/wp-content\/uploads\/2026\/03\/WhatsApp-Image-2026-03-12-at-15.13.26-4-1024x297.jpeg\" alt=\"\" class=\"wp-image-19416\"\/><figcaption class=\"wp-element-caption\"><em>Vue du terrain et du projet de foyer<\/em><\/figcaption><\/figure>\n<\/figure>\n\n\n\n<div style=\"height:32px\" aria-hidden=\"true\" class=\"wp-block-spacer\"><\/div>\n\n\n\n<p>Notre ambition : Offrir \u00e0 200 jeunes filles :<\/p>\n\n\n\n<ul class=\"wp-block-list\">\n<li>Un toit s\u00fbr<\/li>\n\n\n\n<li>Des comp\u00e9tences pour l\u2019avenir<\/li>\n\n\n\n<li>Une dignit\u00e9 retrouv\u00e9e<\/li>\n\n\n\n<li>Une r\u00e9elle opportunit\u00e9 de construire leur vie<\/li>\n<\/ul>\n\n\n\n<div style=\"height:39px\" aria-hidden=\"true\" class=\"wp-block-spacer\"><\/div>\n\n\n\n<figure class=\"wp-block-gallery has-nested-images columns-default is-cropped wp-block-gallery-3 is-layout-flex wp-block-gallery-is-layout-flex\">\n<figure class=\"wp-block-image size-large\"><img decoding=\"async\" data-id=\"19382\" src=\"https:\/\/dam.chemin-neuf.net\/wp-content\/uploads\/2026\/03\/WhatsApp-Image-2026-03-12-at-15.13.24-4.jpeg\" alt=\"\" class=\"wp-image-19382\"\/><figcaption class=\"wp-element-caption\"><em>La Communaut\u00e9 du Chemin Neuf en C\u00f4te d&rsquo;Ivoire, porteuse du projet.<\/em> <\/figcaption><\/figure>\n<\/figure>\n\n\n\n<div style=\"height:40px\" aria-hidden=\"true\" class=\"wp-block-spacer\"><\/div>\n","protected":false},"excerpt":{"rendered":"<p>Un projet port\u00e9 par la Communaut\u00e9 du Chemin Neuf  \u00e0 Bimbresso<\/p>\n","protected":false},"author":1,"featured_media":76468,"comment_status":"open","ping_status":"open","sticky":false,"template":"","format":"standard","meta":{"_acf_changed":false,"footnotes":""},"categories":[47,149],"tags":[],"class_list":["post-76462","post","type-post","status-publish","format-standard","has-post-thumbnail","hentry","category-actualites-internationales-fr","category-non-classifiee"],"acf":[],"yoast_head":"<!-- This site is optimized with the Yoast SEO plugin v27.5 - https:\/\/yoast.com\/product\/yoast-seo-wordpress\/ -->\n<title>Redonner espoir \u00e0 200 jeunes filles - Chemin Neuf Belgique<\/title>\n<meta name=\"description\" content=\"Un projet port\u00e9 par la Communaut\u00e9 du Chemin Neuf \u00e0 Bimbresso\" \/>\n<meta name=\"robots\" content=\"index, follow, max-snippet:-1, max-image-preview:large, max-video-preview:-1\" \/>\n<link rel=\"canonical\" href=\"https:\/\/www.chemin-neuf.be\/fr\/redonner-espoir-a-200-jeunes-filles\/\" \/>\n<meta property=\"og:locale\" content=\"fr_FR\" \/>\n<meta property=\"og:type\" content=\"article\" \/>\n<meta property=\"og:title\" content=\"Redonner espoir \u00e0 200 jeunes filles - Chemin Neuf Belgique\" \/>\n<meta property=\"og:description\" content=\"Un projet port\u00e9 par la Communaut\u00e9 du Chemin Neuf \u00e0 Bimbresso\" \/>\n<meta property=\"og:url\" content=\"https:\/\/www.chemin-neuf.be\/fr\/redonner-espoir-a-200-jeunes-filles\/\" \/>\n<meta property=\"og:site_name\" content=\"Chemin Neuf Belgique\" \/>\n<meta property=\"article:published_time\" content=\"2026-03-26T15:51:14+00:00\" \/>\n<meta property=\"article:modified_time\" content=\"2026-03-26T16:08:37+00:00\" \/>\n<meta name=\"author\" content=\"adminCCN\" \/>\n<meta name=\"twitter:card\" content=\"summary_large_image\" \/>\n<meta name=\"twitter:label1\" content=\"\u00c9crit par\" \/>\n\t<meta name=\"twitter:data1\" content=\"adminCCN\" \/>\n\t<meta name=\"twitter:label2\" content=\"Dur\u00e9e de lecture est.\" \/>\n\t<meta name=\"twitter:data2\" content=\"2 minutes\" \/>\n<script type=\"application\/ld+json\" class=\"yoast-schema-graph\">{\"@context\":\"https:\\\/\\\/schema.org\",\"@graph\":[{\"@type\":\"Article\",\"@id\":\"https:\\\/\\\/www.chemin-neuf.be\\\/fr\\\/redonner-espoir-a-200-jeunes-filles\\\/#article\",\"isPartOf\":{\"@id\":\"https:\\\/\\\/www.chemin-neuf.be\\\/fr\\\/redonner-espoir-a-200-jeunes-filles\\\/\"},\"author\":{\"name\":\"adminCCN\",\"@id\":\"https:\\\/\\\/www.chemin-neuf.be\\\/fr\\\/#\\\/schema\\\/person\\\/dbc5bb8de9c07e1728535c32a94f0692\"},\"headline\":\"Redonner espoir \u00e0 200 jeunes filles\",\"datePublished\":\"2026-03-26T15:51:14+00:00\",\"dateModified\":\"2026-03-26T16:08:37+00:00\",\"mainEntityOfPage\":{\"@id\":\"https:\\\/\\\/www.chemin-neuf.be\\\/fr\\\/redonner-espoir-a-200-jeunes-filles\\\/\"},\"wordCount\":351,\"commentCount\":0,\"image\":{\"@id\":\"https:\\\/\\\/www.chemin-neuf.be\\\/fr\\\/redonner-espoir-a-200-jeunes-filles\\\/#primaryimage\"},\"thumbnailUrl\":\"https:\\\/\\\/www.chemin-neuf.be\\\/wp-content\\\/uploads\\\/2026\\\/03\\\/httpsdam.chemin-neuf.netwp-contentuploads202603WhatsApp-Image-2026-03-12-at-15.13.23.jpeg\",\"articleSection\":[\"Actualit\u00e9s Internationales\",\"non-classifiee\"],\"inLanguage\":\"fr-BE\",\"potentialAction\":[{\"@type\":\"CommentAction\",\"name\":\"Comment\",\"target\":[\"https:\\\/\\\/www.chemin-neuf.be\\\/fr\\\/redonner-espoir-a-200-jeunes-filles\\\/#respond\"]}]},{\"@type\":\"WebPage\",\"@id\":\"https:\\\/\\\/www.chemin-neuf.be\\\/fr\\\/redonner-espoir-a-200-jeunes-filles\\\/\",\"url\":\"https:\\\/\\\/www.chemin-neuf.be\\\/fr\\\/redonner-espoir-a-200-jeunes-filles\\\/\",\"name\":\"Redonner espoir \u00e0 200 jeunes filles - Chemin Neuf Belgique\",\"isPartOf\":{\"@id\":\"https:\\\/\\\/www.chemin-neuf.be\\\/fr\\\/#website\"},\"primaryImageOfPage\":{\"@id\":\"https:\\\/\\\/www.chemin-neuf.be\\\/fr\\\/redonner-espoir-a-200-jeunes-filles\\\/#primaryimage\"},\"image\":{\"@id\":\"https:\\\/\\\/www.chemin-neuf.be\\\/fr\\\/redonner-espoir-a-200-jeunes-filles\\\/#primaryimage\"},\"thumbnailUrl\":\"https:\\\/\\\/www.chemin-neuf.be\\\/wp-content\\\/uploads\\\/2026\\\/03\\\/httpsdam.chemin-neuf.netwp-contentuploads202603WhatsApp-Image-2026-03-12-at-15.13.23.jpeg\",\"datePublished\":\"2026-03-26T15:51:14+00:00\",\"dateModified\":\"2026-03-26T16:08:37+00:00\",\"author\":{\"@id\":\"https:\\\/\\\/www.chemin-neuf.be\\\/fr\\\/#\\\/schema\\\/person\\\/dbc5bb8de9c07e1728535c32a94f0692\"},\"description\":\"Un projet port\u00e9 par la Communaut\u00e9 du Chemin Neuf \u00e0 Bimbresso\",\"breadcrumb\":{\"@id\":\"https:\\\/\\\/www.chemin-neuf.be\\\/fr\\\/redonner-espoir-a-200-jeunes-filles\\\/#breadcrumb\"},\"inLanguage\":\"fr-BE\",\"potentialAction\":[{\"@type\":\"ReadAction\",\"target\":[\"https:\\\/\\\/www.chemin-neuf.be\\\/fr\\\/redonner-espoir-a-200-jeunes-filles\\\/\"]}]},{\"@type\":\"ImageObject\",\"inLanguage\":\"fr-BE\",\"@id\":\"https:\\\/\\\/www.chemin-neuf.be\\\/fr\\\/redonner-espoir-a-200-jeunes-filles\\\/#primaryimage\",\"url\":\"https:\\\/\\\/www.chemin-neuf.be\\\/wp-content\\\/uploads\\\/2026\\\/03\\\/httpsdam.chemin-neuf.netwp-contentuploads202603WhatsApp-Image-2026-03-12-at-15.13.23.jpeg\",\"contentUrl\":\"https:\\\/\\\/www.chemin-neuf.be\\\/wp-content\\\/uploads\\\/2026\\\/03\\\/httpsdam.chemin-neuf.netwp-contentuploads202603WhatsApp-Image-2026-03-12-at-15.13.23.jpeg\",\"width\":540,\"height\":1170},{\"@type\":\"BreadcrumbList\",\"@id\":\"https:\\\/\\\/www.chemin-neuf.be\\\/fr\\\/redonner-espoir-a-200-jeunes-filles\\\/#breadcrumb\",\"itemListElement\":[{\"@type\":\"ListItem\",\"position\":1,\"name\":\"Home\",\"item\":\"https:\\\/\\\/www.chemin-neuf.be\\\/fr\\\/\"},{\"@type\":\"ListItem\",\"position\":2,\"name\":\"Redonner espoir \u00e0 200 jeunes filles\"}]},{\"@type\":\"WebSite\",\"@id\":\"https:\\\/\\\/www.chemin-neuf.be\\\/fr\\\/#website\",\"url\":\"https:\\\/\\\/www.chemin-neuf.be\\\/fr\\\/\",\"name\":\"Chemin Neuf Belgique\",\"description\":\"Communaut\u00e9 du Chemin Neuf en Belgique\",\"potentialAction\":[{\"@type\":\"SearchAction\",\"target\":{\"@type\":\"EntryPoint\",\"urlTemplate\":\"https:\\\/\\\/www.chemin-neuf.be\\\/fr\\\/?s={search_term_string}\"},\"query-input\":{\"@type\":\"PropertyValueSpecification\",\"valueRequired\":true,\"valueName\":\"search_term_string\"}}],\"inLanguage\":\"fr-BE\"},{\"@type\":\"Person\",\"@id\":\"https:\\\/\\\/www.chemin-neuf.be\\\/fr\\\/#\\\/schema\\\/person\\\/dbc5bb8de9c07e1728535c32a94f0692\",\"name\":\"adminCCN\",\"image\":{\"@type\":\"ImageObject\",\"inLanguage\":\"fr-BE\",\"@id\":\"https:\\\/\\\/secure.gravatar.com\\\/avatar\\\/87c9485d85e005be0f711778f5d5b8ea68d63bcbf73b1f7b969e7e9c9d9db96f?s=96&d=mm&r=g\",\"url\":\"https:\\\/\\\/secure.gravatar.com\\\/avatar\\\/87c9485d85e005be0f711778f5d5b8ea68d63bcbf73b1f7b969e7e9c9d9db96f?s=96&d=mm&r=g\",\"contentUrl\":\"https:\\\/\\\/secure.gravatar.com\\\/avatar\\\/87c9485d85e005be0f711778f5d5b8ea68d63bcbf73b1f7b969e7e9c9d9db96f?s=96&d=mm&r=g\",\"caption\":\"adminCCN\"},\"sameAs\":[\"https:\\\/\\\/www.chemin-neuf.be\"]}]}<\/script>\n<!-- \/ Yoast SEO plugin. -->","yoast_head_json":{"title":"Redonner espoir \u00e0 200 jeunes filles - Chemin Neuf Belgique","description":"Un projet port\u00e9 par la Communaut\u00e9 du Chemin Neuf \u00e0 Bimbresso","robots":{"index":"index","follow":"follow","max-snippet":"max-snippet:-1","max-image-preview":"max-image-preview:large","max-video-preview":"max-video-preview:-1"},"canonical":"https:\/\/www.chemin-neuf.be\/fr\/redonner-espoir-a-200-jeunes-filles\/","og_locale":"fr_FR","og_type":"article","og_title":"Redonner espoir \u00e0 200 jeunes filles - Chemin Neuf Belgique","og_description":"Un projet port\u00e9 par la Communaut\u00e9 du Chemin Neuf \u00e0 Bimbresso","og_url":"https:\/\/www.chemin-neuf.be\/fr\/redonner-espoir-a-200-jeunes-filles\/","og_site_name":"Chemin Neuf Belgique","article_published_time":"2026-03-26T15:51:14+00:00","article_modified_time":"2026-03-26T16:08:37+00:00","author":"adminCCN","twitter_card":"summary_large_image","twitter_misc":{"\u00c9crit par":"adminCCN","Dur\u00e9e de lecture est.":"2 minutes"},"schema":{"@context":"https:\/\/schema.org","@graph":[{"@type":"Article","@id":"https:\/\/www.chemin-neuf.be\/fr\/redonner-espoir-a-200-jeunes-filles\/#article","isPartOf":{"@id":"https:\/\/www.chemin-neuf.be\/fr\/redonner-espoir-a-200-jeunes-filles\/"},"author":{"name":"adminCCN","@id":"https:\/\/www.chemin-neuf.be\/fr\/#\/schema\/person\/dbc5bb8de9c07e1728535c32a94f0692"},"headline":"Redonner espoir \u00e0 200 jeunes filles","datePublished":"2026-03-26T15:51:14+00:00","dateModified":"2026-03-26T16:08:37+00:00","mainEntityOfPage":{"@id":"https:\/\/www.chemin-neuf.be\/fr\/redonner-espoir-a-200-jeunes-filles\/"},"wordCount":351,"commentCount":0,"image":{"@id":"https:\/\/www.chemin-neuf.be\/fr\/redonner-espoir-a-200-jeunes-filles\/#primaryimage"},"thumbnailUrl":"https:\/\/www.chemin-neuf.be\/wp-content\/uploads\/2026\/03\/httpsdam.chemin-neuf.netwp-contentuploads202603WhatsApp-Image-2026-03-12-at-15.13.23.jpeg","articleSection":["Actualit\u00e9s Internationales","non-classifiee"],"inLanguage":"fr-BE","potentialAction":[{"@type":"CommentAction","name":"Comment","target":["https:\/\/www.chemin-neuf.be\/fr\/redonner-espoir-a-200-jeunes-filles\/#respond"]}]},{"@type":"WebPage","@id":"https:\/\/www.chemin-neuf.be\/fr\/redonner-espoir-a-200-jeunes-filles\/","url":"https:\/\/www.chemin-neuf.be\/fr\/redonner-espoir-a-200-jeunes-filles\/","name":"Redonner espoir \u00e0 200 jeunes filles - Chemin Neuf Belgique","isPartOf":{"@id":"https:\/\/www.chemin-neuf.be\/fr\/#website"},"primaryImageOfPage":{"@id":"https:\/\/www.chemin-neuf.be\/fr\/redonner-espoir-a-200-jeunes-filles\/#primaryimage"},"image":{"@id":"https:\/\/www.chemin-neuf.be\/fr\/redonner-espoir-a-200-jeunes-filles\/#primaryimage"},"thumbnailUrl":"https:\/\/www.chemin-neuf.be\/wp-content\/uploads\/2026\/03\/httpsdam.chemin-neuf.netwp-contentuploads202603WhatsApp-Image-2026-03-12-at-15.13.23.jpeg","datePublished":"2026-03-26T15:51:14+00:00","dateModified":"2026-03-26T16:08:37+00:00","author":{"@id":"https:\/\/www.chemin-neuf.be\/fr\/#\/schema\/person\/dbc5bb8de9c07e1728535c32a94f0692"},"description":"Un projet port\u00e9 par la Communaut\u00e9 du Chemin Neuf \u00e0 Bimbresso","breadcrumb":{"@id":"https:\/\/www.chemin-neuf.be\/fr\/redonner-espoir-a-200-jeunes-filles\/#breadcrumb"},"inLanguage":"fr-BE","potentialAction":[{"@type":"ReadAction","target":["https:\/\/www.chemin-neuf.be\/fr\/redonner-espoir-a-200-jeunes-filles\/"]}]},{"@type":"ImageObject","inLanguage":"fr-BE","@id":"https:\/\/www.chemin-neuf.be\/fr\/redonner-espoir-a-200-jeunes-filles\/#primaryimage","url":"https:\/\/www.chemin-neuf.be\/wp-content\/uploads\/2026\/03\/httpsdam.chemin-neuf.netwp-contentuploads202603WhatsApp-Image-2026-03-12-at-15.13.23.jpeg","contentUrl":"https:\/\/www.chemin-neuf.be\/wp-content\/uploads\/2026\/03\/httpsdam.chemin-neuf.netwp-contentuploads202603WhatsApp-Image-2026-03-12-at-15.13.23.jpeg","width":540,"height":1170},{"@type":"BreadcrumbList","@id":"https:\/\/www.chemin-neuf.be\/fr\/redonner-espoir-a-200-jeunes-filles\/#breadcrumb","itemListElement":[{"@type":"ListItem","position":1,"name":"Home","item":"https:\/\/www.chemin-neuf.be\/fr\/"},{"@type":"ListItem","position":2,"name":"Redonner espoir \u00e0 200 jeunes filles"}]},{"@type":"WebSite","@id":"https:\/\/www.chemin-neuf.be\/fr\/#website","url":"https:\/\/www.chemin-neuf.be\/fr\/","name":"Chemin Neuf Belgique","description":"Communaut\u00e9 du Chemin Neuf en Belgique","potentialAction":[{"@type":"SearchAction","target":{"@type":"EntryPoint","urlTemplate":"https:\/\/www.chemin-neuf.be\/fr\/?s={search_term_string}"},"query-input":{"@type":"PropertyValueSpecification","valueRequired":true,"valueName":"search_term_string"}}],"inLanguage":"fr-BE"},{"@type":"Person","@id":"https:\/\/www.chemin-neuf.be\/fr\/#\/schema\/person\/dbc5bb8de9c07e1728535c32a94f0692","name":"adminCCN","image":{"@type":"ImageObject","inLanguage":"fr-BE","@id":"https:\/\/secure.gravatar.com\/avatar\/87c9485d85e005be0f711778f5d5b8ea68d63bcbf73b1f7b969e7e9c9d9db96f?s=96&d=mm&r=g","url":"https:\/\/secure.gravatar.com\/avatar\/87c9485d85e005be0f711778f5d5b8ea68d63bcbf73b1f7b969e7e9c9d9db96f?s=96&d=mm&r=g","contentUrl":"https:\/\/secure.gravatar.com\/avatar\/87c9485d85e005be0f711778f5d5b8ea68d63bcbf73b1f7b969e7e9c9d9db96f?s=96&d=mm&r=g","caption":"adminCCN"},"sameAs":["https:\/\/www.chemin-neuf.be"]}]}},"_links":{"self":[{"href":"https:\/\/www.chemin-neuf.be\/fr\/wp-json\/wp\/v2\/posts\/76462","targetHints":{"allow":["GET"]}}],"collection":[{"href":"https:\/\/www.chemin-neuf.be\/fr\/wp-json\/wp\/v2\/posts"}],"about":[{"href":"https:\/\/www.chemin-neuf.be\/fr\/wp-json\/wp\/v2\/types\/post"}],"author":[{"embeddable":true,"href":"https:\/\/www.chemin-neuf.be\/fr\/wp-json\/wp\/v2\/users\/1"}],"replies":[{"embeddable":true,"href":"https:\/\/www.chemin-neuf.be\/fr\/wp-json\/wp\/v2\/comments?post=76462"}],"version-history":[{"count":1,"href":"https:\/\/www.chemin-neuf.be\/fr\/wp-json\/wp\/v2\/posts\/76462\/revisions"}],"predecessor-version":[{"id":76467,"href":"https:\/\/www.chemin-neuf.be\/fr\/wp-json\/wp\/v2\/posts\/76462\/revisions\/76467"}],"wp:featuredmedia":[{"embeddable":true,"href":"https:\/\/www.chemin-neuf.be\/fr\/wp-json\/wp\/v2\/media\/76468"}],"wp:attachment":[{"href":"https:\/\/www.chemin-neuf.be\/fr\/wp-json\/wp\/v2\/media?parent=76462"}],"wp:term":[{"taxonomy":"category","embeddable":true,"href":"https:\/\/www.chemin-neuf.be\/fr\/wp-json\/wp\/v2\/categories?post=76462"},{"taxonomy":"post_tag","embeddable":true,"href":"https:\/\/www.chemin-neuf.be\/fr\/wp-json\/wp\/v2\/tags?post=76462"}],"curies":[{"name":"wp","href":"https:\/\/api.w.org\/{rel}","templated":true}]}}