{"id":74518,"date":"2026-02-05T16:16:54","date_gmt":"2026-02-05T15:16:54","guid":{"rendered":"https:\/\/www.chemin-neuf.be\/un-nouveau-batiment-pour-la-mission-aupres-des-enfants-des-rues-a-kinshasa\/"},"modified":"2026-02-12T23:46:36","modified_gmt":"2026-02-12T22:46:36","slug":"un-nouveau-batiment-pour-la-mission-aupres-des-enfants-des-rues-a-kinshasa","status":"publish","type":"post","link":"https:\/\/www.chemin-neuf.be\/fr\/un-nouveau-batiment-pour-la-mission-aupres-des-enfants-des-rues-a-kinshasa\/","title":{"rendered":"Un nouveau b\u00e2timent pour les enfants des rues \u00e0 Kinshasa"},"content":{"rendered":"\n<p><strong>Inauguration de la maison des grands jeunes\u00a0\u00e0 Kinshasa<\/strong><\/p>\n\n\n\n<p>L\u2019ann\u00e9e 2025 fut une grande ann\u00e9e pour la mission de Ndako ya Biso \u00e0 Kinshasa. En effet, apr\u00e8s les 20 ans de la mission en mai 2025, la communaut\u00e9 du Chemin Neuf a inaugur\u00e9 un nouveau b\u00e2timent le 29 novembre dernier.\u00a0<\/p>\n\n\n\n<p><strong>Les 20 ans de la mission aupr\u00e8s des enfants des rues&nbsp;:&nbsp;<\/strong><\/p>\n\n\n\n<p>La mission aupr\u00e8s des enfants de rues repose sur l\u2019accueil au sein de 2 centres&nbsp;jusqu\u2019\u00e0 15 ans&nbsp;:&nbsp;<\/p>\n\n\n\n<p>Le centre des gar\u00e7ons est semi ouvert. Les petits et les malades dorment sur place, les autres repartent dans la rue le soir. Beaucoup n\u2019ont pas envie de dormir au centre car ils aiment bien gagner de l\u2019argent dehors. Ils viennent la journ\u00e9e au centre. L\u2019objectif est de les r\u00e9ins\u00e9rer dans leurs familles.&nbsp;<\/p>\n\n\n\n<p>Le centre des filles&nbsp;est un centre ferm\u00e9. Les filles dorment sur place. Elles ne sont pas scolaris\u00e9es. L\u2019objectif est \u00e9galement de retrouver leur famille, de les r\u00e9unifier avec elle, et de les scolariser depuis leur famille.<\/p>\n\n\n\n<figure class=\"wp-block-gallery has-nested-images columns-default is-cropped wp-block-gallery-1 is-layout-flex wp-block-gallery-is-layout-flex\">\n<figure class=\"wp-block-image size-large\"><img decoding=\"async\" data-id=\"17000\" src=\"https:\/\/dam.chemin-neuf.net\/wp-content\/uploads\/2026\/02\/DSC_1742-1024x683.jpg\" alt=\"\" class=\"wp-image-17000\"\/><\/figure>\n\n\n\n<figure class=\"wp-block-image size-large\"><img decoding=\"async\" data-id=\"17008\" src=\"https:\/\/dam.chemin-neuf.net\/wp-content\/uploads\/2026\/02\/DSC_1764-1024x683.jpg\" alt=\"\" class=\"wp-image-17008\"\/><\/figure>\n\n\n\n<figure class=\"wp-block-image size-large\"><img decoding=\"async\" data-id=\"16989\" src=\"https:\/\/dam.chemin-neuf.net\/wp-content\/uploads\/2026\/02\/DSC_1756-1024x683.jpg\" alt=\"\" class=\"wp-image-16989\"\/><\/figure>\n<\/figure>\n\n\n\n<p><strong>La mission pour les grands jeunes&nbsp;<\/strong><\/p>\n\n\n\n<p>En 2012&nbsp;a d\u00e9but\u00e9 une mission \u00e0 destination des grands jeunes (18 \u00e0 25 ans). \u00c0 cette \u00e9poque, les plus jeunes sont souvent sous la coupe des grands, ce qui rend leur accompagnement plus complexe. L\u2019\u00e9quipe d\u00e9cide alors de commencer un travail sp\u00e9cifique avec ces a\u00een\u00e9s, notamment \u00e0 travers des groupes de pri\u00e8re, afin d\u2019avancer avec eux.&nbsp;<\/p>\n\n\n\n<p>Cette r\u00e9flexion aboutit en 2014 \u00e0 la cr\u00e9ation d\u2019un centre d\u00e9di\u00e9 aux jeunes de 18 \u00e0 25 ans, avec un objectif clair : l\u2019autonomisation. 5 outils sont mis \u00e0 disposition pour l\u2019atteindre&nbsp;:<\/p>\n\n\n\n<ul class=\"wp-block-list\">\n<li>Une aide psychologique pour des jeunes marqu\u00e9s par des parcours de vie chaotiques.<\/li>\n<\/ul>\n\n\n\n<ul class=\"wp-block-list\">\n<li>Un travail sur l\u2019identit\u00e9 d\u2019homme ou de femme, particuli\u00e8rement important pour les jeunes femmes, qui viennent beaucoup de situations de prostitution. Un travail de pr\u00e9vention est men\u00e9 aupr\u00e8s d\u2019elles.\u00a0<\/li>\n<\/ul>\n\n\n\n<ul class=\"wp-block-list\">\n<li>Alphab\u00e9tisation compl\u00e8te sur 6 mois.<\/li>\n<\/ul>\n\n\n\n<ul class=\"wp-block-list\">\n<li>Une formation professionnelle\u00a0: l\u2019\u00e9quipe voit avec chacun quel m\u00e9tier il pourrait faire en fonction du quartier o\u00f9 il habite, de ses comp\u00e9tences, de ses go\u00fbts et envies. Des visites guid\u00e9es sont organis\u00e9es dans des ateliers pour permettre aux jeunes de d\u00e9couvrir diff\u00e9rents m\u00e9tiers A la fin de la formation professionnelle, le centre leur offre un kit, une sorte de trousse \u00e0 outils (ex\u00a0: machine \u00e0 coudre si ils ont fait couture, outils de ma\u00e7onnerie, d\u2019\u00e9lectricit\u00e9).<\/li>\n<\/ul>\n\n\n\n<ul class=\"wp-block-list\">\n<li>Insertion professionnelle\u00a0afin de trouver un lieu o\u00f9 ils pourront commencer leur activit\u00e9.<\/li>\n<\/ul>\n\n\n\n<figure class=\"wp-block-gallery has-nested-images columns-default is-cropped wp-block-gallery-2 is-layout-flex wp-block-gallery-is-layout-flex\">\n<figure class=\"wp-block-image size-large\"><img decoding=\"async\" data-id=\"17022\" src=\"https:\/\/dam.chemin-neuf.net\/wp-content\/uploads\/2026\/02\/DSC_2038-1024x683.jpg\" alt=\"\" class=\"wp-image-17022\"\/><\/figure>\n\n\n\n<figure class=\"wp-block-image size-large\"><img decoding=\"async\" data-id=\"17029\" src=\"https:\/\/dam.chemin-neuf.net\/wp-content\/uploads\/2026\/02\/DSC_2034-1024x683.jpg\" alt=\"\" class=\"wp-image-17029\"\/><\/figure>\n\n\n\n<figure class=\"wp-block-image size-large\"><img decoding=\"async\" data-id=\"17044\" src=\"https:\/\/dam.chemin-neuf.net\/wp-content\/uploads\/2026\/02\/DSC_2094-1024x683.jpg\" alt=\"\" class=\"wp-image-17044\"\/><\/figure>\n<\/figure>\n\n\n\n<p><strong>Un nouveau b\u00e2timent pour les grands jeunes&nbsp;:<\/strong><\/p>\n\n\n\n<p>Pendant plusieurs ann\u00e9es, malgr\u00e9 l\u2019importance de cette mission, les grands jeunes ne disposaient pas d\u2019un espace qui leur soit propre. Ils \u00e9taient accueillis dans un petit b\u00e2timent situ\u00e9 sur la parcelle du centre des filles, ce qui n\u2019\u00e9tait pas l\u2019id\u00e9al.&nbsp;<\/p>\n\n\n\n<p>Lorsqu\u2019une parcelle voisine est mise en vente, un temps de discernement s\u2019ouvre : faut-il construire un nouveau b\u00e2timent ? Finalement, la Communaut\u00e9 s\u2019engage sur la construction d\u2019un nouveau b\u00e2timent, puis des financements sont trouv\u00e9s, principalement gr\u00e2ce \u00e0 des donateurs priv\u00e9s, d\u2019abord pour l\u2019achat du terrain, puis pour la construction.<\/p>\n\n\n\n<p>Apr\u00e8s une ann\u00e9e de travaux, enti\u00e8rement r\u00e9alis\u00e9s par les jeunes filles et gar\u00e7ons en formation professionnelle (ma\u00e7onnerie, soudure, \u00e9lectricit\u00e9, menuiserie&#8230;), le nouveau b\u00e2timent voit le jour. Il est inaugur\u00e9 fin novembre 2025, en pr\u00e9sence de quatre ambassadeurs repr\u00e9sentant la Belgique, la France, l\u2019Allemagne et l\u2019Ordre de Malte.<\/p>\n\n\n\n<p>Ce nouveau centre s\u2019inscrit dans la continuit\u00e9 d\u2019une activit\u00e9 qui existait d\u00e9j\u00e0 aupr\u00e8s des grands jeunes, mais c\u2019est un lieu pour eux, plus grand, au sein d\u2019une parcelle qui leur est r\u00e9serv\u00e9e, avec leur propre entr\u00e9e. Les \u00e9quipes peuvent compter sur une grande salle d\u2019alphab\u00e9tisation qui est bien \u00e9quip\u00e9e.&nbsp;<\/p>\n\n\n\n<figure class=\"wp-block-gallery has-nested-images columns-default is-cropped wp-block-gallery-3 is-layout-flex wp-block-gallery-is-layout-flex\">\n<figure class=\"wp-block-image size-large\"><img decoding=\"async\" data-id=\"17055\" src=\"https:\/\/dam.chemin-neuf.net\/wp-content\/uploads\/2026\/02\/fefefezdz.png\" alt=\"\" class=\"wp-image-17055\"\/><\/figure>\n\n\n\n<figure class=\"wp-block-image size-large\"><img decoding=\"async\" data-id=\"17077\" src=\"https:\/\/dam.chemin-neuf.net\/wp-content\/uploads\/2026\/02\/DSC_1888-scaled-1-683x1024.jpg\" alt=\"\" class=\"wp-image-17077\"\/><\/figure>\n\n\n\n<figure class=\"wp-block-image size-large\"><img decoding=\"async\" data-id=\"17066\" src=\"https:\/\/dam.chemin-neuf.net\/wp-content\/uploads\/2026\/02\/DSC_1901-1024x683-1.jpg\" alt=\"\" class=\"wp-image-17066\"\/><\/figure>\n\n\n\n<figure class=\"wp-block-image size-large\"><img decoding=\"async\" data-id=\"17088\" src=\"https:\/\/dam.chemin-neuf.net\/wp-content\/uploads\/2026\/02\/DSC_2083-1024x683.jpg\" alt=\"\" class=\"wp-image-17088\"\/><\/figure>\n<\/figure>\n\n\n\n<div style=\"height:30px\" aria-hidden=\"true\" class=\"wp-block-spacer\"><\/div>\n","protected":false},"excerpt":{"rendered":"<p>L\u2019ann\u00e9e 2025 fut une grande ann\u00e9e pour la mission de Ndako ya Biso \u00e0 Kinshasa : 20 ans de la mission et inaugurations <\/p>\n","protected":false},"author":1,"featured_media":74520,"comment_status":"open","ping_status":"open","sticky":false,"template":"","format":"standard","meta":{"_acf_changed":false,"footnotes":""},"categories":[47],"tags":[],"class_list":["post-74518","post","type-post","status-publish","format-standard","has-post-thumbnail","hentry","category-actualites-internationales-fr"],"acf":[],"yoast_head":"<!-- This site is optimized with the Yoast SEO plugin v27.5 - https:\/\/yoast.com\/product\/yoast-seo-wordpress\/ -->\n<title>Un nouveau b\u00e2timent pour les enfants des rues \u00e0 Kinshasa - Chemin Neuf Belgique<\/title>\n<meta name=\"description\" content=\"L\u2019ann\u00e9e 2025 fut une grande ann\u00e9e pour la mission de Ndako ya Biso \u00e0 Kinshasa : 20 ans de la mission et inaugurations\" \/>\n<meta name=\"robots\" content=\"index, follow, max-snippet:-1, max-image-preview:large, max-video-preview:-1\" \/>\n<link rel=\"canonical\" href=\"https:\/\/www.chemin-neuf.be\/fr\/un-nouveau-batiment-pour-la-mission-aupres-des-enfants-des-rues-a-kinshasa\/\" \/>\n<meta property=\"og:locale\" content=\"fr_FR\" \/>\n<meta property=\"og:type\" content=\"article\" \/>\n<meta property=\"og:title\" content=\"Un nouveau b\u00e2timent pour les enfants des rues \u00e0 Kinshasa - Chemin Neuf Belgique\" \/>\n<meta property=\"og:description\" content=\"L\u2019ann\u00e9e 2025 fut une grande ann\u00e9e pour la mission de Ndako ya Biso \u00e0 Kinshasa : 20 ans de la mission et inaugurations\" \/>\n<meta property=\"og:url\" content=\"https:\/\/www.chemin-neuf.be\/fr\/un-nouveau-batiment-pour-la-mission-aupres-des-enfants-des-rues-a-kinshasa\/\" \/>\n<meta property=\"og:site_name\" content=\"Chemin Neuf Belgique\" \/>\n<meta property=\"article:published_time\" content=\"2026-02-05T15:16:54+00:00\" \/>\n<meta property=\"article:modified_time\" content=\"2026-02-12T22:46:36+00:00\" \/>\n<meta property=\"og:image\" content=\"https:\/\/www.chemin-neuf.be\/wp-content\/uploads\/2026\/02\/httpsdam.chemin-neuf.netwp-contentuploads202602DSC_2075-scaled-1.jpg\" \/>\n\t<meta property=\"og:image:width\" content=\"2560\" \/>\n\t<meta property=\"og:image:height\" content=\"1707\" \/>\n\t<meta property=\"og:image:type\" content=\"image\/jpeg\" \/>\n<meta name=\"author\" content=\"adminCCN\" \/>\n<meta name=\"twitter:card\" content=\"summary_large_image\" \/>\n<meta name=\"twitter:label1\" content=\"\u00c9crit par\" \/>\n\t<meta name=\"twitter:data1\" content=\"adminCCN\" \/>\n\t<meta name=\"twitter:label2\" content=\"Dur\u00e9e de lecture est.\" \/>\n\t<meta name=\"twitter:data2\" content=\"3 minutes\" \/>\n<script type=\"application\/ld+json\" class=\"yoast-schema-graph\">{\"@context\":\"https:\\\/\\\/schema.org\",\"@graph\":[{\"@type\":\"Article\",\"@id\":\"https:\\\/\\\/www.chemin-neuf.be\\\/fr\\\/un-nouveau-batiment-pour-la-mission-aupres-des-enfants-des-rues-a-kinshasa\\\/#article\",\"isPartOf\":{\"@id\":\"https:\\\/\\\/www.chemin-neuf.be\\\/fr\\\/un-nouveau-batiment-pour-la-mission-aupres-des-enfants-des-rues-a-kinshasa\\\/\"},\"author\":{\"name\":\"adminCCN\",\"@id\":\"https:\\\/\\\/www.chemin-neuf.be\\\/fr\\\/#\\\/schema\\\/person\\\/dbc5bb8de9c07e1728535c32a94f0692\"},\"headline\":\"Un nouveau b\u00e2timent pour les enfants des rues \u00e0 Kinshasa\",\"datePublished\":\"2026-02-05T15:16:54+00:00\",\"dateModified\":\"2026-02-12T22:46:36+00:00\",\"mainEntityOfPage\":{\"@id\":\"https:\\\/\\\/www.chemin-neuf.be\\\/fr\\\/un-nouveau-batiment-pour-la-mission-aupres-des-enfants-des-rues-a-kinshasa\\\/\"},\"wordCount\":679,\"commentCount\":0,\"image\":{\"@id\":\"https:\\\/\\\/www.chemin-neuf.be\\\/fr\\\/un-nouveau-batiment-pour-la-mission-aupres-des-enfants-des-rues-a-kinshasa\\\/#primaryimage\"},\"thumbnailUrl\":\"https:\\\/\\\/www.chemin-neuf.be\\\/wp-content\\\/uploads\\\/2026\\\/02\\\/httpsdam.chemin-neuf.netwp-contentuploads202602DSC_2075-scaled-1.jpg\",\"articleSection\":[\"Actualit\u00e9s Internationales\"],\"inLanguage\":\"fr-BE\",\"potentialAction\":[{\"@type\":\"CommentAction\",\"name\":\"Comment\",\"target\":[\"https:\\\/\\\/www.chemin-neuf.be\\\/fr\\\/un-nouveau-batiment-pour-la-mission-aupres-des-enfants-des-rues-a-kinshasa\\\/#respond\"]}]},{\"@type\":\"WebPage\",\"@id\":\"https:\\\/\\\/www.chemin-neuf.be\\\/fr\\\/un-nouveau-batiment-pour-la-mission-aupres-des-enfants-des-rues-a-kinshasa\\\/\",\"url\":\"https:\\\/\\\/www.chemin-neuf.be\\\/fr\\\/un-nouveau-batiment-pour-la-mission-aupres-des-enfants-des-rues-a-kinshasa\\\/\",\"name\":\"Un nouveau b\u00e2timent pour les enfants des rues \u00e0 Kinshasa - Chemin Neuf Belgique\",\"isPartOf\":{\"@id\":\"https:\\\/\\\/www.chemin-neuf.be\\\/fr\\\/#website\"},\"primaryImageOfPage\":{\"@id\":\"https:\\\/\\\/www.chemin-neuf.be\\\/fr\\\/un-nouveau-batiment-pour-la-mission-aupres-des-enfants-des-rues-a-kinshasa\\\/#primaryimage\"},\"image\":{\"@id\":\"https:\\\/\\\/www.chemin-neuf.be\\\/fr\\\/un-nouveau-batiment-pour-la-mission-aupres-des-enfants-des-rues-a-kinshasa\\\/#primaryimage\"},\"thumbnailUrl\":\"https:\\\/\\\/www.chemin-neuf.be\\\/wp-content\\\/uploads\\\/2026\\\/02\\\/httpsdam.chemin-neuf.netwp-contentuploads202602DSC_2075-scaled-1.jpg\",\"datePublished\":\"2026-02-05T15:16:54+00:00\",\"dateModified\":\"2026-02-12T22:46:36+00:00\",\"author\":{\"@id\":\"https:\\\/\\\/www.chemin-neuf.be\\\/fr\\\/#\\\/schema\\\/person\\\/dbc5bb8de9c07e1728535c32a94f0692\"},\"description\":\"L\u2019ann\u00e9e 2025 fut une grande ann\u00e9e pour la mission de Ndako ya Biso \u00e0 Kinshasa : 20 ans de la mission et inaugurations\",\"breadcrumb\":{\"@id\":\"https:\\\/\\\/www.chemin-neuf.be\\\/fr\\\/un-nouveau-batiment-pour-la-mission-aupres-des-enfants-des-rues-a-kinshasa\\\/#breadcrumb\"},\"inLanguage\":\"fr-BE\",\"potentialAction\":[{\"@type\":\"ReadAction\",\"target\":[\"https:\\\/\\\/www.chemin-neuf.be\\\/fr\\\/un-nouveau-batiment-pour-la-mission-aupres-des-enfants-des-rues-a-kinshasa\\\/\"]}]},{\"@type\":\"ImageObject\",\"inLanguage\":\"fr-BE\",\"@id\":\"https:\\\/\\\/www.chemin-neuf.be\\\/fr\\\/un-nouveau-batiment-pour-la-mission-aupres-des-enfants-des-rues-a-kinshasa\\\/#primaryimage\",\"url\":\"https:\\\/\\\/www.chemin-neuf.be\\\/wp-content\\\/uploads\\\/2026\\\/02\\\/httpsdam.chemin-neuf.netwp-contentuploads202602DSC_2075-scaled-1.jpg\",\"contentUrl\":\"https:\\\/\\\/www.chemin-neuf.be\\\/wp-content\\\/uploads\\\/2026\\\/02\\\/httpsdam.chemin-neuf.netwp-contentuploads202602DSC_2075-scaled-1.jpg\",\"width\":2560,\"height\":1707},{\"@type\":\"BreadcrumbList\",\"@id\":\"https:\\\/\\\/www.chemin-neuf.be\\\/fr\\\/un-nouveau-batiment-pour-la-mission-aupres-des-enfants-des-rues-a-kinshasa\\\/#breadcrumb\",\"itemListElement\":[{\"@type\":\"ListItem\",\"position\":1,\"name\":\"Home\",\"item\":\"https:\\\/\\\/www.chemin-neuf.be\\\/fr\\\/\"},{\"@type\":\"ListItem\",\"position\":2,\"name\":\"Un nouveau b\u00e2timent pour les enfants des rues \u00e0 Kinshasa\"}]},{\"@type\":\"WebSite\",\"@id\":\"https:\\\/\\\/www.chemin-neuf.be\\\/fr\\\/#website\",\"url\":\"https:\\\/\\\/www.chemin-neuf.be\\\/fr\\\/\",\"name\":\"Chemin Neuf Belgique\",\"description\":\"Communaut\u00e9 du Chemin Neuf en Belgique\",\"potentialAction\":[{\"@type\":\"SearchAction\",\"target\":{\"@type\":\"EntryPoint\",\"urlTemplate\":\"https:\\\/\\\/www.chemin-neuf.be\\\/fr\\\/?s={search_term_string}\"},\"query-input\":{\"@type\":\"PropertyValueSpecification\",\"valueRequired\":true,\"valueName\":\"search_term_string\"}}],\"inLanguage\":\"fr-BE\"},{\"@type\":\"Person\",\"@id\":\"https:\\\/\\\/www.chemin-neuf.be\\\/fr\\\/#\\\/schema\\\/person\\\/dbc5bb8de9c07e1728535c32a94f0692\",\"name\":\"adminCCN\",\"image\":{\"@type\":\"ImageObject\",\"inLanguage\":\"fr-BE\",\"@id\":\"https:\\\/\\\/secure.gravatar.com\\\/avatar\\\/87c9485d85e005be0f711778f5d5b8ea68d63bcbf73b1f7b969e7e9c9d9db96f?s=96&d=mm&r=g\",\"url\":\"https:\\\/\\\/secure.gravatar.com\\\/avatar\\\/87c9485d85e005be0f711778f5d5b8ea68d63bcbf73b1f7b969e7e9c9d9db96f?s=96&d=mm&r=g\",\"contentUrl\":\"https:\\\/\\\/secure.gravatar.com\\\/avatar\\\/87c9485d85e005be0f711778f5d5b8ea68d63bcbf73b1f7b969e7e9c9d9db96f?s=96&d=mm&r=g\",\"caption\":\"adminCCN\"},\"sameAs\":[\"https:\\\/\\\/www.chemin-neuf.be\"]}]}<\/script>\n<!-- \/ Yoast SEO plugin. -->","yoast_head_json":{"title":"Un nouveau b\u00e2timent pour les enfants des rues \u00e0 Kinshasa - Chemin Neuf Belgique","description":"L\u2019ann\u00e9e 2025 fut une grande ann\u00e9e pour la mission de Ndako ya Biso \u00e0 Kinshasa : 20 ans de la mission et inaugurations","robots":{"index":"index","follow":"follow","max-snippet":"max-snippet:-1","max-image-preview":"max-image-preview:large","max-video-preview":"max-video-preview:-1"},"canonical":"https:\/\/www.chemin-neuf.be\/fr\/un-nouveau-batiment-pour-la-mission-aupres-des-enfants-des-rues-a-kinshasa\/","og_locale":"fr_FR","og_type":"article","og_title":"Un nouveau b\u00e2timent pour les enfants des rues \u00e0 Kinshasa - Chemin Neuf Belgique","og_description":"L\u2019ann\u00e9e 2025 fut une grande ann\u00e9e pour la mission de Ndako ya Biso \u00e0 Kinshasa : 20 ans de la mission et inaugurations","og_url":"https:\/\/www.chemin-neuf.be\/fr\/un-nouveau-batiment-pour-la-mission-aupres-des-enfants-des-rues-a-kinshasa\/","og_site_name":"Chemin Neuf Belgique","article_published_time":"2026-02-05T15:16:54+00:00","article_modified_time":"2026-02-12T22:46:36+00:00","og_image":[{"width":2560,"height":1707,"url":"https:\/\/www.chemin-neuf.be\/wp-content\/uploads\/2026\/02\/httpsdam.chemin-neuf.netwp-contentuploads202602DSC_2075-scaled-1.jpg","type":"image\/jpeg"}],"author":"adminCCN","twitter_card":"summary_large_image","twitter_misc":{"\u00c9crit par":"adminCCN","Dur\u00e9e de lecture est.":"3 minutes"},"schema":{"@context":"https:\/\/schema.org","@graph":[{"@type":"Article","@id":"https:\/\/www.chemin-neuf.be\/fr\/un-nouveau-batiment-pour-la-mission-aupres-des-enfants-des-rues-a-kinshasa\/#article","isPartOf":{"@id":"https:\/\/www.chemin-neuf.be\/fr\/un-nouveau-batiment-pour-la-mission-aupres-des-enfants-des-rues-a-kinshasa\/"},"author":{"name":"adminCCN","@id":"https:\/\/www.chemin-neuf.be\/fr\/#\/schema\/person\/dbc5bb8de9c07e1728535c32a94f0692"},"headline":"Un nouveau b\u00e2timent pour les enfants des rues \u00e0 Kinshasa","datePublished":"2026-02-05T15:16:54+00:00","dateModified":"2026-02-12T22:46:36+00:00","mainEntityOfPage":{"@id":"https:\/\/www.chemin-neuf.be\/fr\/un-nouveau-batiment-pour-la-mission-aupres-des-enfants-des-rues-a-kinshasa\/"},"wordCount":679,"commentCount":0,"image":{"@id":"https:\/\/www.chemin-neuf.be\/fr\/un-nouveau-batiment-pour-la-mission-aupres-des-enfants-des-rues-a-kinshasa\/#primaryimage"},"thumbnailUrl":"https:\/\/www.chemin-neuf.be\/wp-content\/uploads\/2026\/02\/httpsdam.chemin-neuf.netwp-contentuploads202602DSC_2075-scaled-1.jpg","articleSection":["Actualit\u00e9s Internationales"],"inLanguage":"fr-BE","potentialAction":[{"@type":"CommentAction","name":"Comment","target":["https:\/\/www.chemin-neuf.be\/fr\/un-nouveau-batiment-pour-la-mission-aupres-des-enfants-des-rues-a-kinshasa\/#respond"]}]},{"@type":"WebPage","@id":"https:\/\/www.chemin-neuf.be\/fr\/un-nouveau-batiment-pour-la-mission-aupres-des-enfants-des-rues-a-kinshasa\/","url":"https:\/\/www.chemin-neuf.be\/fr\/un-nouveau-batiment-pour-la-mission-aupres-des-enfants-des-rues-a-kinshasa\/","name":"Un nouveau b\u00e2timent pour les enfants des rues \u00e0 Kinshasa - Chemin Neuf Belgique","isPartOf":{"@id":"https:\/\/www.chemin-neuf.be\/fr\/#website"},"primaryImageOfPage":{"@id":"https:\/\/www.chemin-neuf.be\/fr\/un-nouveau-batiment-pour-la-mission-aupres-des-enfants-des-rues-a-kinshasa\/#primaryimage"},"image":{"@id":"https:\/\/www.chemin-neuf.be\/fr\/un-nouveau-batiment-pour-la-mission-aupres-des-enfants-des-rues-a-kinshasa\/#primaryimage"},"thumbnailUrl":"https:\/\/www.chemin-neuf.be\/wp-content\/uploads\/2026\/02\/httpsdam.chemin-neuf.netwp-contentuploads202602DSC_2075-scaled-1.jpg","datePublished":"2026-02-05T15:16:54+00:00","dateModified":"2026-02-12T22:46:36+00:00","author":{"@id":"https:\/\/www.chemin-neuf.be\/fr\/#\/schema\/person\/dbc5bb8de9c07e1728535c32a94f0692"},"description":"L\u2019ann\u00e9e 2025 fut une grande ann\u00e9e pour la mission de Ndako ya Biso \u00e0 Kinshasa : 20 ans de la mission et inaugurations","breadcrumb":{"@id":"https:\/\/www.chemin-neuf.be\/fr\/un-nouveau-batiment-pour-la-mission-aupres-des-enfants-des-rues-a-kinshasa\/#breadcrumb"},"inLanguage":"fr-BE","potentialAction":[{"@type":"ReadAction","target":["https:\/\/www.chemin-neuf.be\/fr\/un-nouveau-batiment-pour-la-mission-aupres-des-enfants-des-rues-a-kinshasa\/"]}]},{"@type":"ImageObject","inLanguage":"fr-BE","@id":"https:\/\/www.chemin-neuf.be\/fr\/un-nouveau-batiment-pour-la-mission-aupres-des-enfants-des-rues-a-kinshasa\/#primaryimage","url":"https:\/\/www.chemin-neuf.be\/wp-content\/uploads\/2026\/02\/httpsdam.chemin-neuf.netwp-contentuploads202602DSC_2075-scaled-1.jpg","contentUrl":"https:\/\/www.chemin-neuf.be\/wp-content\/uploads\/2026\/02\/httpsdam.chemin-neuf.netwp-contentuploads202602DSC_2075-scaled-1.jpg","width":2560,"height":1707},{"@type":"BreadcrumbList","@id":"https:\/\/www.chemin-neuf.be\/fr\/un-nouveau-batiment-pour-la-mission-aupres-des-enfants-des-rues-a-kinshasa\/#breadcrumb","itemListElement":[{"@type":"ListItem","position":1,"name":"Home","item":"https:\/\/www.chemin-neuf.be\/fr\/"},{"@type":"ListItem","position":2,"name":"Un nouveau b\u00e2timent pour les enfants des rues \u00e0 Kinshasa"}]},{"@type":"WebSite","@id":"https:\/\/www.chemin-neuf.be\/fr\/#website","url":"https:\/\/www.chemin-neuf.be\/fr\/","name":"Chemin Neuf Belgique","description":"Communaut\u00e9 du Chemin Neuf en Belgique","potentialAction":[{"@type":"SearchAction","target":{"@type":"EntryPoint","urlTemplate":"https:\/\/www.chemin-neuf.be\/fr\/?s={search_term_string}"},"query-input":{"@type":"PropertyValueSpecification","valueRequired":true,"valueName":"search_term_string"}}],"inLanguage":"fr-BE"},{"@type":"Person","@id":"https:\/\/www.chemin-neuf.be\/fr\/#\/schema\/person\/dbc5bb8de9c07e1728535c32a94f0692","name":"adminCCN","image":{"@type":"ImageObject","inLanguage":"fr-BE","@id":"https:\/\/secure.gravatar.com\/avatar\/87c9485d85e005be0f711778f5d5b8ea68d63bcbf73b1f7b969e7e9c9d9db96f?s=96&d=mm&r=g","url":"https:\/\/secure.gravatar.com\/avatar\/87c9485d85e005be0f711778f5d5b8ea68d63bcbf73b1f7b969e7e9c9d9db96f?s=96&d=mm&r=g","contentUrl":"https:\/\/secure.gravatar.com\/avatar\/87c9485d85e005be0f711778f5d5b8ea68d63bcbf73b1f7b969e7e9c9d9db96f?s=96&d=mm&r=g","caption":"adminCCN"},"sameAs":["https:\/\/www.chemin-neuf.be"]}]}},"_links":{"self":[{"href":"https:\/\/www.chemin-neuf.be\/fr\/wp-json\/wp\/v2\/posts\/74518","targetHints":{"allow":["GET"]}}],"collection":[{"href":"https:\/\/www.chemin-neuf.be\/fr\/wp-json\/wp\/v2\/posts"}],"about":[{"href":"https:\/\/www.chemin-neuf.be\/fr\/wp-json\/wp\/v2\/types\/post"}],"author":[{"embeddable":true,"href":"https:\/\/www.chemin-neuf.be\/fr\/wp-json\/wp\/v2\/users\/1"}],"replies":[{"embeddable":true,"href":"https:\/\/www.chemin-neuf.be\/fr\/wp-json\/wp\/v2\/comments?post=74518"}],"version-history":[{"count":3,"href":"https:\/\/www.chemin-neuf.be\/fr\/wp-json\/wp\/v2\/posts\/74518\/revisions"}],"predecessor-version":[{"id":74813,"href":"https:\/\/www.chemin-neuf.be\/fr\/wp-json\/wp\/v2\/posts\/74518\/revisions\/74813"}],"wp:featuredmedia":[{"embeddable":true,"href":"https:\/\/www.chemin-neuf.be\/fr\/wp-json\/wp\/v2\/media\/74520"}],"wp:attachment":[{"href":"https:\/\/www.chemin-neuf.be\/fr\/wp-json\/wp\/v2\/media?parent=74518"}],"wp:term":[{"taxonomy":"category","embeddable":true,"href":"https:\/\/www.chemin-neuf.be\/fr\/wp-json\/wp\/v2\/categories?post=74518"},{"taxonomy":"post_tag","embeddable":true,"href":"https:\/\/www.chemin-neuf.be\/fr\/wp-json\/wp\/v2\/tags?post=74518"}],"curies":[{"name":"wp","href":"https:\/\/api.w.org\/{rel}","templated":true}]}}