{"id":73060,"date":"2025-12-11T15:19:13","date_gmt":"2025-12-11T14:19:13","guid":{"rendered":"https:\/\/www.chemin-neuf.be\/une-ecole-dinsertion-sociale-au-liban\/"},"modified":"2025-12-11T15:48:09","modified_gmt":"2025-12-11T14:48:09","slug":"une-ecole-dinsertion-sociale-au-liban","status":"publish","type":"post","link":"https:\/\/www.chemin-neuf.be\/fr\/une-ecole-dinsertion-sociale-au-liban\/","title":{"rendered":"Une \u00e9cole d&rsquo;insertion sociale au Liban"},"content":{"rendered":"\n<div style=\"height:30px\" aria-hidden=\"true\" class=\"wp-block-spacer\"><\/div>\n\n\n\n<p class=\"has-beige-background-color has-background\">Marie Giron, soeur de la communaut\u00e9 du Chemin Neuf, est en mission \u00e0 Jounieh. Dans cette ville libanaise, la maison communautaire de Chnanir, accueille des jeunes porteurs de handicap. Marie nous explique ce qu&rsquo;il s&rsquo;y passe.<\/p>\n\n\n\n<p>L\u2019\u00c9cole EPES \u2014 Ensemble pour une \u00c9ducation Sp\u00e9cialis\u00e9e \u2014 accueille cette ann\u00e9e une trentaine d\u2019\u00e9l\u00e8ves porteurs de handicap r\u00e9partis dans quatre classes. Enfants, adolescents et jeunes adultes pr\u00e9sentant des troubles mentaux plus ou moins s\u00e9v\u00e8res y trouvent un cadre adapt\u00e9 pour apprendre, progresser et s\u2019\u00e9panouir. Ils b\u00e9n\u00e9ficient d\u2019activit\u00e9s p\u00e9dagogiques ajust\u00e9es \u00e0 leurs besoins, d\u2019un suivi th\u00e9rapeutique assur\u00e9 par des professionnels, et d\u2019un environnement qui les accompagne dans leur d\u00e9veloppement global.<\/p>\n\n\n\n<p>Au c\u0153ur de l\u2019\u00e9cole, une \u00e9quipe pluridisciplinaire travaille main dans la main avec les familles afin de permettre \u00e0 chaque \u00e9l\u00e8ve d\u2019avancer \u00e0 son rythme et de s\u2019ins\u00e9rer progressivement dans la soci\u00e9t\u00e9. Le quotidien \u00e0 EPES est fait de joies simples, de rires, d\u2019\u00e9merveillements, de courage\u2026 et parfois de larmes dans les moments plus difficiles qui t\u00e9moignent de la r\u00e9alit\u00e9 de ces parcours singuliers.<\/p>\n\n\n\n<p>Dans un pays marqu\u00e9 par des crises successives et encore en qu\u00eate de stabilit\u00e9, rassembler les ressources n\u00e9cessaires pour r\u00e9pondre aux besoins de l\u2019\u00e9cole, des enfants et de leurs familles demeure un v\u00e9ritable d\u00e9fi. Si EPES continue de vivre, c\u2019est en grande partie gr\u00e2ce \u00e0 la g\u00e9n\u00e9rosit\u00e9 de ses donateurs et aux parrainages, indispensables pour assurer la continuit\u00e9 de la scolarit\u00e9 des \u00e9l\u00e8ves. Le parrainage offre une v\u00e9ritable s\u00e9curit\u00e9 \u00e0 l\u2019enfant et l\u2019aide concr\u00e8tement \u00e0 poursuivre son parcours jusqu\u2019au bout. <\/p>\n\n\n\n<div class=\"wp-block-buttons alignwide has-white-background-color has-background is-content-justification-center is-layout-flex wp-container-core-buttons-is-layout-16018d1d wp-block-buttons-is-layout-flex\">\n<div class=\"wp-block-button is-style-fill\"><a class=\"wp-block-button__link wp-element-button\" href=\"https:\/\/www.epes-lb.org\/formulaire%20de%20parrainage\/\" style=\"padding-top:var(--wp--preset--spacing--40);padding-right:var(--wp--preset--spacing--50);padding-bottom:var(--wp--preset--spacing--40);padding-left:var(--wp--preset--spacing--50)\">Lien de parrainage<\/a><\/div>\n<\/div>\n\n\n\n<p>Depuis presque deux ans, l\u2019\u00e9cole a \u00e9galement d\u00e9velopp\u00e9 l\u2019atelier Lueur, un atelier de bougies participatif et professionnalisant. Les \u00e9l\u00e8ves y r\u00e9alisent des bougies qui sont ensuite propos\u00e9es au public : une activit\u00e9 valorisante, qui leur permet d\u2019acqu\u00e9rir des comp\u00e9tences et de se relier davantage au monde ext\u00e9rieur. Et en cette p\u00e9riode pr\u00e9c\u00e9dant No\u00ebl, l\u2019atelier tourne \u00e0 plein r\u00e9gime pour honorer les nombreuses commandes !<\/p>\n\n\n\n<div style=\"height:30px\" aria-hidden=\"true\" class=\"wp-block-spacer\"><\/div>\n","protected":false},"excerpt":{"rendered":"<p>L\u2019\u00c9cole EPES accueille cette ann\u00e9e une trentaine d\u2019\u00e9l\u00e8ves porteurs de handicap<\/p>\n","protected":false},"author":1,"featured_media":73087,"comment_status":"open","ping_status":"open","sticky":false,"template":"","format":"standard","meta":{"_acf_changed":false,"footnotes":""},"categories":[47],"tags":[],"class_list":["post-73060","post","type-post","status-publish","format-standard","has-post-thumbnail","hentry","category-actualites-internationales-fr"],"acf":[],"yoast_head":"<!-- This site is optimized with the Yoast SEO plugin v27.5 - https:\/\/yoast.com\/product\/yoast-seo-wordpress\/ -->\n<title>Une \u00e9cole d&#039;insertion sociale au Liban - Chemin Neuf Belgique<\/title>\n<meta name=\"description\" content=\"L\u2019\u00c9cole EPES accueille cette ann\u00e9e une trentaine d\u2019\u00e9l\u00e8ves porteurs de handicap\" \/>\n<meta name=\"robots\" content=\"index, follow, max-snippet:-1, max-image-preview:large, max-video-preview:-1\" \/>\n<link rel=\"canonical\" href=\"https:\/\/www.chemin-neuf.be\/fr\/une-ecole-dinsertion-sociale-au-liban\/\" \/>\n<meta property=\"og:locale\" content=\"fr_FR\" \/>\n<meta property=\"og:type\" content=\"article\" \/>\n<meta property=\"og:title\" content=\"Une \u00e9cole d&#039;insertion sociale au Liban - Chemin Neuf Belgique\" \/>\n<meta property=\"og:description\" content=\"L\u2019\u00c9cole EPES accueille cette ann\u00e9e une trentaine d\u2019\u00e9l\u00e8ves porteurs de handicap\" \/>\n<meta property=\"og:url\" content=\"https:\/\/www.chemin-neuf.be\/fr\/une-ecole-dinsertion-sociale-au-liban\/\" \/>\n<meta property=\"og:site_name\" content=\"Chemin Neuf Belgique\" \/>\n<meta property=\"article:published_time\" content=\"2025-12-11T14:19:13+00:00\" \/>\n<meta property=\"article:modified_time\" content=\"2025-12-11T14:48:09+00:00\" \/>\n<meta name=\"author\" content=\"adminCCN\" \/>\n<meta name=\"twitter:card\" content=\"summary_large_image\" \/>\n<meta name=\"twitter:label1\" content=\"\u00c9crit par\" \/>\n\t<meta name=\"twitter:data1\" content=\"adminCCN\" \/>\n\t<meta name=\"twitter:label2\" content=\"Dur\u00e9e de lecture est.\" \/>\n\t<meta name=\"twitter:data2\" content=\"2 minutes\" \/>\n<script type=\"application\/ld+json\" class=\"yoast-schema-graph\">{\"@context\":\"https:\\\/\\\/schema.org\",\"@graph\":[{\"@type\":\"Article\",\"@id\":\"https:\\\/\\\/www.chemin-neuf.be\\\/fr\\\/une-ecole-dinsertion-sociale-au-liban\\\/#article\",\"isPartOf\":{\"@id\":\"https:\\\/\\\/www.chemin-neuf.be\\\/fr\\\/une-ecole-dinsertion-sociale-au-liban\\\/\"},\"author\":{\"name\":\"adminCCN\",\"@id\":\"https:\\\/\\\/www.chemin-neuf.be\\\/fr\\\/#\\\/schema\\\/person\\\/dbc5bb8de9c07e1728535c32a94f0692\"},\"headline\":\"Une \u00e9cole d&rsquo;insertion sociale au Liban\",\"datePublished\":\"2025-12-11T14:19:13+00:00\",\"dateModified\":\"2025-12-11T14:48:09+00:00\",\"mainEntityOfPage\":{\"@id\":\"https:\\\/\\\/www.chemin-neuf.be\\\/fr\\\/une-ecole-dinsertion-sociale-au-liban\\\/\"},\"wordCount\":377,\"commentCount\":0,\"image\":{\"@id\":\"https:\\\/\\\/www.chemin-neuf.be\\\/fr\\\/une-ecole-dinsertion-sociale-au-liban\\\/#primaryimage\"},\"thumbnailUrl\":\"https:\\\/\\\/www.chemin-neuf.be\\\/wp-content\\\/uploads\\\/2025\\\/12\\\/httpsdam.chemin-neuf.netwp-contentuploads202512Photo_EPES_Liban.png\",\"articleSection\":[\"Actualit\u00e9s Internationales\"],\"inLanguage\":\"fr-BE\",\"potentialAction\":[{\"@type\":\"CommentAction\",\"name\":\"Comment\",\"target\":[\"https:\\\/\\\/www.chemin-neuf.be\\\/fr\\\/une-ecole-dinsertion-sociale-au-liban\\\/#respond\"]}]},{\"@type\":\"WebPage\",\"@id\":\"https:\\\/\\\/www.chemin-neuf.be\\\/fr\\\/une-ecole-dinsertion-sociale-au-liban\\\/\",\"url\":\"https:\\\/\\\/www.chemin-neuf.be\\\/fr\\\/une-ecole-dinsertion-sociale-au-liban\\\/\",\"name\":\"Une \u00e9cole d'insertion sociale au Liban - Chemin Neuf Belgique\",\"isPartOf\":{\"@id\":\"https:\\\/\\\/www.chemin-neuf.be\\\/fr\\\/#website\"},\"primaryImageOfPage\":{\"@id\":\"https:\\\/\\\/www.chemin-neuf.be\\\/fr\\\/une-ecole-dinsertion-sociale-au-liban\\\/#primaryimage\"},\"image\":{\"@id\":\"https:\\\/\\\/www.chemin-neuf.be\\\/fr\\\/une-ecole-dinsertion-sociale-au-liban\\\/#primaryimage\"},\"thumbnailUrl\":\"https:\\\/\\\/www.chemin-neuf.be\\\/wp-content\\\/uploads\\\/2025\\\/12\\\/httpsdam.chemin-neuf.netwp-contentuploads202512Photo_EPES_Liban.png\",\"datePublished\":\"2025-12-11T14:19:13+00:00\",\"dateModified\":\"2025-12-11T14:48:09+00:00\",\"author\":{\"@id\":\"https:\\\/\\\/www.chemin-neuf.be\\\/fr\\\/#\\\/schema\\\/person\\\/dbc5bb8de9c07e1728535c32a94f0692\"},\"description\":\"L\u2019\u00c9cole EPES accueille cette ann\u00e9e une trentaine d\u2019\u00e9l\u00e8ves porteurs de handicap\",\"breadcrumb\":{\"@id\":\"https:\\\/\\\/www.chemin-neuf.be\\\/fr\\\/une-ecole-dinsertion-sociale-au-liban\\\/#breadcrumb\"},\"inLanguage\":\"fr-BE\",\"potentialAction\":[{\"@type\":\"ReadAction\",\"target\":[\"https:\\\/\\\/www.chemin-neuf.be\\\/fr\\\/une-ecole-dinsertion-sociale-au-liban\\\/\"]}]},{\"@type\":\"ImageObject\",\"inLanguage\":\"fr-BE\",\"@id\":\"https:\\\/\\\/www.chemin-neuf.be\\\/fr\\\/une-ecole-dinsertion-sociale-au-liban\\\/#primaryimage\",\"url\":\"https:\\\/\\\/www.chemin-neuf.be\\\/wp-content\\\/uploads\\\/2025\\\/12\\\/httpsdam.chemin-neuf.netwp-contentuploads202512Photo_EPES_Liban.png\",\"contentUrl\":\"https:\\\/\\\/www.chemin-neuf.be\\\/wp-content\\\/uploads\\\/2025\\\/12\\\/httpsdam.chemin-neuf.netwp-contentuploads202512Photo_EPES_Liban.png\",\"width\":1112,\"height\":992},{\"@type\":\"BreadcrumbList\",\"@id\":\"https:\\\/\\\/www.chemin-neuf.be\\\/fr\\\/une-ecole-dinsertion-sociale-au-liban\\\/#breadcrumb\",\"itemListElement\":[{\"@type\":\"ListItem\",\"position\":1,\"name\":\"Home\",\"item\":\"https:\\\/\\\/www.chemin-neuf.be\\\/fr\\\/\"},{\"@type\":\"ListItem\",\"position\":2,\"name\":\"Une \u00e9cole d&rsquo;insertion sociale au Liban\"}]},{\"@type\":\"WebSite\",\"@id\":\"https:\\\/\\\/www.chemin-neuf.be\\\/fr\\\/#website\",\"url\":\"https:\\\/\\\/www.chemin-neuf.be\\\/fr\\\/\",\"name\":\"Chemin Neuf Belgique\",\"description\":\"Communaut\u00e9 du Chemin Neuf en Belgique\",\"potentialAction\":[{\"@type\":\"SearchAction\",\"target\":{\"@type\":\"EntryPoint\",\"urlTemplate\":\"https:\\\/\\\/www.chemin-neuf.be\\\/fr\\\/?s={search_term_string}\"},\"query-input\":{\"@type\":\"PropertyValueSpecification\",\"valueRequired\":true,\"valueName\":\"search_term_string\"}}],\"inLanguage\":\"fr-BE\"},{\"@type\":\"Person\",\"@id\":\"https:\\\/\\\/www.chemin-neuf.be\\\/fr\\\/#\\\/schema\\\/person\\\/dbc5bb8de9c07e1728535c32a94f0692\",\"name\":\"adminCCN\",\"image\":{\"@type\":\"ImageObject\",\"inLanguage\":\"fr-BE\",\"@id\":\"https:\\\/\\\/secure.gravatar.com\\\/avatar\\\/87c9485d85e005be0f711778f5d5b8ea68d63bcbf73b1f7b969e7e9c9d9db96f?s=96&d=mm&r=g\",\"url\":\"https:\\\/\\\/secure.gravatar.com\\\/avatar\\\/87c9485d85e005be0f711778f5d5b8ea68d63bcbf73b1f7b969e7e9c9d9db96f?s=96&d=mm&r=g\",\"contentUrl\":\"https:\\\/\\\/secure.gravatar.com\\\/avatar\\\/87c9485d85e005be0f711778f5d5b8ea68d63bcbf73b1f7b969e7e9c9d9db96f?s=96&d=mm&r=g\",\"caption\":\"adminCCN\"},\"sameAs\":[\"https:\\\/\\\/www.chemin-neuf.be\"]}]}<\/script>\n<!-- \/ Yoast SEO plugin. -->","yoast_head_json":{"title":"Une \u00e9cole d'insertion sociale au Liban - Chemin Neuf Belgique","description":"L\u2019\u00c9cole EPES accueille cette ann\u00e9e une trentaine d\u2019\u00e9l\u00e8ves porteurs de handicap","robots":{"index":"index","follow":"follow","max-snippet":"max-snippet:-1","max-image-preview":"max-image-preview:large","max-video-preview":"max-video-preview:-1"},"canonical":"https:\/\/www.chemin-neuf.be\/fr\/une-ecole-dinsertion-sociale-au-liban\/","og_locale":"fr_FR","og_type":"article","og_title":"Une \u00e9cole d'insertion sociale au Liban - Chemin Neuf Belgique","og_description":"L\u2019\u00c9cole EPES accueille cette ann\u00e9e une trentaine d\u2019\u00e9l\u00e8ves porteurs de handicap","og_url":"https:\/\/www.chemin-neuf.be\/fr\/une-ecole-dinsertion-sociale-au-liban\/","og_site_name":"Chemin Neuf Belgique","article_published_time":"2025-12-11T14:19:13+00:00","article_modified_time":"2025-12-11T14:48:09+00:00","author":"adminCCN","twitter_card":"summary_large_image","twitter_misc":{"\u00c9crit par":"adminCCN","Dur\u00e9e de lecture est.":"2 minutes"},"schema":{"@context":"https:\/\/schema.org","@graph":[{"@type":"Article","@id":"https:\/\/www.chemin-neuf.be\/fr\/une-ecole-dinsertion-sociale-au-liban\/#article","isPartOf":{"@id":"https:\/\/www.chemin-neuf.be\/fr\/une-ecole-dinsertion-sociale-au-liban\/"},"author":{"name":"adminCCN","@id":"https:\/\/www.chemin-neuf.be\/fr\/#\/schema\/person\/dbc5bb8de9c07e1728535c32a94f0692"},"headline":"Une \u00e9cole d&rsquo;insertion sociale au Liban","datePublished":"2025-12-11T14:19:13+00:00","dateModified":"2025-12-11T14:48:09+00:00","mainEntityOfPage":{"@id":"https:\/\/www.chemin-neuf.be\/fr\/une-ecole-dinsertion-sociale-au-liban\/"},"wordCount":377,"commentCount":0,"image":{"@id":"https:\/\/www.chemin-neuf.be\/fr\/une-ecole-dinsertion-sociale-au-liban\/#primaryimage"},"thumbnailUrl":"https:\/\/www.chemin-neuf.be\/wp-content\/uploads\/2025\/12\/httpsdam.chemin-neuf.netwp-contentuploads202512Photo_EPES_Liban.png","articleSection":["Actualit\u00e9s Internationales"],"inLanguage":"fr-BE","potentialAction":[{"@type":"CommentAction","name":"Comment","target":["https:\/\/www.chemin-neuf.be\/fr\/une-ecole-dinsertion-sociale-au-liban\/#respond"]}]},{"@type":"WebPage","@id":"https:\/\/www.chemin-neuf.be\/fr\/une-ecole-dinsertion-sociale-au-liban\/","url":"https:\/\/www.chemin-neuf.be\/fr\/une-ecole-dinsertion-sociale-au-liban\/","name":"Une \u00e9cole d'insertion sociale au Liban - Chemin Neuf Belgique","isPartOf":{"@id":"https:\/\/www.chemin-neuf.be\/fr\/#website"},"primaryImageOfPage":{"@id":"https:\/\/www.chemin-neuf.be\/fr\/une-ecole-dinsertion-sociale-au-liban\/#primaryimage"},"image":{"@id":"https:\/\/www.chemin-neuf.be\/fr\/une-ecole-dinsertion-sociale-au-liban\/#primaryimage"},"thumbnailUrl":"https:\/\/www.chemin-neuf.be\/wp-content\/uploads\/2025\/12\/httpsdam.chemin-neuf.netwp-contentuploads202512Photo_EPES_Liban.png","datePublished":"2025-12-11T14:19:13+00:00","dateModified":"2025-12-11T14:48:09+00:00","author":{"@id":"https:\/\/www.chemin-neuf.be\/fr\/#\/schema\/person\/dbc5bb8de9c07e1728535c32a94f0692"},"description":"L\u2019\u00c9cole EPES accueille cette ann\u00e9e une trentaine d\u2019\u00e9l\u00e8ves porteurs de handicap","breadcrumb":{"@id":"https:\/\/www.chemin-neuf.be\/fr\/une-ecole-dinsertion-sociale-au-liban\/#breadcrumb"},"inLanguage":"fr-BE","potentialAction":[{"@type":"ReadAction","target":["https:\/\/www.chemin-neuf.be\/fr\/une-ecole-dinsertion-sociale-au-liban\/"]}]},{"@type":"ImageObject","inLanguage":"fr-BE","@id":"https:\/\/www.chemin-neuf.be\/fr\/une-ecole-dinsertion-sociale-au-liban\/#primaryimage","url":"https:\/\/www.chemin-neuf.be\/wp-content\/uploads\/2025\/12\/httpsdam.chemin-neuf.netwp-contentuploads202512Photo_EPES_Liban.png","contentUrl":"https:\/\/www.chemin-neuf.be\/wp-content\/uploads\/2025\/12\/httpsdam.chemin-neuf.netwp-contentuploads202512Photo_EPES_Liban.png","width":1112,"height":992},{"@type":"BreadcrumbList","@id":"https:\/\/www.chemin-neuf.be\/fr\/une-ecole-dinsertion-sociale-au-liban\/#breadcrumb","itemListElement":[{"@type":"ListItem","position":1,"name":"Home","item":"https:\/\/www.chemin-neuf.be\/fr\/"},{"@type":"ListItem","position":2,"name":"Une \u00e9cole d&rsquo;insertion sociale au Liban"}]},{"@type":"WebSite","@id":"https:\/\/www.chemin-neuf.be\/fr\/#website","url":"https:\/\/www.chemin-neuf.be\/fr\/","name":"Chemin Neuf Belgique","description":"Communaut\u00e9 du Chemin Neuf en Belgique","potentialAction":[{"@type":"SearchAction","target":{"@type":"EntryPoint","urlTemplate":"https:\/\/www.chemin-neuf.be\/fr\/?s={search_term_string}"},"query-input":{"@type":"PropertyValueSpecification","valueRequired":true,"valueName":"search_term_string"}}],"inLanguage":"fr-BE"},{"@type":"Person","@id":"https:\/\/www.chemin-neuf.be\/fr\/#\/schema\/person\/dbc5bb8de9c07e1728535c32a94f0692","name":"adminCCN","image":{"@type":"ImageObject","inLanguage":"fr-BE","@id":"https:\/\/secure.gravatar.com\/avatar\/87c9485d85e005be0f711778f5d5b8ea68d63bcbf73b1f7b969e7e9c9d9db96f?s=96&d=mm&r=g","url":"https:\/\/secure.gravatar.com\/avatar\/87c9485d85e005be0f711778f5d5b8ea68d63bcbf73b1f7b969e7e9c9d9db96f?s=96&d=mm&r=g","contentUrl":"https:\/\/secure.gravatar.com\/avatar\/87c9485d85e005be0f711778f5d5b8ea68d63bcbf73b1f7b969e7e9c9d9db96f?s=96&d=mm&r=g","caption":"adminCCN"},"sameAs":["https:\/\/www.chemin-neuf.be"]}]}},"_links":{"self":[{"href":"https:\/\/www.chemin-neuf.be\/fr\/wp-json\/wp\/v2\/posts\/73060","targetHints":{"allow":["GET"]}}],"collection":[{"href":"https:\/\/www.chemin-neuf.be\/fr\/wp-json\/wp\/v2\/posts"}],"about":[{"href":"https:\/\/www.chemin-neuf.be\/fr\/wp-json\/wp\/v2\/types\/post"}],"author":[{"embeddable":true,"href":"https:\/\/www.chemin-neuf.be\/fr\/wp-json\/wp\/v2\/users\/1"}],"replies":[{"embeddable":true,"href":"https:\/\/www.chemin-neuf.be\/fr\/wp-json\/wp\/v2\/comments?post=73060"}],"version-history":[{"count":1,"href":"https:\/\/www.chemin-neuf.be\/fr\/wp-json\/wp\/v2\/posts\/73060\/revisions"}],"predecessor-version":[{"id":73086,"href":"https:\/\/www.chemin-neuf.be\/fr\/wp-json\/wp\/v2\/posts\/73060\/revisions\/73086"}],"wp:featuredmedia":[{"embeddable":true,"href":"https:\/\/www.chemin-neuf.be\/fr\/wp-json\/wp\/v2\/media\/73087"}],"wp:attachment":[{"href":"https:\/\/www.chemin-neuf.be\/fr\/wp-json\/wp\/v2\/media?parent=73060"}],"wp:term":[{"taxonomy":"category","embeddable":true,"href":"https:\/\/www.chemin-neuf.be\/fr\/wp-json\/wp\/v2\/categories?post=73060"},{"taxonomy":"post_tag","embeddable":true,"href":"https:\/\/www.chemin-neuf.be\/fr\/wp-json\/wp\/v2\/tags?post=73060"}],"curies":[{"name":"wp","href":"https:\/\/api.w.org\/{rel}","templated":true}]}}