{"id":73050,"date":"2025-12-11T15:13:44","date_gmt":"2025-12-11T14:13:44","guid":{"rendered":"https:\/\/www.chemin-neuf.be\/les-nouvelles-du-tchad\/"},"modified":"2026-02-12T23:46:36","modified_gmt":"2026-02-12T22:46:36","slug":"les-nouvelles-du-tchad","status":"publish","type":"post","link":"https:\/\/www.chemin-neuf.be\/fr\/les-nouvelles-du-tchad\/","title":{"rendered":"Les nouvelles du Tchad"},"content":{"rendered":"\n<div style=\"height:30px\" aria-hidden=\"true\" class=\"wp-block-spacer\"><\/div>\n\n\n\n<p class=\"has-beige-background-color has-background\">Le p\u00e8re Elys\u00e9e NIYOKINDI, responsable de la Communaut\u00e9 du Chemin Neuf au Tchad, nous partage sa relecture de l&rsquo;ann\u00e9e \u00e9coul\u00e9e et les nouvelles de la communaut\u00e9.<\/p>\n\n\n\n<div style=\"height:30px\" aria-hidden=\"true\" class=\"wp-block-spacer\"><\/div>\n\n\n\n<p><em>&nbsp;\u00ab Sans le Seigneur qui \u00e9tait pour nous \u00bb<\/em> (Psaume 124). Le psalmiste loue la pr\u00e9sence du Seigneur aux c\u00f4t\u00e9s d\u2019Isra\u00ebl. <\/p>\n\n\n\n<p>Nous sommes au d\u00e9but de l\u2019ann\u00e9e pastorale 2025-2026. Nous rendons gr\u00e2ce pour l\u2019ann\u00e9e pastorale \u00e9coul\u00e9e. Elle a \u00e9t\u00e9 marqu\u00e9e par les d\u00e9parts vers le p\u00e8re d\u2019un fr\u00e8re et d\u2019une s\u0153ur ainsi que des membres de la fraternit\u00e9 cana. C\u2019est toujours difficile de perdre un fr\u00e8re ou une s\u0153ur, un compagnon de lutte, un \u00e9poux ou une \u00e9pouse, un p\u00e8re ou une m\u00e8re. Cela fait partie de notre vie ici au Tchad. Ces d\u00e9parts vers le P\u00e8re du ciel nous encouragent \u00e0 continuer \u00e0 \u00e9vang\u00e9liser. Comme les disciples apr\u00e8s la mort et la r\u00e9surrection du Christ. Nous croyons que la vie est plus forte que la mort. <\/p>\n\n\n\n<p>C\u2019est pourquoi malgr\u00e9 ces d\u00e9parts, nos diff\u00e9rentes missions ont pu continuer \u00e0 se tenir. C\u2019est ainsi que nous avons organis\u00e9 des sessions aupr\u00e8s des jeunes, des familles et leurs enfants. Le Centre de sant\u00e9 saint Luc de Ku-Jericho a continu\u00e9 sa mission de prodiguer des soins tout en offrant des conseils pour pr\u00e9venir d\u2019autres maladies ou complications. Quant \u00e0 l\u2019\u00e9cole monseigneur Gabriel Balet, la rigueur dans le travail fourni par les fr\u00e8res et s\u0153urs et les enseignants a produit ses fruits. Nos jeunes enfants qui sortent de cette \u00e9cole ont de meilleurs r\u00e9sultats. Les parents demandent m\u00eame d\u2019avoir un coll\u00e8ge afin que nos enfants puissent aller au bout de leur formation scolaire.&nbsp;&nbsp;<\/p>\n\n\n<div class=\"wp-block-image\">\n<figure class=\"aligncenter size-large\"><img decoding=\"async\" src=\"https:\/\/dam.chemin-neuf.net\/wp-content\/uploads\/2025\/12\/montage_Tchad_fond-Blanc-1024x576.png\" alt=\"\" class=\"wp-image-15808\"\/><\/figure>\n<\/div>\n\n\n<p>L\u2019ann\u00e9e qui s\u2019ouvre devant nous est charg\u00e9e d\u2019espoir. En effet, en ao\u00fbt 2026 nous aurons la joie d\u2019accueillir l\u2019ordination et les engagements \u00e0 vie des fr\u00e8res et s\u0153urs originaires du Tchad. Grande est notre joie d\u2019attendre ce jour. Nous aurons aussi l\u2019occasion de f\u00eater les 30 ans de la mission cana et les 20 ans de la pr\u00e9sence de la Communaut\u00e9 du Chemin Neuf au Tchad.&nbsp;<\/p>\n\n\n\n<p>En reprenant le psaume 124, le psalmiste se pose la question de savoir d\u2019o\u00f9 lui viendra le secours ?&nbsp;<br>En ce d\u00e9but d\u2019ann\u00e9e pastorale, les inqui\u00e9tudes, les manques de moyens mat\u00e9riels et financiers occupent nos pens\u00e9es. Ces manques peuvent nous faire peur. Toutefois la fin du psaume 124 nous rassure et nous donne une direction : <em>\u00ab notre secours est dans le nom du Seigneur, qui a fait le ciel et la terre \u00bb<\/em>. C\u2019est vers le Seigneur que nous avons \u00e0 tendre nos mains. <\/p>\n\n\n\n<p>Merci \u00e0 ceux et celles qui partagent et qui permettent au Seigneur d\u2019\u00eatre g\u00e9n\u00e9reux envers nous. Merci pour vos dons petits ou grands qui nous permettront de servir et de partager l\u2019Evangile. Que le Seigneur vous b\u00e9nisse.<\/p>\n\n\n\n<div style=\"height:31px\" aria-hidden=\"true\" class=\"wp-block-spacer\"><\/div>\n\n\n\n<div style=\"height:30px\" aria-hidden=\"true\" class=\"wp-block-spacer\"><\/div>\n","protected":false},"excerpt":{"rendered":"<p>Le p\u00e8re Elys\u00e9e nous partage sa relecture de l&rsquo;ann\u00e9e \u00e9coul\u00e9e et les nouvelles de la communaut\u00e9.<\/p>\n","protected":false},"author":1,"featured_media":73078,"comment_status":"open","ping_status":"open","sticky":false,"template":"","format":"standard","meta":{"_acf_changed":false,"footnotes":""},"categories":[47],"tags":[],"class_list":["post-73050","post","type-post","status-publish","format-standard","has-post-thumbnail","hentry","category-actualites-internationales-fr"],"acf":[],"yoast_head":"<!-- This site is optimized with the Yoast SEO plugin v27.5 - https:\/\/yoast.com\/product\/yoast-seo-wordpress\/ -->\n<title>Les nouvelles du Tchad - Chemin Neuf Belgique<\/title>\n<meta name=\"description\" content=\"Le p\u00e8re Elys\u00e9e nous partage sa relecture de l&#039;ann\u00e9e \u00e9coul\u00e9e et les nouvelles de la communaut\u00e9.\" \/>\n<meta name=\"robots\" content=\"index, follow, max-snippet:-1, max-image-preview:large, max-video-preview:-1\" \/>\n<link rel=\"canonical\" href=\"https:\/\/www.chemin-neuf.be\/fr\/les-nouvelles-du-tchad\/\" \/>\n<meta property=\"og:locale\" content=\"fr_FR\" \/>\n<meta property=\"og:type\" content=\"article\" \/>\n<meta property=\"og:title\" content=\"Les nouvelles du Tchad - Chemin Neuf Belgique\" \/>\n<meta property=\"og:description\" content=\"Le p\u00e8re Elys\u00e9e nous partage sa relecture de l&#039;ann\u00e9e \u00e9coul\u00e9e et les nouvelles de la communaut\u00e9.\" \/>\n<meta property=\"og:url\" content=\"https:\/\/www.chemin-neuf.be\/fr\/les-nouvelles-du-tchad\/\" \/>\n<meta property=\"og:site_name\" content=\"Chemin Neuf Belgique\" \/>\n<meta property=\"article:published_time\" content=\"2025-12-11T14:13:44+00:00\" \/>\n<meta property=\"article:modified_time\" content=\"2026-02-12T22:46:36+00:00\" \/>\n<meta property=\"og:image\" content=\"https:\/\/www.chemin-neuf.be\/wp-content\/uploads\/2025\/12\/httpsdam.chemin-neuf.netwp-contentuploads202512Priere-pour-le-Tchad-sem-co-2025-scaled-1.jpg\" \/>\n\t<meta property=\"og:image:width\" content=\"2560\" \/>\n\t<meta property=\"og:image:height\" content=\"1155\" \/>\n\t<meta property=\"og:image:type\" content=\"image\/jpeg\" \/>\n<meta name=\"author\" content=\"adminCCN\" \/>\n<meta name=\"twitter:card\" content=\"summary_large_image\" \/>\n<meta name=\"twitter:label1\" content=\"\u00c9crit par\" \/>\n\t<meta name=\"twitter:data1\" content=\"adminCCN\" \/>\n\t<meta name=\"twitter:label2\" content=\"Dur\u00e9e de lecture est.\" \/>\n\t<meta name=\"twitter:data2\" content=\"3 minutes\" \/>\n<script type=\"application\/ld+json\" class=\"yoast-schema-graph\">{\"@context\":\"https:\\\/\\\/schema.org\",\"@graph\":[{\"@type\":\"Article\",\"@id\":\"https:\\\/\\\/www.chemin-neuf.be\\\/fr\\\/les-nouvelles-du-tchad\\\/#article\",\"isPartOf\":{\"@id\":\"https:\\\/\\\/www.chemin-neuf.be\\\/fr\\\/les-nouvelles-du-tchad\\\/\"},\"author\":{\"name\":\"adminCCN\",\"@id\":\"https:\\\/\\\/www.chemin-neuf.be\\\/fr\\\/#\\\/schema\\\/person\\\/dbc5bb8de9c07e1728535c32a94f0692\"},\"headline\":\"Les nouvelles du Tchad\",\"datePublished\":\"2025-12-11T14:13:44+00:00\",\"dateModified\":\"2026-02-12T22:46:36+00:00\",\"mainEntityOfPage\":{\"@id\":\"https:\\\/\\\/www.chemin-neuf.be\\\/fr\\\/les-nouvelles-du-tchad\\\/\"},\"wordCount\":518,\"commentCount\":0,\"image\":{\"@id\":\"https:\\\/\\\/www.chemin-neuf.be\\\/fr\\\/les-nouvelles-du-tchad\\\/#primaryimage\"},\"thumbnailUrl\":\"https:\\\/\\\/www.chemin-neuf.be\\\/wp-content\\\/uploads\\\/2025\\\/12\\\/httpsdam.chemin-neuf.netwp-contentuploads202512Priere-pour-le-Tchad-sem-co-2025-scaled-1.jpg\",\"articleSection\":[\"Actualit\u00e9s Internationales\"],\"inLanguage\":\"fr-BE\",\"potentialAction\":[{\"@type\":\"CommentAction\",\"name\":\"Comment\",\"target\":[\"https:\\\/\\\/www.chemin-neuf.be\\\/fr\\\/les-nouvelles-du-tchad\\\/#respond\"]}]},{\"@type\":\"WebPage\",\"@id\":\"https:\\\/\\\/www.chemin-neuf.be\\\/fr\\\/les-nouvelles-du-tchad\\\/\",\"url\":\"https:\\\/\\\/www.chemin-neuf.be\\\/fr\\\/les-nouvelles-du-tchad\\\/\",\"name\":\"Les nouvelles du Tchad - Chemin Neuf Belgique\",\"isPartOf\":{\"@id\":\"https:\\\/\\\/www.chemin-neuf.be\\\/fr\\\/#website\"},\"primaryImageOfPage\":{\"@id\":\"https:\\\/\\\/www.chemin-neuf.be\\\/fr\\\/les-nouvelles-du-tchad\\\/#primaryimage\"},\"image\":{\"@id\":\"https:\\\/\\\/www.chemin-neuf.be\\\/fr\\\/les-nouvelles-du-tchad\\\/#primaryimage\"},\"thumbnailUrl\":\"https:\\\/\\\/www.chemin-neuf.be\\\/wp-content\\\/uploads\\\/2025\\\/12\\\/httpsdam.chemin-neuf.netwp-contentuploads202512Priere-pour-le-Tchad-sem-co-2025-scaled-1.jpg\",\"datePublished\":\"2025-12-11T14:13:44+00:00\",\"dateModified\":\"2026-02-12T22:46:36+00:00\",\"author\":{\"@id\":\"https:\\\/\\\/www.chemin-neuf.be\\\/fr\\\/#\\\/schema\\\/person\\\/dbc5bb8de9c07e1728535c32a94f0692\"},\"description\":\"Le p\u00e8re Elys\u00e9e nous partage sa relecture de l'ann\u00e9e \u00e9coul\u00e9e et les nouvelles de la communaut\u00e9.\",\"breadcrumb\":{\"@id\":\"https:\\\/\\\/www.chemin-neuf.be\\\/fr\\\/les-nouvelles-du-tchad\\\/#breadcrumb\"},\"inLanguage\":\"fr-BE\",\"potentialAction\":[{\"@type\":\"ReadAction\",\"target\":[\"https:\\\/\\\/www.chemin-neuf.be\\\/fr\\\/les-nouvelles-du-tchad\\\/\"]}]},{\"@type\":\"ImageObject\",\"inLanguage\":\"fr-BE\",\"@id\":\"https:\\\/\\\/www.chemin-neuf.be\\\/fr\\\/les-nouvelles-du-tchad\\\/#primaryimage\",\"url\":\"https:\\\/\\\/www.chemin-neuf.be\\\/wp-content\\\/uploads\\\/2025\\\/12\\\/httpsdam.chemin-neuf.netwp-contentuploads202512Priere-pour-le-Tchad-sem-co-2025-scaled-1.jpg\",\"contentUrl\":\"https:\\\/\\\/www.chemin-neuf.be\\\/wp-content\\\/uploads\\\/2025\\\/12\\\/httpsdam.chemin-neuf.netwp-contentuploads202512Priere-pour-le-Tchad-sem-co-2025-scaled-1.jpg\",\"width\":2560,\"height\":1155},{\"@type\":\"BreadcrumbList\",\"@id\":\"https:\\\/\\\/www.chemin-neuf.be\\\/fr\\\/les-nouvelles-du-tchad\\\/#breadcrumb\",\"itemListElement\":[{\"@type\":\"ListItem\",\"position\":1,\"name\":\"Home\",\"item\":\"https:\\\/\\\/www.chemin-neuf.be\\\/fr\\\/\"},{\"@type\":\"ListItem\",\"position\":2,\"name\":\"Les nouvelles du Tchad\"}]},{\"@type\":\"WebSite\",\"@id\":\"https:\\\/\\\/www.chemin-neuf.be\\\/fr\\\/#website\",\"url\":\"https:\\\/\\\/www.chemin-neuf.be\\\/fr\\\/\",\"name\":\"Chemin Neuf Belgique\",\"description\":\"Communaut\u00e9 du Chemin Neuf en Belgique\",\"potentialAction\":[{\"@type\":\"SearchAction\",\"target\":{\"@type\":\"EntryPoint\",\"urlTemplate\":\"https:\\\/\\\/www.chemin-neuf.be\\\/fr\\\/?s={search_term_string}\"},\"query-input\":{\"@type\":\"PropertyValueSpecification\",\"valueRequired\":true,\"valueName\":\"search_term_string\"}}],\"inLanguage\":\"fr-BE\"},{\"@type\":\"Person\",\"@id\":\"https:\\\/\\\/www.chemin-neuf.be\\\/fr\\\/#\\\/schema\\\/person\\\/dbc5bb8de9c07e1728535c32a94f0692\",\"name\":\"adminCCN\",\"image\":{\"@type\":\"ImageObject\",\"inLanguage\":\"fr-BE\",\"@id\":\"https:\\\/\\\/secure.gravatar.com\\\/avatar\\\/87c9485d85e005be0f711778f5d5b8ea68d63bcbf73b1f7b969e7e9c9d9db96f?s=96&d=mm&r=g\",\"url\":\"https:\\\/\\\/secure.gravatar.com\\\/avatar\\\/87c9485d85e005be0f711778f5d5b8ea68d63bcbf73b1f7b969e7e9c9d9db96f?s=96&d=mm&r=g\",\"contentUrl\":\"https:\\\/\\\/secure.gravatar.com\\\/avatar\\\/87c9485d85e005be0f711778f5d5b8ea68d63bcbf73b1f7b969e7e9c9d9db96f?s=96&d=mm&r=g\",\"caption\":\"adminCCN\"},\"sameAs\":[\"https:\\\/\\\/www.chemin-neuf.be\"]}]}<\/script>\n<!-- \/ Yoast SEO plugin. -->","yoast_head_json":{"title":"Les nouvelles du Tchad - Chemin Neuf Belgique","description":"Le p\u00e8re Elys\u00e9e nous partage sa relecture de l'ann\u00e9e \u00e9coul\u00e9e et les nouvelles de la communaut\u00e9.","robots":{"index":"index","follow":"follow","max-snippet":"max-snippet:-1","max-image-preview":"max-image-preview:large","max-video-preview":"max-video-preview:-1"},"canonical":"https:\/\/www.chemin-neuf.be\/fr\/les-nouvelles-du-tchad\/","og_locale":"fr_FR","og_type":"article","og_title":"Les nouvelles du Tchad - Chemin Neuf Belgique","og_description":"Le p\u00e8re Elys\u00e9e nous partage sa relecture de l'ann\u00e9e \u00e9coul\u00e9e et les nouvelles de la communaut\u00e9.","og_url":"https:\/\/www.chemin-neuf.be\/fr\/les-nouvelles-du-tchad\/","og_site_name":"Chemin Neuf Belgique","article_published_time":"2025-12-11T14:13:44+00:00","article_modified_time":"2026-02-12T22:46:36+00:00","og_image":[{"width":2560,"height":1155,"url":"https:\/\/www.chemin-neuf.be\/wp-content\/uploads\/2025\/12\/httpsdam.chemin-neuf.netwp-contentuploads202512Priere-pour-le-Tchad-sem-co-2025-scaled-1.jpg","type":"image\/jpeg"}],"author":"adminCCN","twitter_card":"summary_large_image","twitter_misc":{"\u00c9crit par":"adminCCN","Dur\u00e9e de lecture est.":"3 minutes"},"schema":{"@context":"https:\/\/schema.org","@graph":[{"@type":"Article","@id":"https:\/\/www.chemin-neuf.be\/fr\/les-nouvelles-du-tchad\/#article","isPartOf":{"@id":"https:\/\/www.chemin-neuf.be\/fr\/les-nouvelles-du-tchad\/"},"author":{"name":"adminCCN","@id":"https:\/\/www.chemin-neuf.be\/fr\/#\/schema\/person\/dbc5bb8de9c07e1728535c32a94f0692"},"headline":"Les nouvelles du Tchad","datePublished":"2025-12-11T14:13:44+00:00","dateModified":"2026-02-12T22:46:36+00:00","mainEntityOfPage":{"@id":"https:\/\/www.chemin-neuf.be\/fr\/les-nouvelles-du-tchad\/"},"wordCount":518,"commentCount":0,"image":{"@id":"https:\/\/www.chemin-neuf.be\/fr\/les-nouvelles-du-tchad\/#primaryimage"},"thumbnailUrl":"https:\/\/www.chemin-neuf.be\/wp-content\/uploads\/2025\/12\/httpsdam.chemin-neuf.netwp-contentuploads202512Priere-pour-le-Tchad-sem-co-2025-scaled-1.jpg","articleSection":["Actualit\u00e9s Internationales"],"inLanguage":"fr-BE","potentialAction":[{"@type":"CommentAction","name":"Comment","target":["https:\/\/www.chemin-neuf.be\/fr\/les-nouvelles-du-tchad\/#respond"]}]},{"@type":"WebPage","@id":"https:\/\/www.chemin-neuf.be\/fr\/les-nouvelles-du-tchad\/","url":"https:\/\/www.chemin-neuf.be\/fr\/les-nouvelles-du-tchad\/","name":"Les nouvelles du Tchad - Chemin Neuf Belgique","isPartOf":{"@id":"https:\/\/www.chemin-neuf.be\/fr\/#website"},"primaryImageOfPage":{"@id":"https:\/\/www.chemin-neuf.be\/fr\/les-nouvelles-du-tchad\/#primaryimage"},"image":{"@id":"https:\/\/www.chemin-neuf.be\/fr\/les-nouvelles-du-tchad\/#primaryimage"},"thumbnailUrl":"https:\/\/www.chemin-neuf.be\/wp-content\/uploads\/2025\/12\/httpsdam.chemin-neuf.netwp-contentuploads202512Priere-pour-le-Tchad-sem-co-2025-scaled-1.jpg","datePublished":"2025-12-11T14:13:44+00:00","dateModified":"2026-02-12T22:46:36+00:00","author":{"@id":"https:\/\/www.chemin-neuf.be\/fr\/#\/schema\/person\/dbc5bb8de9c07e1728535c32a94f0692"},"description":"Le p\u00e8re Elys\u00e9e nous partage sa relecture de l'ann\u00e9e \u00e9coul\u00e9e et les nouvelles de la communaut\u00e9.","breadcrumb":{"@id":"https:\/\/www.chemin-neuf.be\/fr\/les-nouvelles-du-tchad\/#breadcrumb"},"inLanguage":"fr-BE","potentialAction":[{"@type":"ReadAction","target":["https:\/\/www.chemin-neuf.be\/fr\/les-nouvelles-du-tchad\/"]}]},{"@type":"ImageObject","inLanguage":"fr-BE","@id":"https:\/\/www.chemin-neuf.be\/fr\/les-nouvelles-du-tchad\/#primaryimage","url":"https:\/\/www.chemin-neuf.be\/wp-content\/uploads\/2025\/12\/httpsdam.chemin-neuf.netwp-contentuploads202512Priere-pour-le-Tchad-sem-co-2025-scaled-1.jpg","contentUrl":"https:\/\/www.chemin-neuf.be\/wp-content\/uploads\/2025\/12\/httpsdam.chemin-neuf.netwp-contentuploads202512Priere-pour-le-Tchad-sem-co-2025-scaled-1.jpg","width":2560,"height":1155},{"@type":"BreadcrumbList","@id":"https:\/\/www.chemin-neuf.be\/fr\/les-nouvelles-du-tchad\/#breadcrumb","itemListElement":[{"@type":"ListItem","position":1,"name":"Home","item":"https:\/\/www.chemin-neuf.be\/fr\/"},{"@type":"ListItem","position":2,"name":"Les nouvelles du Tchad"}]},{"@type":"WebSite","@id":"https:\/\/www.chemin-neuf.be\/fr\/#website","url":"https:\/\/www.chemin-neuf.be\/fr\/","name":"Chemin Neuf Belgique","description":"Communaut\u00e9 du Chemin Neuf en Belgique","potentialAction":[{"@type":"SearchAction","target":{"@type":"EntryPoint","urlTemplate":"https:\/\/www.chemin-neuf.be\/fr\/?s={search_term_string}"},"query-input":{"@type":"PropertyValueSpecification","valueRequired":true,"valueName":"search_term_string"}}],"inLanguage":"fr-BE"},{"@type":"Person","@id":"https:\/\/www.chemin-neuf.be\/fr\/#\/schema\/person\/dbc5bb8de9c07e1728535c32a94f0692","name":"adminCCN","image":{"@type":"ImageObject","inLanguage":"fr-BE","@id":"https:\/\/secure.gravatar.com\/avatar\/87c9485d85e005be0f711778f5d5b8ea68d63bcbf73b1f7b969e7e9c9d9db96f?s=96&d=mm&r=g","url":"https:\/\/secure.gravatar.com\/avatar\/87c9485d85e005be0f711778f5d5b8ea68d63bcbf73b1f7b969e7e9c9d9db96f?s=96&d=mm&r=g","contentUrl":"https:\/\/secure.gravatar.com\/avatar\/87c9485d85e005be0f711778f5d5b8ea68d63bcbf73b1f7b969e7e9c9d9db96f?s=96&d=mm&r=g","caption":"adminCCN"},"sameAs":["https:\/\/www.chemin-neuf.be"]}]}},"_links":{"self":[{"href":"https:\/\/www.chemin-neuf.be\/fr\/wp-json\/wp\/v2\/posts\/73050","targetHints":{"allow":["GET"]}}],"collection":[{"href":"https:\/\/www.chemin-neuf.be\/fr\/wp-json\/wp\/v2\/posts"}],"about":[{"href":"https:\/\/www.chemin-neuf.be\/fr\/wp-json\/wp\/v2\/types\/post"}],"author":[{"embeddable":true,"href":"https:\/\/www.chemin-neuf.be\/fr\/wp-json\/wp\/v2\/users\/1"}],"replies":[{"embeddable":true,"href":"https:\/\/www.chemin-neuf.be\/fr\/wp-json\/wp\/v2\/comments?post=73050"}],"version-history":[{"count":1,"href":"https:\/\/www.chemin-neuf.be\/fr\/wp-json\/wp\/v2\/posts\/73050\/revisions"}],"predecessor-version":[{"id":73077,"href":"https:\/\/www.chemin-neuf.be\/fr\/wp-json\/wp\/v2\/posts\/73050\/revisions\/73077"}],"wp:featuredmedia":[{"embeddable":true,"href":"https:\/\/www.chemin-neuf.be\/fr\/wp-json\/wp\/v2\/media\/73078"}],"wp:attachment":[{"href":"https:\/\/www.chemin-neuf.be\/fr\/wp-json\/wp\/v2\/media?parent=73050"}],"wp:term":[{"taxonomy":"category","embeddable":true,"href":"https:\/\/www.chemin-neuf.be\/fr\/wp-json\/wp\/v2\/categories?post=73050"},{"taxonomy":"post_tag","embeddable":true,"href":"https:\/\/www.chemin-neuf.be\/fr\/wp-json\/wp\/v2\/tags?post=73050"}],"curies":[{"name":"wp","href":"https:\/\/api.w.org\/{rel}","templated":true}]}}