{"id":73045,"date":"2025-12-11T15:10:45","date_gmt":"2025-12-11T14:10:45","guid":{"rendered":"https:\/\/www.chemin-neuf.be\/conference-annuelle-des-secretaires-des-communions-chretiennes-mondiales\/"},"modified":"2026-02-12T23:46:37","modified_gmt":"2026-02-12T22:46:37","slug":"conference-annuelle-des-secretaires-des-communions-chretiennes-mondiales","status":"publish","type":"post","link":"https:\/\/www.chemin-neuf.be\/fr\/conference-annuelle-des-secretaires-des-communions-chretiennes-mondiales\/","title":{"rendered":"Conf\u00e9rence annuelle des repr\u00e9sentants des Communions chr\u00e9tiennes mondiales"},"content":{"rendered":"\n<p class=\"has-beige-background-color has-background\">Anne-Cathy Graber, s\u0153ur consacr\u00e9e de la Communaut\u00e9 du Chemin Neuf, pasteure a particip\u00e9 \u00e0 la rencontre entre les repr\u00e9sentants de diverses traditions chr\u00e9tiennes qui s&rsquo;est tenue \u00e0 Istanbul et nous partage son exp\u00e9rience.<\/p>\n\n\n\n<p>\u00ab&nbsp;Quand les responsables ex\u00e9cutifs des \u00c9glises choisissent de partager et de porter les fardeaux des uns et des autres\u2026&nbsp;\u00bb&nbsp;: tel pourrait \u00eatre l\u2019intitul\u00e9 des rencontres annuelles qui existent depuis 1950 entre les responsables des diff\u00e9rentes Communions Mondiales (\u00ab&nbsp;Conference of Secretaries of Christian World Communions&nbsp;\u00bb), tout le spectre protestant, \u00e9vang\u00e9lique et pentec\u00f4tiste,\u2026, le Dicast\u00e8re pour l\u2019Unit\u00e9 des Chr\u00e9tiens, et plusieurs patriarcats orthodoxes.&nbsp;<\/p>\n\n\n\n<p>Quatre jours o\u00f9 il n\u2019y a rien \u00e0 n\u00e9gocier&nbsp;! Ni d\u00e9claration finale, ni texte \u0153cum\u00e9nique, \u2026 tr\u00e8s peu de photos, pas (ou presque pas) de comptes rendus officiels&#8230; Alors pourquoi des responsables aux agendas surcharg\u00e9s consacrent-ils une semaine de leur temps \u00e0 une rencontre d\u00e9pourvue de visibilit\u00e9, une sorte de r\u00e9union \u00ab&nbsp;\u00e0 huis clos&nbsp;\u00bb&nbsp;? <\/p>\n\n\n\n<div class=\"wp-block-media-text is-stacked-on-mobile\" style=\"grid-template-columns:41% auto\"><figure class=\"wp-block-media-text__media\"><img decoding=\"async\" src=\"https:\/\/dam.chemin-neuf.net\/wp-content\/uploads\/2025\/12\/Istanbul2-683x1024.jpeg\" alt=\"\" class=\"wp-image-15748 size-full\"\/><\/figure><div class=\"wp-block-media-text__content\">\n<p>Peut-\u00eatre parce qu\u2019ils savent qu\u2019apr\u00e8s avoir partag\u00e9 les \u00e9v\u00e9nements significatifs de l\u2019ann\u00e9e \u00e9coul\u00e9e et les projets de son \u00c9glise, chacun sera invit\u00e9 \u00e0 oser dire les vuln\u00e9rabilit\u00e9s et les tensions auxquelles sa famille eccl\u00e9siale doit faire face, notamment concernant les questions de gouvernance. Chacun s\u2019exposera ensuite aux questions (tr\u00e8s libres) des uns et des autres, et \u00e0 leurs pri\u00e8res (spontan\u00e9es\u2026 c\u2019est dire aussi la confiance mutuelle). Ce tour de table de vingt \u00e0 trente personnes permet une \u00e9coute mutuelle qui change le regard que nous avons sur l\u2019institution de l\u2019autre\u2026 comme de la sienne, gr\u00e2ce aux questionnements et aux encouragements des uns et des autres.&nbsp;<\/p>\n<\/div><\/div>\n\n\n\n<p>Cette ann\u00e9e 2025, en raison de l\u2019anniversaire de Nic\u00e9e, nous \u00e9tions re\u00e7us par le patriarcat \u0153cum\u00e9nique de Constantinople. L\u2019\u0153cum\u00e9nisme tient une grande place dans ces rencontres non seulement par le fait d\u2019\u00eatre ensemble, mais aussi parce que c\u2019est l\u2019endroit favorable pour relire tel ou tel dialogue qui vient de se conclure. C\u2019est la raison pour laquelle certaines Eglises viennent \u00e0 cette rencontre avec leur responsable des relations \u0153cum\u00e9niques (d\u2019o\u00f9 ma participation). <\/p>\n\n\n\n<p>Une des questions centrales est celle de discerner les cons\u00e9quences concr\u00e8tes d\u2019un dialogue \u0153cum\u00e9nique pour la vie concr\u00e8te des \u00c9glises. Ainsi, par exemple, celles ayant ratifi\u00e9 la <em>D\u00e9claration Conjointe sur la Justification<\/em> se retrouvent pour identifier les cons\u00e9quences de ces signatures communes. Ou encore, cette ann\u00e9e, avons-nous \u00e9chang\u00e9 autour de l\u2019\u00e9ventualit\u00e9 d\u2019un jour commun de \u00ab&nbsp;f\u00eate de la cr\u00e9ation&nbsp;\u00bb, l\u2019\u00e9coute des r\u00e9alit\u00e9s douloureuses v\u00e9cues en Ukraine et de ses cons\u00e9quences eccl\u00e9siales \u00e9tait bien pr\u00e9sente\u2026&nbsp;<\/p>\n\n\n\n<p>Ces quatre jours sont aussi le terreau favorable pour pr\u00e9voir d\u2019autres dialogues et commencer \u00e0 labourer la terre pour qu\u2019ils puissent avoir lieu. Rien de spectaculaire donc&nbsp;! Un choix de discr\u00e9tion, d\u2019un certain silence, pour \u00e9couter les questions pos\u00e9es aux \u00c9glises.<\/p>\n","protected":false},"excerpt":{"rendered":"<p>Anne-Cathy Graber a particip\u00e9 \u00e0 la rencontre entre les repr\u00e9sentants de diverses confessions chr\u00e9tiennes<\/p>\n","protected":false},"author":1,"featured_media":73062,"comment_status":"open","ping_status":"open","sticky":false,"template":"","format":"standard","meta":{"_acf_changed":false,"footnotes":""},"categories":[47],"tags":[],"class_list":["post-73045","post","type-post","status-publish","format-standard","has-post-thumbnail","hentry","category-actualites-internationales-fr"],"acf":[],"yoast_head":"<!-- This site is optimized with the Yoast SEO plugin v27.5 - https:\/\/yoast.com\/product\/yoast-seo-wordpress\/ -->\n<title>Conf\u00e9rence annuelle des repr\u00e9sentants des Communions chr\u00e9tiennes mondiales - Chemin Neuf Belgique<\/title>\n<meta name=\"description\" content=\"Anne-Cathy Graber a particip\u00e9 \u00e0 la rencontre entre les repr\u00e9sentants de diverses confessions chr\u00e9tiennes\" \/>\n<meta name=\"robots\" content=\"index, follow, max-snippet:-1, max-image-preview:large, max-video-preview:-1\" \/>\n<link rel=\"canonical\" href=\"https:\/\/www.chemin-neuf.be\/fr\/conference-annuelle-des-secretaires-des-communions-chretiennes-mondiales\/\" \/>\n<meta property=\"og:locale\" content=\"fr_FR\" \/>\n<meta property=\"og:type\" content=\"article\" \/>\n<meta property=\"og:title\" content=\"Conf\u00e9rence annuelle des repr\u00e9sentants des Communions chr\u00e9tiennes mondiales - Chemin Neuf Belgique\" \/>\n<meta property=\"og:description\" content=\"Anne-Cathy Graber a particip\u00e9 \u00e0 la rencontre entre les repr\u00e9sentants de diverses confessions chr\u00e9tiennes\" \/>\n<meta property=\"og:url\" content=\"https:\/\/www.chemin-neuf.be\/fr\/conference-annuelle-des-secretaires-des-communions-chretiennes-mondiales\/\" \/>\n<meta property=\"og:site_name\" content=\"Chemin Neuf Belgique\" \/>\n<meta property=\"article:published_time\" content=\"2025-12-11T14:10:45+00:00\" \/>\n<meta property=\"article:modified_time\" content=\"2026-02-12T22:46:37+00:00\" \/>\n<meta property=\"og:image\" content=\"https:\/\/www.chemin-neuf.be\/wp-content\/uploads\/2025\/12\/httpsdam.chemin-neuf.netwp-contentuploads202512Istanbul.jpeg\" \/>\n\t<meta property=\"og:image:width\" content=\"1280\" \/>\n\t<meta property=\"og:image:height\" content=\"853\" \/>\n\t<meta property=\"og:image:type\" content=\"image\/jpeg\" \/>\n<meta name=\"author\" content=\"adminCCN\" \/>\n<meta name=\"twitter:card\" content=\"summary_large_image\" \/>\n<meta name=\"twitter:label1\" content=\"\u00c9crit par\" \/>\n\t<meta name=\"twitter:data1\" content=\"adminCCN\" \/>\n\t<meta name=\"twitter:label2\" content=\"Dur\u00e9e de lecture est.\" \/>\n\t<meta name=\"twitter:data2\" content=\"3 minutes\" \/>\n<script type=\"application\/ld+json\" class=\"yoast-schema-graph\">{\"@context\":\"https:\\\/\\\/schema.org\",\"@graph\":[{\"@type\":\"Article\",\"@id\":\"https:\\\/\\\/www.chemin-neuf.be\\\/fr\\\/conference-annuelle-des-secretaires-des-communions-chretiennes-mondiales\\\/#article\",\"isPartOf\":{\"@id\":\"https:\\\/\\\/www.chemin-neuf.be\\\/fr\\\/conference-annuelle-des-secretaires-des-communions-chretiennes-mondiales\\\/\"},\"author\":{\"name\":\"adminCCN\",\"@id\":\"https:\\\/\\\/www.chemin-neuf.be\\\/fr\\\/#\\\/schema\\\/person\\\/dbc5bb8de9c07e1728535c32a94f0692\"},\"headline\":\"Conf\u00e9rence annuelle des repr\u00e9sentants des Communions chr\u00e9tiennes mondiales\",\"datePublished\":\"2025-12-11T14:10:45+00:00\",\"dateModified\":\"2026-02-12T22:46:37+00:00\",\"mainEntityOfPage\":{\"@id\":\"https:\\\/\\\/www.chemin-neuf.be\\\/fr\\\/conference-annuelle-des-secretaires-des-communions-chretiennes-mondiales\\\/\"},\"wordCount\":531,\"commentCount\":0,\"image\":{\"@id\":\"https:\\\/\\\/www.chemin-neuf.be\\\/fr\\\/conference-annuelle-des-secretaires-des-communions-chretiennes-mondiales\\\/#primaryimage\"},\"thumbnailUrl\":\"https:\\\/\\\/www.chemin-neuf.be\\\/wp-content\\\/uploads\\\/2025\\\/12\\\/httpsdam.chemin-neuf.netwp-contentuploads202512Istanbul.jpeg\",\"articleSection\":[\"Actualit\u00e9s Internationales\"],\"inLanguage\":\"fr-BE\",\"potentialAction\":[{\"@type\":\"CommentAction\",\"name\":\"Comment\",\"target\":[\"https:\\\/\\\/www.chemin-neuf.be\\\/fr\\\/conference-annuelle-des-secretaires-des-communions-chretiennes-mondiales\\\/#respond\"]}]},{\"@type\":\"WebPage\",\"@id\":\"https:\\\/\\\/www.chemin-neuf.be\\\/fr\\\/conference-annuelle-des-secretaires-des-communions-chretiennes-mondiales\\\/\",\"url\":\"https:\\\/\\\/www.chemin-neuf.be\\\/fr\\\/conference-annuelle-des-secretaires-des-communions-chretiennes-mondiales\\\/\",\"name\":\"Conf\u00e9rence annuelle des repr\u00e9sentants des Communions chr\u00e9tiennes mondiales - Chemin Neuf Belgique\",\"isPartOf\":{\"@id\":\"https:\\\/\\\/www.chemin-neuf.be\\\/fr\\\/#website\"},\"primaryImageOfPage\":{\"@id\":\"https:\\\/\\\/www.chemin-neuf.be\\\/fr\\\/conference-annuelle-des-secretaires-des-communions-chretiennes-mondiales\\\/#primaryimage\"},\"image\":{\"@id\":\"https:\\\/\\\/www.chemin-neuf.be\\\/fr\\\/conference-annuelle-des-secretaires-des-communions-chretiennes-mondiales\\\/#primaryimage\"},\"thumbnailUrl\":\"https:\\\/\\\/www.chemin-neuf.be\\\/wp-content\\\/uploads\\\/2025\\\/12\\\/httpsdam.chemin-neuf.netwp-contentuploads202512Istanbul.jpeg\",\"datePublished\":\"2025-12-11T14:10:45+00:00\",\"dateModified\":\"2026-02-12T22:46:37+00:00\",\"author\":{\"@id\":\"https:\\\/\\\/www.chemin-neuf.be\\\/fr\\\/#\\\/schema\\\/person\\\/dbc5bb8de9c07e1728535c32a94f0692\"},\"description\":\"Anne-Cathy Graber a particip\u00e9 \u00e0 la rencontre entre les repr\u00e9sentants de diverses confessions chr\u00e9tiennes\",\"breadcrumb\":{\"@id\":\"https:\\\/\\\/www.chemin-neuf.be\\\/fr\\\/conference-annuelle-des-secretaires-des-communions-chretiennes-mondiales\\\/#breadcrumb\"},\"inLanguage\":\"fr-BE\",\"potentialAction\":[{\"@type\":\"ReadAction\",\"target\":[\"https:\\\/\\\/www.chemin-neuf.be\\\/fr\\\/conference-annuelle-des-secretaires-des-communions-chretiennes-mondiales\\\/\"]}]},{\"@type\":\"ImageObject\",\"inLanguage\":\"fr-BE\",\"@id\":\"https:\\\/\\\/www.chemin-neuf.be\\\/fr\\\/conference-annuelle-des-secretaires-des-communions-chretiennes-mondiales\\\/#primaryimage\",\"url\":\"https:\\\/\\\/www.chemin-neuf.be\\\/wp-content\\\/uploads\\\/2025\\\/12\\\/httpsdam.chemin-neuf.netwp-contentuploads202512Istanbul.jpeg\",\"contentUrl\":\"https:\\\/\\\/www.chemin-neuf.be\\\/wp-content\\\/uploads\\\/2025\\\/12\\\/httpsdam.chemin-neuf.netwp-contentuploads202512Istanbul.jpeg\",\"width\":1280,\"height\":853},{\"@type\":\"BreadcrumbList\",\"@id\":\"https:\\\/\\\/www.chemin-neuf.be\\\/fr\\\/conference-annuelle-des-secretaires-des-communions-chretiennes-mondiales\\\/#breadcrumb\",\"itemListElement\":[{\"@type\":\"ListItem\",\"position\":1,\"name\":\"Home\",\"item\":\"https:\\\/\\\/www.chemin-neuf.be\\\/fr\\\/\"},{\"@type\":\"ListItem\",\"position\":2,\"name\":\"Conf\u00e9rence annuelle des repr\u00e9sentants des Communions chr\u00e9tiennes mondiales\"}]},{\"@type\":\"WebSite\",\"@id\":\"https:\\\/\\\/www.chemin-neuf.be\\\/fr\\\/#website\",\"url\":\"https:\\\/\\\/www.chemin-neuf.be\\\/fr\\\/\",\"name\":\"Chemin Neuf Belgique\",\"description\":\"Communaut\u00e9 du Chemin Neuf en Belgique\",\"potentialAction\":[{\"@type\":\"SearchAction\",\"target\":{\"@type\":\"EntryPoint\",\"urlTemplate\":\"https:\\\/\\\/www.chemin-neuf.be\\\/fr\\\/?s={search_term_string}\"},\"query-input\":{\"@type\":\"PropertyValueSpecification\",\"valueRequired\":true,\"valueName\":\"search_term_string\"}}],\"inLanguage\":\"fr-BE\"},{\"@type\":\"Person\",\"@id\":\"https:\\\/\\\/www.chemin-neuf.be\\\/fr\\\/#\\\/schema\\\/person\\\/dbc5bb8de9c07e1728535c32a94f0692\",\"name\":\"adminCCN\",\"image\":{\"@type\":\"ImageObject\",\"inLanguage\":\"fr-BE\",\"@id\":\"https:\\\/\\\/secure.gravatar.com\\\/avatar\\\/87c9485d85e005be0f711778f5d5b8ea68d63bcbf73b1f7b969e7e9c9d9db96f?s=96&d=mm&r=g\",\"url\":\"https:\\\/\\\/secure.gravatar.com\\\/avatar\\\/87c9485d85e005be0f711778f5d5b8ea68d63bcbf73b1f7b969e7e9c9d9db96f?s=96&d=mm&r=g\",\"contentUrl\":\"https:\\\/\\\/secure.gravatar.com\\\/avatar\\\/87c9485d85e005be0f711778f5d5b8ea68d63bcbf73b1f7b969e7e9c9d9db96f?s=96&d=mm&r=g\",\"caption\":\"adminCCN\"},\"sameAs\":[\"https:\\\/\\\/www.chemin-neuf.be\"]}]}<\/script>\n<!-- \/ Yoast SEO plugin. -->","yoast_head_json":{"title":"Conf\u00e9rence annuelle des repr\u00e9sentants des Communions chr\u00e9tiennes mondiales - Chemin Neuf Belgique","description":"Anne-Cathy Graber a particip\u00e9 \u00e0 la rencontre entre les repr\u00e9sentants de diverses confessions chr\u00e9tiennes","robots":{"index":"index","follow":"follow","max-snippet":"max-snippet:-1","max-image-preview":"max-image-preview:large","max-video-preview":"max-video-preview:-1"},"canonical":"https:\/\/www.chemin-neuf.be\/fr\/conference-annuelle-des-secretaires-des-communions-chretiennes-mondiales\/","og_locale":"fr_FR","og_type":"article","og_title":"Conf\u00e9rence annuelle des repr\u00e9sentants des Communions chr\u00e9tiennes mondiales - Chemin Neuf Belgique","og_description":"Anne-Cathy Graber a particip\u00e9 \u00e0 la rencontre entre les repr\u00e9sentants de diverses confessions chr\u00e9tiennes","og_url":"https:\/\/www.chemin-neuf.be\/fr\/conference-annuelle-des-secretaires-des-communions-chretiennes-mondiales\/","og_site_name":"Chemin Neuf Belgique","article_published_time":"2025-12-11T14:10:45+00:00","article_modified_time":"2026-02-12T22:46:37+00:00","og_image":[{"width":1280,"height":853,"url":"https:\/\/www.chemin-neuf.be\/wp-content\/uploads\/2025\/12\/httpsdam.chemin-neuf.netwp-contentuploads202512Istanbul.jpeg","type":"image\/jpeg"}],"author":"adminCCN","twitter_card":"summary_large_image","twitter_misc":{"\u00c9crit par":"adminCCN","Dur\u00e9e de lecture est.":"3 minutes"},"schema":{"@context":"https:\/\/schema.org","@graph":[{"@type":"Article","@id":"https:\/\/www.chemin-neuf.be\/fr\/conference-annuelle-des-secretaires-des-communions-chretiennes-mondiales\/#article","isPartOf":{"@id":"https:\/\/www.chemin-neuf.be\/fr\/conference-annuelle-des-secretaires-des-communions-chretiennes-mondiales\/"},"author":{"name":"adminCCN","@id":"https:\/\/www.chemin-neuf.be\/fr\/#\/schema\/person\/dbc5bb8de9c07e1728535c32a94f0692"},"headline":"Conf\u00e9rence annuelle des repr\u00e9sentants des Communions chr\u00e9tiennes mondiales","datePublished":"2025-12-11T14:10:45+00:00","dateModified":"2026-02-12T22:46:37+00:00","mainEntityOfPage":{"@id":"https:\/\/www.chemin-neuf.be\/fr\/conference-annuelle-des-secretaires-des-communions-chretiennes-mondiales\/"},"wordCount":531,"commentCount":0,"image":{"@id":"https:\/\/www.chemin-neuf.be\/fr\/conference-annuelle-des-secretaires-des-communions-chretiennes-mondiales\/#primaryimage"},"thumbnailUrl":"https:\/\/www.chemin-neuf.be\/wp-content\/uploads\/2025\/12\/httpsdam.chemin-neuf.netwp-contentuploads202512Istanbul.jpeg","articleSection":["Actualit\u00e9s Internationales"],"inLanguage":"fr-BE","potentialAction":[{"@type":"CommentAction","name":"Comment","target":["https:\/\/www.chemin-neuf.be\/fr\/conference-annuelle-des-secretaires-des-communions-chretiennes-mondiales\/#respond"]}]},{"@type":"WebPage","@id":"https:\/\/www.chemin-neuf.be\/fr\/conference-annuelle-des-secretaires-des-communions-chretiennes-mondiales\/","url":"https:\/\/www.chemin-neuf.be\/fr\/conference-annuelle-des-secretaires-des-communions-chretiennes-mondiales\/","name":"Conf\u00e9rence annuelle des repr\u00e9sentants des Communions chr\u00e9tiennes mondiales - Chemin Neuf Belgique","isPartOf":{"@id":"https:\/\/www.chemin-neuf.be\/fr\/#website"},"primaryImageOfPage":{"@id":"https:\/\/www.chemin-neuf.be\/fr\/conference-annuelle-des-secretaires-des-communions-chretiennes-mondiales\/#primaryimage"},"image":{"@id":"https:\/\/www.chemin-neuf.be\/fr\/conference-annuelle-des-secretaires-des-communions-chretiennes-mondiales\/#primaryimage"},"thumbnailUrl":"https:\/\/www.chemin-neuf.be\/wp-content\/uploads\/2025\/12\/httpsdam.chemin-neuf.netwp-contentuploads202512Istanbul.jpeg","datePublished":"2025-12-11T14:10:45+00:00","dateModified":"2026-02-12T22:46:37+00:00","author":{"@id":"https:\/\/www.chemin-neuf.be\/fr\/#\/schema\/person\/dbc5bb8de9c07e1728535c32a94f0692"},"description":"Anne-Cathy Graber a particip\u00e9 \u00e0 la rencontre entre les repr\u00e9sentants de diverses confessions chr\u00e9tiennes","breadcrumb":{"@id":"https:\/\/www.chemin-neuf.be\/fr\/conference-annuelle-des-secretaires-des-communions-chretiennes-mondiales\/#breadcrumb"},"inLanguage":"fr-BE","potentialAction":[{"@type":"ReadAction","target":["https:\/\/www.chemin-neuf.be\/fr\/conference-annuelle-des-secretaires-des-communions-chretiennes-mondiales\/"]}]},{"@type":"ImageObject","inLanguage":"fr-BE","@id":"https:\/\/www.chemin-neuf.be\/fr\/conference-annuelle-des-secretaires-des-communions-chretiennes-mondiales\/#primaryimage","url":"https:\/\/www.chemin-neuf.be\/wp-content\/uploads\/2025\/12\/httpsdam.chemin-neuf.netwp-contentuploads202512Istanbul.jpeg","contentUrl":"https:\/\/www.chemin-neuf.be\/wp-content\/uploads\/2025\/12\/httpsdam.chemin-neuf.netwp-contentuploads202512Istanbul.jpeg","width":1280,"height":853},{"@type":"BreadcrumbList","@id":"https:\/\/www.chemin-neuf.be\/fr\/conference-annuelle-des-secretaires-des-communions-chretiennes-mondiales\/#breadcrumb","itemListElement":[{"@type":"ListItem","position":1,"name":"Home","item":"https:\/\/www.chemin-neuf.be\/fr\/"},{"@type":"ListItem","position":2,"name":"Conf\u00e9rence annuelle des repr\u00e9sentants des Communions chr\u00e9tiennes mondiales"}]},{"@type":"WebSite","@id":"https:\/\/www.chemin-neuf.be\/fr\/#website","url":"https:\/\/www.chemin-neuf.be\/fr\/","name":"Chemin Neuf Belgique","description":"Communaut\u00e9 du Chemin Neuf en Belgique","potentialAction":[{"@type":"SearchAction","target":{"@type":"EntryPoint","urlTemplate":"https:\/\/www.chemin-neuf.be\/fr\/?s={search_term_string}"},"query-input":{"@type":"PropertyValueSpecification","valueRequired":true,"valueName":"search_term_string"}}],"inLanguage":"fr-BE"},{"@type":"Person","@id":"https:\/\/www.chemin-neuf.be\/fr\/#\/schema\/person\/dbc5bb8de9c07e1728535c32a94f0692","name":"adminCCN","image":{"@type":"ImageObject","inLanguage":"fr-BE","@id":"https:\/\/secure.gravatar.com\/avatar\/87c9485d85e005be0f711778f5d5b8ea68d63bcbf73b1f7b969e7e9c9d9db96f?s=96&d=mm&r=g","url":"https:\/\/secure.gravatar.com\/avatar\/87c9485d85e005be0f711778f5d5b8ea68d63bcbf73b1f7b969e7e9c9d9db96f?s=96&d=mm&r=g","contentUrl":"https:\/\/secure.gravatar.com\/avatar\/87c9485d85e005be0f711778f5d5b8ea68d63bcbf73b1f7b969e7e9c9d9db96f?s=96&d=mm&r=g","caption":"adminCCN"},"sameAs":["https:\/\/www.chemin-neuf.be"]}]}},"_links":{"self":[{"href":"https:\/\/www.chemin-neuf.be\/fr\/wp-json\/wp\/v2\/posts\/73045","targetHints":{"allow":["GET"]}}],"collection":[{"href":"https:\/\/www.chemin-neuf.be\/fr\/wp-json\/wp\/v2\/posts"}],"about":[{"href":"https:\/\/www.chemin-neuf.be\/fr\/wp-json\/wp\/v2\/types\/post"}],"author":[{"embeddable":true,"href":"https:\/\/www.chemin-neuf.be\/fr\/wp-json\/wp\/v2\/users\/1"}],"replies":[{"embeddable":true,"href":"https:\/\/www.chemin-neuf.be\/fr\/wp-json\/wp\/v2\/comments?post=73045"}],"version-history":[{"count":3,"href":"https:\/\/www.chemin-neuf.be\/fr\/wp-json\/wp\/v2\/posts\/73045\/revisions"}],"predecessor-version":[{"id":73103,"href":"https:\/\/www.chemin-neuf.be\/fr\/wp-json\/wp\/v2\/posts\/73045\/revisions\/73103"}],"wp:featuredmedia":[{"embeddable":true,"href":"https:\/\/www.chemin-neuf.be\/fr\/wp-json\/wp\/v2\/media\/73062"}],"wp:attachment":[{"href":"https:\/\/www.chemin-neuf.be\/fr\/wp-json\/wp\/v2\/media?parent=73045"}],"wp:term":[{"taxonomy":"category","embeddable":true,"href":"https:\/\/www.chemin-neuf.be\/fr\/wp-json\/wp\/v2\/categories?post=73045"},{"taxonomy":"post_tag","embeddable":true,"href":"https:\/\/www.chemin-neuf.be\/fr\/wp-json\/wp\/v2\/tags?post=73045"}],"curies":[{"name":"wp","href":"https:\/\/api.w.org\/{rel}","templated":true}]}}