{"id":70580,"date":"2025-10-23T08:00:00","date_gmt":"2025-10-23T06:00:00","guid":{"rendered":"https:\/\/www.chemin-neuf.be\/?p=70580"},"modified":"2025-11-13T17:35:55","modified_gmt":"2025-11-13T16:35:55","slug":"office-pour-lunite-du-jeudi-23-octobre-2025","status":"publish","type":"post","link":"https:\/\/www.chemin-neuf.be\/fr\/office-pour-lunite-du-jeudi-23-octobre-2025\/","title":{"rendered":"Office pour l&rsquo;Unit\u00e9 du jeudi 23 octobre 2025"},"content":{"rendered":"\n<p class=\"has-white-background-color has-background\"><em>Cette semaine, l\u2019office a \u00e9t\u00e9 pr\u00e9par\u00e9 par un les fr\u00e8res et s\u0153urs de la communaut\u00e9 en Pologne<\/em>.<\/p>\n\n\n\n<h2 class=\"wp-block-heading has-text-align-center has-orange-background-color has-background\"><strong>Texte de m\u00e9ditation<\/strong><\/h2>\n\n\n\n<p class=\"has-text-align-center has-gray-background-color has-background\"><strong><strong><strong><strong><strong><u>Extrait de la lettre des chr\u00e9tiens d\u2019Allemagne, Pologne et Ukraine aux chr\u00e9tiens de l\u2019Eglise orthodoxe de Russie<\/u><\/strong><\/strong><\/strong><\/strong><\/strong><br><em><a href=\"https:\/\/www.lettertorussia.eu\">https:\/\/www.lettertorussia.eu<\/a> (traduction effectu\u00e9e par des fr\u00e8res de la communaut\u00e9)<\/em><\/p>\n\n\n\n<div class=\"wp-block-columns is-layout-flex wp-container-core-columns-is-layout-9d6595d7 wp-block-columns-is-layout-flex\">\n<div class=\"wp-block-column is-layout-flow wp-block-column-is-layout-flow\">\n<p class=\"has-beige-background-color has-background\" style=\"line-height:2\"><br>S\u0153urs et fr\u00e8res en Christ ! Il est difficile d&rsquo;adresser ces mots en temps de guerre, alors que des fr\u00e8res et s\u0153urs sont assassin\u00e9s. Mais en tant que chr\u00e9tiens, nous prions le \u00ab Notre P\u00e8re \u00bb des deux c\u00f4t\u00e9s de la ligne de front. Nous croyons que Dieu a cr\u00e9\u00e9 tous les \u00eatres humains et qu&rsquo;il n&rsquo;a jamais cess\u00e9 de les aimer, m\u00eame lorsqu&rsquo;ils sont devenus p\u00e9cheurs et criminels.<br>La guerre signifie que l&rsquo;agresseur et la victime ne peuvent plus se parler, ne peuvent plus se regarder honn\u00eatement dans les yeux, ils se d\u00e9testent et ne veulent plus avoir affaire l&rsquo;un \u00e0 l&rsquo;autre. En temps de guerre, il y a un foss\u00e9 entre nous o\u00f9 il n&rsquo;y a pas de ponts, pas de relations, pas de dialogue face \u00e0 face. Le Christ vainc la haine. Il a donn\u00e9 sa vie pour combler le foss\u00e9 qui nous s\u00e9pare.<br>Nous luttons pour mettre fin \u00e0 la haine et au crime, mais pas contre des personnes qui, devant Dieu, sont nos fr\u00e8res et s\u0153urs. En fin de compte, le pardon signifie tendre la main, offrir une relation renouvel\u00e9e \u00e0 l&rsquo;auteur du crime.<br>Dans la tradition mystique, nous trouvons l&rsquo;image de Dieu cachant son visage lorsqu&rsquo;il pleure.<br><\/p>\n<\/div>\n<\/div>\n\n\n\n<h2 class=\"wp-block-heading has-text-align-center has-orange-background-color has-background\"><strong>Intercessions<\/strong><\/h2>\n\n\n\n<p class=\"has-text-align-center\"><em>A adapter ou modifier selon les lieux et les circonstances<\/em><\/p>\n\n\n\n<div class=\"wp-block-columns alignwide are-vertically-aligned-top has-beige-background-color has-background is-layout-flex wp-container-core-columns-is-layout-9d6595d7 wp-block-columns-is-layout-flex\">\n<div class=\"wp-block-column is-vertically-aligned-top is-layout-flow wp-block-column-is-layout-flow\">\n<p class=\"has-white-background-color has-background\">Seigneur notre Dieu, nous te demandons humblement le don de l&rsquo;unit\u00e9 et de la paix dans tous les coins du monde o\u00f9 r\u00e9sonne encore le bruit de la guerre et o\u00f9 le fr\u00e8re l\u00e8ve la main sur son fr\u00e8re.<br>Aujourd&rsquo;hui plus que jamais, nous t&rsquo;implorons de donner la paix \u00e0 l&rsquo;Ukraine tourment\u00e9e, de mettre fin \u00e0 la violence et d&rsquo;apporter une lueur d&rsquo;espoir \u00e0 tous ceux qui souffrent de la guerre.<\/p>\n<\/div>\n\n\n\n<div class=\"wp-block-column is-vertically-aligned-top is-layout-flow wp-block-column-is-layout-flow\">\n<p class=\"has-white-background-color has-background\">Seigneur, renouvelle les liens entre les nations et les communaut\u00e9s, r\u00e9concilie ceux que s\u00e9parent l&rsquo;hostilit\u00e9 et les pr\u00e9jug\u00e9s.<br>Apprends-nous \u00e0 reconna\u00eetre en chaque personne que tu mets sur notre chemin un fr\u00e8re et une s\u0153ur, enfants du m\u00eame P\u00e8re.<br><br><\/p>\n<\/div>\n<\/div>\n\n\n\n<div class=\"wp-block-columns alignwide are-vertically-aligned-top has-beige-background-color has-background is-layout-flex wp-container-core-columns-is-layout-9d6595d7 wp-block-columns-is-layout-flex\">\n<div class=\"wp-block-column is-vertically-aligned-top is-layout-flow wp-block-column-is-layout-flow\">\n<p class=\"has-white-background-color has-background\">Seigneur, fortifie les chr\u00e9tiens de Russie et d&rsquo;Ukraine qui, malgr\u00e9 la violence, proclament la paix et en souffrent.<br>Donne-leur la pers\u00e9v\u00e9rance, la foi et une confiance in\u00e9branlable en ta Providence.<\/p>\n<\/div>\n<\/div>\n\n\n\n<h2 class=\"wp-block-heading has-text-align-center has-orange-background-color has-background\"><strong>Pri\u00e8re pour l&rsquo;unit\u00e9 des Chr\u00e9tiens<\/strong><\/h2>\n\n\n\n<p class=\"has-text-align-left has-beige-background-color has-background\">Seigneur J\u00e9sus,<br>Qui as pri\u00e9 pour que tous soient un,<br>Nous te prions pour l\u2019unit\u00e9 des chr\u00e9tiens,<br>Telle que tu la veux,<br>Par les moyens que tu veux.<br>Que ton Esprit nous donne d\u2019\u00e9prouver la souffrance de la s\u00e9paration,<br>De voir notre p\u00e9ch\u00e9,<br>Et d\u2019esp\u00e9rer au-del\u00e0 de toute esp\u00e9rance.<br>Amen !<\/p>\n\n\n\n<p class=\"has-text-align-right has-beige-background-color has-background\"><em>(Pri\u00e8re compos\u00e9e par des membres de la Communaut\u00e9 du Chemin Neuf,<\/em><br><em>\u00e0 partir d\u2019une pri\u00e8re du p\u00e8re Paul Couturier)<\/em><\/p>\n\n\n\n<div class=\"wp-block-buttons alignwide is-horizontal is-content-justification-center is-layout-flex wp-container-core-buttons-is-layout-499968f5 wp-block-buttons-is-layout-flex\">\n<div class=\"wp-block-button\"><a class=\"wp-block-button__link has-orange-background-color has-background has-large-font-size has-custom-font-size wp-element-button\" href=\"https:\/\/drive.google.com\/file\/d\/1v5rEBOpYHARKrrhqvedHnGZbgyNqHJDy\/view?usp=sharing\" target=\"_blank\" rel=\"noreferrer noopener\">T\u00e9l\u00e9charger l&rsquo;office de pri\u00e8re<\/a><\/div>\n<\/div>\n\n\n\n<div class=\"wp-block-buttons alignwide is-horizontal is-content-justification-center is-layout-flex wp-container-core-buttons-is-layout-499968f5 wp-block-buttons-is-layout-flex\">\n<div class=\"wp-block-button\"><a class=\"wp-block-button__link has-orange-background-color has-background has-large-font-size has-custom-font-size wp-element-button\" href=\"https:\/\/drive.google.com\/file\/d\/1eIeGwshzQCT4wmLXL_7laulCaTc98lMM\/view?usp=sharing\" target=\"_blank\" rel=\"noreferrer noopener\">Proposition de d\u00e9roul\u00e9 de l&rsquo;office<\/a><\/div>\n<\/div>\n\n\n\n<p><\/p>\n","protected":false},"excerpt":{"rendered":"<p>Extrait de la lettre des chr\u00e9tiens d\u2019Allemagne, Pologne et Ukraine aux chr\u00e9tiens de l\u2019Eglise orthodoxe de Russie<\/p>\n","protected":false},"author":1,"featured_media":72127,"comment_status":"open","ping_status":"open","sticky":false,"template":"","format":"standard","meta":{"_acf_changed":false,"footnotes":""},"categories":[49],"tags":[89,99,91,92,73],"class_list":["post-70580","post","type-post","status-publish","format-standard","has-post-thumbnail","hentry","category-offices-pour-lunite-fr","tag-jeudi","tag-oecumenisme-3","tag-office","tag-paix","tag-unite"],"acf":[],"yoast_head":"<!-- This site is optimized with the Yoast SEO plugin v27.5 - https:\/\/yoast.com\/product\/yoast-seo-wordpress\/ -->\n<title>Office pour l&#039;Unit\u00e9 du jeudi 23 octobre 2025 - Chemin Neuf Belgique<\/title>\n<meta name=\"description\" content=\"Extrait de la lettre des chr\u00e9tiens d\u2019Allemagne, Pologne et Ukraine aux chr\u00e9tiens de l\u2019Eglise orthodoxe de Russie\" \/>\n<meta name=\"robots\" content=\"index, follow, max-snippet:-1, max-image-preview:large, max-video-preview:-1\" \/>\n<link rel=\"canonical\" href=\"https:\/\/www.chemin-neuf.be\/fr\/office-pour-lunite-du-jeudi-23-octobre-2025\/\" \/>\n<meta property=\"og:locale\" content=\"fr_FR\" \/>\n<meta property=\"og:type\" content=\"article\" \/>\n<meta property=\"og:title\" content=\"Office pour l&#039;Unit\u00e9 du jeudi 23 octobre 2025 - Chemin Neuf Belgique\" \/>\n<meta property=\"og:description\" content=\"Extrait de la lettre des chr\u00e9tiens d\u2019Allemagne, Pologne et Ukraine aux chr\u00e9tiens de l\u2019Eglise orthodoxe de Russie\" \/>\n<meta property=\"og:url\" content=\"https:\/\/www.chemin-neuf.be\/fr\/office-pour-lunite-du-jeudi-23-octobre-2025\/\" \/>\n<meta property=\"og:site_name\" content=\"Chemin Neuf Belgique\" \/>\n<meta property=\"article:published_time\" content=\"2025-10-23T06:00:00+00:00\" \/>\n<meta property=\"article:modified_time\" content=\"2025-11-13T16:35:55+00:00\" \/>\n<meta property=\"og:image\" content=\"https:\/\/www.chemin-neuf.be\/wp-content\/uploads\/2025\/11\/httpsdam.chemin-neuf.netwp-contentuploads202510httpswww.chemin-neuf.frwp-contentuploads202510Orantka-i-krzyz-Web-11.jpg\" \/>\n\t<meta property=\"og:image:width\" content=\"1280\" \/>\n\t<meta property=\"og:image:height\" content=\"1920\" \/>\n\t<meta property=\"og:image:type\" content=\"image\/jpeg\" \/>\n<meta name=\"author\" content=\"adminCCN\" \/>\n<meta name=\"twitter:card\" content=\"summary_large_image\" \/>\n<meta name=\"twitter:label1\" content=\"\u00c9crit par\" \/>\n\t<meta name=\"twitter:data1\" content=\"adminCCN\" \/>\n\t<meta name=\"twitter:label2\" content=\"Dur\u00e9e de lecture est.\" \/>\n\t<meta name=\"twitter:data2\" content=\"3 minutes\" \/>\n<script type=\"application\/ld+json\" class=\"yoast-schema-graph\">{\"@context\":\"https:\\\/\\\/schema.org\",\"@graph\":[{\"@type\":\"Article\",\"@id\":\"https:\\\/\\\/www.chemin-neuf.be\\\/fr\\\/office-pour-lunite-du-jeudi-23-octobre-2025\\\/#article\",\"isPartOf\":{\"@id\":\"https:\\\/\\\/www.chemin-neuf.be\\\/fr\\\/office-pour-lunite-du-jeudi-23-octobre-2025\\\/\"},\"author\":{\"name\":\"adminCCN\",\"@id\":\"https:\\\/\\\/www.chemin-neuf.be\\\/fr\\\/#\\\/schema\\\/person\\\/dbc5bb8de9c07e1728535c32a94f0692\"},\"headline\":\"Office pour l&rsquo;Unit\u00e9 du jeudi 23 octobre 2025\",\"datePublished\":\"2025-10-23T06:00:00+00:00\",\"dateModified\":\"2025-11-13T16:35:55+00:00\",\"mainEntityOfPage\":{\"@id\":\"https:\\\/\\\/www.chemin-neuf.be\\\/fr\\\/office-pour-lunite-du-jeudi-23-octobre-2025\\\/\"},\"wordCount\":570,\"commentCount\":0,\"image\":{\"@id\":\"https:\\\/\\\/www.chemin-neuf.be\\\/fr\\\/office-pour-lunite-du-jeudi-23-octobre-2025\\\/#primaryimage\"},\"thumbnailUrl\":\"https:\\\/\\\/www.chemin-neuf.be\\\/wp-content\\\/uploads\\\/2025\\\/11\\\/httpsdam.chemin-neuf.netwp-contentuploads202510httpswww.chemin-neuf.frwp-contentuploads202510Orantka-i-krzyz-Web-11.jpg\",\"keywords\":[\"jeudi\",\"oecumenisme-3\",\"office\",\"paix\",\"unite\"],\"articleSection\":[\"Offices pour l\u2019unit\u00e9\"],\"inLanguage\":\"fr-BE\",\"potentialAction\":[{\"@type\":\"CommentAction\",\"name\":\"Comment\",\"target\":[\"https:\\\/\\\/www.chemin-neuf.be\\\/fr\\\/office-pour-lunite-du-jeudi-23-octobre-2025\\\/#respond\"]}]},{\"@type\":\"WebPage\",\"@id\":\"https:\\\/\\\/www.chemin-neuf.be\\\/fr\\\/office-pour-lunite-du-jeudi-23-octobre-2025\\\/\",\"url\":\"https:\\\/\\\/www.chemin-neuf.be\\\/fr\\\/office-pour-lunite-du-jeudi-23-octobre-2025\\\/\",\"name\":\"Office pour l'Unit\u00e9 du jeudi 23 octobre 2025 - Chemin Neuf Belgique\",\"isPartOf\":{\"@id\":\"https:\\\/\\\/www.chemin-neuf.be\\\/fr\\\/#website\"},\"primaryImageOfPage\":{\"@id\":\"https:\\\/\\\/www.chemin-neuf.be\\\/fr\\\/office-pour-lunite-du-jeudi-23-octobre-2025\\\/#primaryimage\"},\"image\":{\"@id\":\"https:\\\/\\\/www.chemin-neuf.be\\\/fr\\\/office-pour-lunite-du-jeudi-23-octobre-2025\\\/#primaryimage\"},\"thumbnailUrl\":\"https:\\\/\\\/www.chemin-neuf.be\\\/wp-content\\\/uploads\\\/2025\\\/11\\\/httpsdam.chemin-neuf.netwp-contentuploads202510httpswww.chemin-neuf.frwp-contentuploads202510Orantka-i-krzyz-Web-11.jpg\",\"datePublished\":\"2025-10-23T06:00:00+00:00\",\"dateModified\":\"2025-11-13T16:35:55+00:00\",\"author\":{\"@id\":\"https:\\\/\\\/www.chemin-neuf.be\\\/fr\\\/#\\\/schema\\\/person\\\/dbc5bb8de9c07e1728535c32a94f0692\"},\"description\":\"Extrait de la lettre des chr\u00e9tiens d\u2019Allemagne, Pologne et Ukraine aux chr\u00e9tiens de l\u2019Eglise orthodoxe de Russie\",\"breadcrumb\":{\"@id\":\"https:\\\/\\\/www.chemin-neuf.be\\\/fr\\\/office-pour-lunite-du-jeudi-23-octobre-2025\\\/#breadcrumb\"},\"inLanguage\":\"fr-BE\",\"potentialAction\":[{\"@type\":\"ReadAction\",\"target\":[\"https:\\\/\\\/www.chemin-neuf.be\\\/fr\\\/office-pour-lunite-du-jeudi-23-octobre-2025\\\/\"]}]},{\"@type\":\"ImageObject\",\"inLanguage\":\"fr-BE\",\"@id\":\"https:\\\/\\\/www.chemin-neuf.be\\\/fr\\\/office-pour-lunite-du-jeudi-23-octobre-2025\\\/#primaryimage\",\"url\":\"https:\\\/\\\/www.chemin-neuf.be\\\/wp-content\\\/uploads\\\/2025\\\/11\\\/httpsdam.chemin-neuf.netwp-contentuploads202510httpswww.chemin-neuf.frwp-contentuploads202510Orantka-i-krzyz-Web-11.jpg\",\"contentUrl\":\"https:\\\/\\\/www.chemin-neuf.be\\\/wp-content\\\/uploads\\\/2025\\\/11\\\/httpsdam.chemin-neuf.netwp-contentuploads202510httpswww.chemin-neuf.frwp-contentuploads202510Orantka-i-krzyz-Web-11.jpg\",\"width\":1280,\"height\":1920},{\"@type\":\"BreadcrumbList\",\"@id\":\"https:\\\/\\\/www.chemin-neuf.be\\\/fr\\\/office-pour-lunite-du-jeudi-23-octobre-2025\\\/#breadcrumb\",\"itemListElement\":[{\"@type\":\"ListItem\",\"position\":1,\"name\":\"Home\",\"item\":\"https:\\\/\\\/www.chemin-neuf.be\\\/fr\\\/\"},{\"@type\":\"ListItem\",\"position\":2,\"name\":\"Office pour l&rsquo;Unit\u00e9 du jeudi 23 octobre 2025\"}]},{\"@type\":\"WebSite\",\"@id\":\"https:\\\/\\\/www.chemin-neuf.be\\\/fr\\\/#website\",\"url\":\"https:\\\/\\\/www.chemin-neuf.be\\\/fr\\\/\",\"name\":\"Chemin Neuf Belgique\",\"description\":\"Communaut\u00e9 du Chemin Neuf en Belgique\",\"potentialAction\":[{\"@type\":\"SearchAction\",\"target\":{\"@type\":\"EntryPoint\",\"urlTemplate\":\"https:\\\/\\\/www.chemin-neuf.be\\\/fr\\\/?s={search_term_string}\"},\"query-input\":{\"@type\":\"PropertyValueSpecification\",\"valueRequired\":true,\"valueName\":\"search_term_string\"}}],\"inLanguage\":\"fr-BE\"},{\"@type\":\"Person\",\"@id\":\"https:\\\/\\\/www.chemin-neuf.be\\\/fr\\\/#\\\/schema\\\/person\\\/dbc5bb8de9c07e1728535c32a94f0692\",\"name\":\"adminCCN\",\"image\":{\"@type\":\"ImageObject\",\"inLanguage\":\"fr-BE\",\"@id\":\"https:\\\/\\\/secure.gravatar.com\\\/avatar\\\/87c9485d85e005be0f711778f5d5b8ea68d63bcbf73b1f7b969e7e9c9d9db96f?s=96&d=mm&r=g\",\"url\":\"https:\\\/\\\/secure.gravatar.com\\\/avatar\\\/87c9485d85e005be0f711778f5d5b8ea68d63bcbf73b1f7b969e7e9c9d9db96f?s=96&d=mm&r=g\",\"contentUrl\":\"https:\\\/\\\/secure.gravatar.com\\\/avatar\\\/87c9485d85e005be0f711778f5d5b8ea68d63bcbf73b1f7b969e7e9c9d9db96f?s=96&d=mm&r=g\",\"caption\":\"adminCCN\"},\"sameAs\":[\"https:\\\/\\\/www.chemin-neuf.be\"]}]}<\/script>\n<!-- \/ Yoast SEO plugin. -->","yoast_head_json":{"title":"Office pour l'Unit\u00e9 du jeudi 23 octobre 2025 - Chemin Neuf Belgique","description":"Extrait de la lettre des chr\u00e9tiens d\u2019Allemagne, Pologne et Ukraine aux chr\u00e9tiens de l\u2019Eglise orthodoxe de Russie","robots":{"index":"index","follow":"follow","max-snippet":"max-snippet:-1","max-image-preview":"max-image-preview:large","max-video-preview":"max-video-preview:-1"},"canonical":"https:\/\/www.chemin-neuf.be\/fr\/office-pour-lunite-du-jeudi-23-octobre-2025\/","og_locale":"fr_FR","og_type":"article","og_title":"Office pour l'Unit\u00e9 du jeudi 23 octobre 2025 - Chemin Neuf Belgique","og_description":"Extrait de la lettre des chr\u00e9tiens d\u2019Allemagne, Pologne et Ukraine aux chr\u00e9tiens de l\u2019Eglise orthodoxe de Russie","og_url":"https:\/\/www.chemin-neuf.be\/fr\/office-pour-lunite-du-jeudi-23-octobre-2025\/","og_site_name":"Chemin Neuf Belgique","article_published_time":"2025-10-23T06:00:00+00:00","article_modified_time":"2025-11-13T16:35:55+00:00","og_image":[{"width":1280,"height":1920,"url":"https:\/\/www.chemin-neuf.be\/wp-content\/uploads\/2025\/11\/httpsdam.chemin-neuf.netwp-contentuploads202510httpswww.chemin-neuf.frwp-contentuploads202510Orantka-i-krzyz-Web-11.jpg","type":"image\/jpeg"}],"author":"adminCCN","twitter_card":"summary_large_image","twitter_misc":{"\u00c9crit par":"adminCCN","Dur\u00e9e de lecture est.":"3 minutes"},"schema":{"@context":"https:\/\/schema.org","@graph":[{"@type":"Article","@id":"https:\/\/www.chemin-neuf.be\/fr\/office-pour-lunite-du-jeudi-23-octobre-2025\/#article","isPartOf":{"@id":"https:\/\/www.chemin-neuf.be\/fr\/office-pour-lunite-du-jeudi-23-octobre-2025\/"},"author":{"name":"adminCCN","@id":"https:\/\/www.chemin-neuf.be\/fr\/#\/schema\/person\/dbc5bb8de9c07e1728535c32a94f0692"},"headline":"Office pour l&rsquo;Unit\u00e9 du jeudi 23 octobre 2025","datePublished":"2025-10-23T06:00:00+00:00","dateModified":"2025-11-13T16:35:55+00:00","mainEntityOfPage":{"@id":"https:\/\/www.chemin-neuf.be\/fr\/office-pour-lunite-du-jeudi-23-octobre-2025\/"},"wordCount":570,"commentCount":0,"image":{"@id":"https:\/\/www.chemin-neuf.be\/fr\/office-pour-lunite-du-jeudi-23-octobre-2025\/#primaryimage"},"thumbnailUrl":"https:\/\/www.chemin-neuf.be\/wp-content\/uploads\/2025\/11\/httpsdam.chemin-neuf.netwp-contentuploads202510httpswww.chemin-neuf.frwp-contentuploads202510Orantka-i-krzyz-Web-11.jpg","keywords":["jeudi","oecumenisme-3","office","paix","unite"],"articleSection":["Offices pour l\u2019unit\u00e9"],"inLanguage":"fr-BE","potentialAction":[{"@type":"CommentAction","name":"Comment","target":["https:\/\/www.chemin-neuf.be\/fr\/office-pour-lunite-du-jeudi-23-octobre-2025\/#respond"]}]},{"@type":"WebPage","@id":"https:\/\/www.chemin-neuf.be\/fr\/office-pour-lunite-du-jeudi-23-octobre-2025\/","url":"https:\/\/www.chemin-neuf.be\/fr\/office-pour-lunite-du-jeudi-23-octobre-2025\/","name":"Office pour l'Unit\u00e9 du jeudi 23 octobre 2025 - Chemin Neuf Belgique","isPartOf":{"@id":"https:\/\/www.chemin-neuf.be\/fr\/#website"},"primaryImageOfPage":{"@id":"https:\/\/www.chemin-neuf.be\/fr\/office-pour-lunite-du-jeudi-23-octobre-2025\/#primaryimage"},"image":{"@id":"https:\/\/www.chemin-neuf.be\/fr\/office-pour-lunite-du-jeudi-23-octobre-2025\/#primaryimage"},"thumbnailUrl":"https:\/\/www.chemin-neuf.be\/wp-content\/uploads\/2025\/11\/httpsdam.chemin-neuf.netwp-contentuploads202510httpswww.chemin-neuf.frwp-contentuploads202510Orantka-i-krzyz-Web-11.jpg","datePublished":"2025-10-23T06:00:00+00:00","dateModified":"2025-11-13T16:35:55+00:00","author":{"@id":"https:\/\/www.chemin-neuf.be\/fr\/#\/schema\/person\/dbc5bb8de9c07e1728535c32a94f0692"},"description":"Extrait de la lettre des chr\u00e9tiens d\u2019Allemagne, Pologne et Ukraine aux chr\u00e9tiens de l\u2019Eglise orthodoxe de Russie","breadcrumb":{"@id":"https:\/\/www.chemin-neuf.be\/fr\/office-pour-lunite-du-jeudi-23-octobre-2025\/#breadcrumb"},"inLanguage":"fr-BE","potentialAction":[{"@type":"ReadAction","target":["https:\/\/www.chemin-neuf.be\/fr\/office-pour-lunite-du-jeudi-23-octobre-2025\/"]}]},{"@type":"ImageObject","inLanguage":"fr-BE","@id":"https:\/\/www.chemin-neuf.be\/fr\/office-pour-lunite-du-jeudi-23-octobre-2025\/#primaryimage","url":"https:\/\/www.chemin-neuf.be\/wp-content\/uploads\/2025\/11\/httpsdam.chemin-neuf.netwp-contentuploads202510httpswww.chemin-neuf.frwp-contentuploads202510Orantka-i-krzyz-Web-11.jpg","contentUrl":"https:\/\/www.chemin-neuf.be\/wp-content\/uploads\/2025\/11\/httpsdam.chemin-neuf.netwp-contentuploads202510httpswww.chemin-neuf.frwp-contentuploads202510Orantka-i-krzyz-Web-11.jpg","width":1280,"height":1920},{"@type":"BreadcrumbList","@id":"https:\/\/www.chemin-neuf.be\/fr\/office-pour-lunite-du-jeudi-23-octobre-2025\/#breadcrumb","itemListElement":[{"@type":"ListItem","position":1,"name":"Home","item":"https:\/\/www.chemin-neuf.be\/fr\/"},{"@type":"ListItem","position":2,"name":"Office pour l&rsquo;Unit\u00e9 du jeudi 23 octobre 2025"}]},{"@type":"WebSite","@id":"https:\/\/www.chemin-neuf.be\/fr\/#website","url":"https:\/\/www.chemin-neuf.be\/fr\/","name":"Chemin Neuf Belgique","description":"Communaut\u00e9 du Chemin Neuf en Belgique","potentialAction":[{"@type":"SearchAction","target":{"@type":"EntryPoint","urlTemplate":"https:\/\/www.chemin-neuf.be\/fr\/?s={search_term_string}"},"query-input":{"@type":"PropertyValueSpecification","valueRequired":true,"valueName":"search_term_string"}}],"inLanguage":"fr-BE"},{"@type":"Person","@id":"https:\/\/www.chemin-neuf.be\/fr\/#\/schema\/person\/dbc5bb8de9c07e1728535c32a94f0692","name":"adminCCN","image":{"@type":"ImageObject","inLanguage":"fr-BE","@id":"https:\/\/secure.gravatar.com\/avatar\/87c9485d85e005be0f711778f5d5b8ea68d63bcbf73b1f7b969e7e9c9d9db96f?s=96&d=mm&r=g","url":"https:\/\/secure.gravatar.com\/avatar\/87c9485d85e005be0f711778f5d5b8ea68d63bcbf73b1f7b969e7e9c9d9db96f?s=96&d=mm&r=g","contentUrl":"https:\/\/secure.gravatar.com\/avatar\/87c9485d85e005be0f711778f5d5b8ea68d63bcbf73b1f7b969e7e9c9d9db96f?s=96&d=mm&r=g","caption":"adminCCN"},"sameAs":["https:\/\/www.chemin-neuf.be"]}]}},"_links":{"self":[{"href":"https:\/\/www.chemin-neuf.be\/fr\/wp-json\/wp\/v2\/posts\/70580","targetHints":{"allow":["GET"]}}],"collection":[{"href":"https:\/\/www.chemin-neuf.be\/fr\/wp-json\/wp\/v2\/posts"}],"about":[{"href":"https:\/\/www.chemin-neuf.be\/fr\/wp-json\/wp\/v2\/types\/post"}],"author":[{"embeddable":true,"href":"https:\/\/www.chemin-neuf.be\/fr\/wp-json\/wp\/v2\/users\/1"}],"replies":[{"embeddable":true,"href":"https:\/\/www.chemin-neuf.be\/fr\/wp-json\/wp\/v2\/comments?post=70580"}],"version-history":[{"count":6,"href":"https:\/\/www.chemin-neuf.be\/fr\/wp-json\/wp\/v2\/posts\/70580\/revisions"}],"predecessor-version":[{"id":72132,"href":"https:\/\/www.chemin-neuf.be\/fr\/wp-json\/wp\/v2\/posts\/70580\/revisions\/72132"}],"wp:featuredmedia":[{"embeddable":true,"href":"https:\/\/www.chemin-neuf.be\/fr\/wp-json\/wp\/v2\/media\/72127"}],"wp:attachment":[{"href":"https:\/\/www.chemin-neuf.be\/fr\/wp-json\/wp\/v2\/media?parent=70580"}],"wp:term":[{"taxonomy":"category","embeddable":true,"href":"https:\/\/www.chemin-neuf.be\/fr\/wp-json\/wp\/v2\/categories?post=70580"},{"taxonomy":"post_tag","embeddable":true,"href":"https:\/\/www.chemin-neuf.be\/fr\/wp-json\/wp\/v2\/tags?post=70580"}],"curies":[{"name":"wp","href":"https:\/\/api.w.org\/{rel}","templated":true}]}}