{"id":69128,"date":"2025-09-15T07:34:06","date_gmt":"2025-09-15T05:34:06","guid":{"rendered":"https:\/\/www.chemin-neuf.be\/gniezno\/"},"modified":"2025-10-05T14:08:38","modified_gmt":"2025-10-05T12:08:38","slug":"gniezno","status":"publish","type":"post","link":"https:\/\/www.chemin-neuf.be\/fr\/gniezno\/","title":{"rendered":"Congr\u00e8s pour la Paix \u00e0 Gniezno : Un appel \u00e0 l&rsquo;unit\u00e9 chr\u00e9tienne"},"content":{"rendered":"\n<div style=\"height:23px\" aria-hidden=\"true\" class=\"wp-block-spacer\"><\/div>\n\n\n\n<p class=\"has-beige-background-color has-background\">Du 11 au 14 septembre 2025, la ville de Gniezno, premi\u00e8re capitale de la Pologne, a accueilli un \u00e9v\u00e9nement \u0153cum\u00e9nique majeur : le Congr\u00e8s pour la Paix. <\/p>\n\n\n\n<p>Organis\u00e9 \u00e0 l\u2019occasion du mill\u00e9naire du couronnement du duc Boleslas Ier comme roi de Pologne, ce congr\u00e8s a r\u00e9uni des leaders religieux du monde entier pour prier et dialoguer en faveur de la paix. Plusieurs fr\u00e8res et s\u0153urs de notre communaut\u00e9 en Pologne y ont particip\u00e9, vivant ces journ\u00e9es comme un temps fort de pri\u00e8re et de partage au sein de l\u2019\u00c9glise universelle.\u00a0<\/p>\n\n\n\n<p>Parmi les invit\u00e9s de marque figuraient le cardinal Pierbattista Pizzaballa, patriarche latin de J\u00e9rusalem, le cardinal Fridolin Ambongo Besungu, archev\u00eaque de Kinshasa, et Mgr Mounir Khairallah, \u00e9v\u00eaque de Jbeil. Ils ont partag\u00e9 leurs r\u00e9flexions sur la paix comme un \u00ab don pascal \u00bb, soulignant l\u2019importance d\u2019une approche spirituelle et fraternelle face aux conflits actuels. L\u2019archev\u00eaque Wojciech Polak, primat de Pologne, a ouvert les travaux du congr\u00e8s en appelant \u00e0 une \u00ab narration diff\u00e9rente \u00bb de la paix, centr\u00e9e sur le dialogue et la r\u00e9conciliation, notamment dans les contextes de guerre en Ukraine, au Moyen-Orient et en Afrique.&nbsp;<\/p>\n\n\n\n<p>Ce message a r\u00e9sonn\u00e9 profond\u00e9ment au sein de l\u2019\u00c9glise universelle, pr\u00e9sente en force \u00e0 cette rencontre internationale. Ce congr\u00e8s s\u2019inscrit dans le cadre des c\u00e9l\u00e9brations du mill\u00e9naire de la couronne royale polonaise, marqu\u00e9 par des \u00e9v\u00e9nements culturels, historiques et spirituels tout au long de l\u2019ann\u00e9e 2025.<\/p>\n\n\n\n<div style=\"height:38px\" aria-hidden=\"true\" class=\"wp-block-spacer\"><\/div>\n","protected":false},"excerpt":{"rendered":"<p>Du 11 au 14 septembre 2025, Gniezno en Pologne, a accueilli le Congr\u00e8s pour la Paix.<\/p>\n","protected":false},"author":1,"featured_media":69130,"comment_status":"open","ping_status":"open","sticky":false,"template":"","format":"standard","meta":{"_acf_changed":false,"footnotes":""},"categories":[47],"tags":[],"class_list":["post-69128","post","type-post","status-publish","format-standard","has-post-thumbnail","hentry","category-actualites-internationales-fr"],"acf":[],"yoast_head":"<!-- This site is optimized with the Yoast SEO plugin v27.5 - https:\/\/yoast.com\/product\/yoast-seo-wordpress\/ -->\n<title>Congr\u00e8s pour la Paix \u00e0 Gniezno : Un appel \u00e0 l&#039;unit\u00e9 chr\u00e9tienne - Chemin Neuf Belgique<\/title>\n<meta name=\"description\" content=\"Du 11 au 14 septembre 2025, Gniezno en Pologne, a accueilli le Congr\u00e8s pour la Paix.\" \/>\n<meta name=\"robots\" content=\"index, follow, max-snippet:-1, max-image-preview:large, max-video-preview:-1\" \/>\n<link rel=\"canonical\" href=\"https:\/\/www.chemin-neuf.be\/fr\/gniezno\/\" \/>\n<meta property=\"og:locale\" content=\"fr_FR\" \/>\n<meta property=\"og:type\" content=\"article\" \/>\n<meta property=\"og:title\" content=\"Congr\u00e8s pour la Paix \u00e0 Gniezno : Un appel \u00e0 l&#039;unit\u00e9 chr\u00e9tienne - Chemin Neuf Belgique\" \/>\n<meta property=\"og:description\" content=\"Du 11 au 14 septembre 2025, Gniezno en Pologne, a accueilli le Congr\u00e8s pour la Paix.\" \/>\n<meta property=\"og:url\" content=\"https:\/\/www.chemin-neuf.be\/fr\/gniezno\/\" \/>\n<meta property=\"og:site_name\" content=\"Chemin Neuf Belgique\" \/>\n<meta property=\"article:published_time\" content=\"2025-09-15T05:34:06+00:00\" \/>\n<meta property=\"article:modified_time\" content=\"2025-10-05T12:08:38+00:00\" \/>\n<meta property=\"og:image\" content=\"https:\/\/www.chemin-neuf.be\/wp-content\/uploads\/2025\/09\/httpsdam.chemin-neuf.netwp-contentuploads202509content-1.jpeg\" \/>\n\t<meta property=\"og:image:width\" content=\"1280\" \/>\n\t<meta property=\"og:image:height\" content=\"720\" \/>\n\t<meta property=\"og:image:type\" content=\"image\/jpeg\" \/>\n<meta name=\"author\" content=\"adminCCN\" \/>\n<meta name=\"twitter:card\" content=\"summary_large_image\" \/>\n<meta name=\"twitter:label1\" content=\"\u00c9crit par\" \/>\n\t<meta name=\"twitter:data1\" content=\"adminCCN\" \/>\n\t<meta name=\"twitter:label2\" content=\"Dur\u00e9e de lecture est.\" \/>\n\t<meta name=\"twitter:data2\" content=\"1 minute\" \/>\n<script type=\"application\/ld+json\" class=\"yoast-schema-graph\">{\"@context\":\"https:\\\/\\\/schema.org\",\"@graph\":[{\"@type\":\"Article\",\"@id\":\"https:\\\/\\\/www.chemin-neuf.be\\\/fr\\\/gniezno\\\/#article\",\"isPartOf\":{\"@id\":\"https:\\\/\\\/www.chemin-neuf.be\\\/fr\\\/gniezno\\\/\"},\"author\":{\"name\":\"adminCCN\",\"@id\":\"https:\\\/\\\/www.chemin-neuf.be\\\/fr\\\/#\\\/schema\\\/person\\\/dbc5bb8de9c07e1728535c32a94f0692\"},\"headline\":\"Congr\u00e8s pour la Paix \u00e0 Gniezno : Un appel \u00e0 l&rsquo;unit\u00e9 chr\u00e9tienne\",\"datePublished\":\"2025-09-15T05:34:06+00:00\",\"dateModified\":\"2025-10-05T12:08:38+00:00\",\"mainEntityOfPage\":{\"@id\":\"https:\\\/\\\/www.chemin-neuf.be\\\/fr\\\/gniezno\\\/\"},\"wordCount\":272,\"commentCount\":0,\"image\":{\"@id\":\"https:\\\/\\\/www.chemin-neuf.be\\\/fr\\\/gniezno\\\/#primaryimage\"},\"thumbnailUrl\":\"https:\\\/\\\/www.chemin-neuf.be\\\/wp-content\\\/uploads\\\/2025\\\/09\\\/httpsdam.chemin-neuf.netwp-contentuploads202509content-1.jpeg\",\"articleSection\":[\"Actualit\u00e9s Internationales\"],\"inLanguage\":\"fr-BE\",\"potentialAction\":[{\"@type\":\"CommentAction\",\"name\":\"Comment\",\"target\":[\"https:\\\/\\\/www.chemin-neuf.be\\\/fr\\\/gniezno\\\/#respond\"]}]},{\"@type\":\"WebPage\",\"@id\":\"https:\\\/\\\/www.chemin-neuf.be\\\/fr\\\/gniezno\\\/\",\"url\":\"https:\\\/\\\/www.chemin-neuf.be\\\/fr\\\/gniezno\\\/\",\"name\":\"Congr\u00e8s pour la Paix \u00e0 Gniezno : Un appel \u00e0 l'unit\u00e9 chr\u00e9tienne - Chemin Neuf Belgique\",\"isPartOf\":{\"@id\":\"https:\\\/\\\/www.chemin-neuf.be\\\/fr\\\/#website\"},\"primaryImageOfPage\":{\"@id\":\"https:\\\/\\\/www.chemin-neuf.be\\\/fr\\\/gniezno\\\/#primaryimage\"},\"image\":{\"@id\":\"https:\\\/\\\/www.chemin-neuf.be\\\/fr\\\/gniezno\\\/#primaryimage\"},\"thumbnailUrl\":\"https:\\\/\\\/www.chemin-neuf.be\\\/wp-content\\\/uploads\\\/2025\\\/09\\\/httpsdam.chemin-neuf.netwp-contentuploads202509content-1.jpeg\",\"datePublished\":\"2025-09-15T05:34:06+00:00\",\"dateModified\":\"2025-10-05T12:08:38+00:00\",\"author\":{\"@id\":\"https:\\\/\\\/www.chemin-neuf.be\\\/fr\\\/#\\\/schema\\\/person\\\/dbc5bb8de9c07e1728535c32a94f0692\"},\"description\":\"Du 11 au 14 septembre 2025, Gniezno en Pologne, a accueilli le Congr\u00e8s pour la Paix.\",\"breadcrumb\":{\"@id\":\"https:\\\/\\\/www.chemin-neuf.be\\\/fr\\\/gniezno\\\/#breadcrumb\"},\"inLanguage\":\"fr-BE\",\"potentialAction\":[{\"@type\":\"ReadAction\",\"target\":[\"https:\\\/\\\/www.chemin-neuf.be\\\/fr\\\/gniezno\\\/\"]}]},{\"@type\":\"ImageObject\",\"inLanguage\":\"fr-BE\",\"@id\":\"https:\\\/\\\/www.chemin-neuf.be\\\/fr\\\/gniezno\\\/#primaryimage\",\"url\":\"https:\\\/\\\/www.chemin-neuf.be\\\/wp-content\\\/uploads\\\/2025\\\/09\\\/httpsdam.chemin-neuf.netwp-contentuploads202509content-1.jpeg\",\"contentUrl\":\"https:\\\/\\\/www.chemin-neuf.be\\\/wp-content\\\/uploads\\\/2025\\\/09\\\/httpsdam.chemin-neuf.netwp-contentuploads202509content-1.jpeg\",\"width\":1280,\"height\":720},{\"@type\":\"BreadcrumbList\",\"@id\":\"https:\\\/\\\/www.chemin-neuf.be\\\/fr\\\/gniezno\\\/#breadcrumb\",\"itemListElement\":[{\"@type\":\"ListItem\",\"position\":1,\"name\":\"Home\",\"item\":\"https:\\\/\\\/www.chemin-neuf.be\\\/fr\\\/\"},{\"@type\":\"ListItem\",\"position\":2,\"name\":\"Congr\u00e8s pour la Paix \u00e0 Gniezno : Un appel \u00e0 l&rsquo;unit\u00e9 chr\u00e9tienne\"}]},{\"@type\":\"WebSite\",\"@id\":\"https:\\\/\\\/www.chemin-neuf.be\\\/fr\\\/#website\",\"url\":\"https:\\\/\\\/www.chemin-neuf.be\\\/fr\\\/\",\"name\":\"Chemin Neuf Belgique\",\"description\":\"Communaut\u00e9 du Chemin Neuf en Belgique\",\"potentialAction\":[{\"@type\":\"SearchAction\",\"target\":{\"@type\":\"EntryPoint\",\"urlTemplate\":\"https:\\\/\\\/www.chemin-neuf.be\\\/fr\\\/?s={search_term_string}\"},\"query-input\":{\"@type\":\"PropertyValueSpecification\",\"valueRequired\":true,\"valueName\":\"search_term_string\"}}],\"inLanguage\":\"fr-BE\"},{\"@type\":\"Person\",\"@id\":\"https:\\\/\\\/www.chemin-neuf.be\\\/fr\\\/#\\\/schema\\\/person\\\/dbc5bb8de9c07e1728535c32a94f0692\",\"name\":\"adminCCN\",\"image\":{\"@type\":\"ImageObject\",\"inLanguage\":\"fr-BE\",\"@id\":\"https:\\\/\\\/secure.gravatar.com\\\/avatar\\\/87c9485d85e005be0f711778f5d5b8ea68d63bcbf73b1f7b969e7e9c9d9db96f?s=96&d=mm&r=g\",\"url\":\"https:\\\/\\\/secure.gravatar.com\\\/avatar\\\/87c9485d85e005be0f711778f5d5b8ea68d63bcbf73b1f7b969e7e9c9d9db96f?s=96&d=mm&r=g\",\"contentUrl\":\"https:\\\/\\\/secure.gravatar.com\\\/avatar\\\/87c9485d85e005be0f711778f5d5b8ea68d63bcbf73b1f7b969e7e9c9d9db96f?s=96&d=mm&r=g\",\"caption\":\"adminCCN\"},\"sameAs\":[\"https:\\\/\\\/www.chemin-neuf.be\"]}]}<\/script>\n<!-- \/ Yoast SEO plugin. -->","yoast_head_json":{"title":"Congr\u00e8s pour la Paix \u00e0 Gniezno : Un appel \u00e0 l'unit\u00e9 chr\u00e9tienne - Chemin Neuf Belgique","description":"Du 11 au 14 septembre 2025, Gniezno en Pologne, a accueilli le Congr\u00e8s pour la Paix.","robots":{"index":"index","follow":"follow","max-snippet":"max-snippet:-1","max-image-preview":"max-image-preview:large","max-video-preview":"max-video-preview:-1"},"canonical":"https:\/\/www.chemin-neuf.be\/fr\/gniezno\/","og_locale":"fr_FR","og_type":"article","og_title":"Congr\u00e8s pour la Paix \u00e0 Gniezno : Un appel \u00e0 l'unit\u00e9 chr\u00e9tienne - Chemin Neuf Belgique","og_description":"Du 11 au 14 septembre 2025, Gniezno en Pologne, a accueilli le Congr\u00e8s pour la Paix.","og_url":"https:\/\/www.chemin-neuf.be\/fr\/gniezno\/","og_site_name":"Chemin Neuf Belgique","article_published_time":"2025-09-15T05:34:06+00:00","article_modified_time":"2025-10-05T12:08:38+00:00","og_image":[{"width":1280,"height":720,"url":"https:\/\/www.chemin-neuf.be\/wp-content\/uploads\/2025\/09\/httpsdam.chemin-neuf.netwp-contentuploads202509content-1.jpeg","type":"image\/jpeg"}],"author":"adminCCN","twitter_card":"summary_large_image","twitter_misc":{"\u00c9crit par":"adminCCN","Dur\u00e9e de lecture est.":"1 minute"},"schema":{"@context":"https:\/\/schema.org","@graph":[{"@type":"Article","@id":"https:\/\/www.chemin-neuf.be\/fr\/gniezno\/#article","isPartOf":{"@id":"https:\/\/www.chemin-neuf.be\/fr\/gniezno\/"},"author":{"name":"adminCCN","@id":"https:\/\/www.chemin-neuf.be\/fr\/#\/schema\/person\/dbc5bb8de9c07e1728535c32a94f0692"},"headline":"Congr\u00e8s pour la Paix \u00e0 Gniezno : Un appel \u00e0 l&rsquo;unit\u00e9 chr\u00e9tienne","datePublished":"2025-09-15T05:34:06+00:00","dateModified":"2025-10-05T12:08:38+00:00","mainEntityOfPage":{"@id":"https:\/\/www.chemin-neuf.be\/fr\/gniezno\/"},"wordCount":272,"commentCount":0,"image":{"@id":"https:\/\/www.chemin-neuf.be\/fr\/gniezno\/#primaryimage"},"thumbnailUrl":"https:\/\/www.chemin-neuf.be\/wp-content\/uploads\/2025\/09\/httpsdam.chemin-neuf.netwp-contentuploads202509content-1.jpeg","articleSection":["Actualit\u00e9s Internationales"],"inLanguage":"fr-BE","potentialAction":[{"@type":"CommentAction","name":"Comment","target":["https:\/\/www.chemin-neuf.be\/fr\/gniezno\/#respond"]}]},{"@type":"WebPage","@id":"https:\/\/www.chemin-neuf.be\/fr\/gniezno\/","url":"https:\/\/www.chemin-neuf.be\/fr\/gniezno\/","name":"Congr\u00e8s pour la Paix \u00e0 Gniezno : Un appel \u00e0 l'unit\u00e9 chr\u00e9tienne - Chemin Neuf Belgique","isPartOf":{"@id":"https:\/\/www.chemin-neuf.be\/fr\/#website"},"primaryImageOfPage":{"@id":"https:\/\/www.chemin-neuf.be\/fr\/gniezno\/#primaryimage"},"image":{"@id":"https:\/\/www.chemin-neuf.be\/fr\/gniezno\/#primaryimage"},"thumbnailUrl":"https:\/\/www.chemin-neuf.be\/wp-content\/uploads\/2025\/09\/httpsdam.chemin-neuf.netwp-contentuploads202509content-1.jpeg","datePublished":"2025-09-15T05:34:06+00:00","dateModified":"2025-10-05T12:08:38+00:00","author":{"@id":"https:\/\/www.chemin-neuf.be\/fr\/#\/schema\/person\/dbc5bb8de9c07e1728535c32a94f0692"},"description":"Du 11 au 14 septembre 2025, Gniezno en Pologne, a accueilli le Congr\u00e8s pour la Paix.","breadcrumb":{"@id":"https:\/\/www.chemin-neuf.be\/fr\/gniezno\/#breadcrumb"},"inLanguage":"fr-BE","potentialAction":[{"@type":"ReadAction","target":["https:\/\/www.chemin-neuf.be\/fr\/gniezno\/"]}]},{"@type":"ImageObject","inLanguage":"fr-BE","@id":"https:\/\/www.chemin-neuf.be\/fr\/gniezno\/#primaryimage","url":"https:\/\/www.chemin-neuf.be\/wp-content\/uploads\/2025\/09\/httpsdam.chemin-neuf.netwp-contentuploads202509content-1.jpeg","contentUrl":"https:\/\/www.chemin-neuf.be\/wp-content\/uploads\/2025\/09\/httpsdam.chemin-neuf.netwp-contentuploads202509content-1.jpeg","width":1280,"height":720},{"@type":"BreadcrumbList","@id":"https:\/\/www.chemin-neuf.be\/fr\/gniezno\/#breadcrumb","itemListElement":[{"@type":"ListItem","position":1,"name":"Home","item":"https:\/\/www.chemin-neuf.be\/fr\/"},{"@type":"ListItem","position":2,"name":"Congr\u00e8s pour la Paix \u00e0 Gniezno : Un appel \u00e0 l&rsquo;unit\u00e9 chr\u00e9tienne"}]},{"@type":"WebSite","@id":"https:\/\/www.chemin-neuf.be\/fr\/#website","url":"https:\/\/www.chemin-neuf.be\/fr\/","name":"Chemin Neuf Belgique","description":"Communaut\u00e9 du Chemin Neuf en Belgique","potentialAction":[{"@type":"SearchAction","target":{"@type":"EntryPoint","urlTemplate":"https:\/\/www.chemin-neuf.be\/fr\/?s={search_term_string}"},"query-input":{"@type":"PropertyValueSpecification","valueRequired":true,"valueName":"search_term_string"}}],"inLanguage":"fr-BE"},{"@type":"Person","@id":"https:\/\/www.chemin-neuf.be\/fr\/#\/schema\/person\/dbc5bb8de9c07e1728535c32a94f0692","name":"adminCCN","image":{"@type":"ImageObject","inLanguage":"fr-BE","@id":"https:\/\/secure.gravatar.com\/avatar\/87c9485d85e005be0f711778f5d5b8ea68d63bcbf73b1f7b969e7e9c9d9db96f?s=96&d=mm&r=g","url":"https:\/\/secure.gravatar.com\/avatar\/87c9485d85e005be0f711778f5d5b8ea68d63bcbf73b1f7b969e7e9c9d9db96f?s=96&d=mm&r=g","contentUrl":"https:\/\/secure.gravatar.com\/avatar\/87c9485d85e005be0f711778f5d5b8ea68d63bcbf73b1f7b969e7e9c9d9db96f?s=96&d=mm&r=g","caption":"adminCCN"},"sameAs":["https:\/\/www.chemin-neuf.be"]}]}},"_links":{"self":[{"href":"https:\/\/www.chemin-neuf.be\/fr\/wp-json\/wp\/v2\/posts\/69128","targetHints":{"allow":["GET"]}}],"collection":[{"href":"https:\/\/www.chemin-neuf.be\/fr\/wp-json\/wp\/v2\/posts"}],"about":[{"href":"https:\/\/www.chemin-neuf.be\/fr\/wp-json\/wp\/v2\/types\/post"}],"author":[{"embeddable":true,"href":"https:\/\/www.chemin-neuf.be\/fr\/wp-json\/wp\/v2\/users\/1"}],"replies":[{"embeddable":true,"href":"https:\/\/www.chemin-neuf.be\/fr\/wp-json\/wp\/v2\/comments?post=69128"}],"version-history":[{"count":2,"href":"https:\/\/www.chemin-neuf.be\/fr\/wp-json\/wp\/v2\/posts\/69128\/revisions"}],"predecessor-version":[{"id":69142,"href":"https:\/\/www.chemin-neuf.be\/fr\/wp-json\/wp\/v2\/posts\/69128\/revisions\/69142"}],"wp:featuredmedia":[{"embeddable":true,"href":"https:\/\/www.chemin-neuf.be\/fr\/wp-json\/wp\/v2\/media\/69130"}],"wp:attachment":[{"href":"https:\/\/www.chemin-neuf.be\/fr\/wp-json\/wp\/v2\/media?parent=69128"}],"wp:term":[{"taxonomy":"category","embeddable":true,"href":"https:\/\/www.chemin-neuf.be\/fr\/wp-json\/wp\/v2\/categories?post=69128"},{"taxonomy":"post_tag","embeddable":true,"href":"https:\/\/www.chemin-neuf.be\/fr\/wp-json\/wp\/v2\/tags?post=69128"}],"curies":[{"name":"wp","href":"https:\/\/api.w.org\/{rel}","templated":true}]}}