{"id":69124,"date":"2025-09-18T07:25:18","date_gmt":"2025-09-18T05:25:18","guid":{"rendered":"https:\/\/www.chemin-neuf.be\/ete-jeune-2025\/"},"modified":"2025-10-05T14:08:07","modified_gmt":"2025-10-05T12:08:07","slug":"ete-jeune-2025","status":"publish","type":"post","link":"https:\/\/www.chemin-neuf.be\/fr\/ete-jeune-2025\/","title":{"rendered":"L&rsquo;\u00e9t\u00e9 de la Mission Jeune international"},"content":{"rendered":"\n<div style=\"height:20px\" aria-hidden=\"true\" class=\"wp-block-spacer\"><\/div>\n\n\n\n<h4 class=\"wp-block-heading has-beige-background-color has-background\">Le P. Luciano, responsable de la mission Jeune International, nous partage sa relecture de l\u2019\u00e9t\u00e9 2025.<\/h4>\n\n\n\n<p>\u201c<em>L\u2019\u00e9t\u00e9 2025 a \u00e9t\u00e9 plein de b\u00e9n\u00e9dictions pour la mission Chemin Neuf Jeunes International (18-30 ans) en Europe. \u00c0 Hautecombe nous avons propos\u00e9 aux jeunes deux Retraites des Exercices Spirituels, deux semaines de Festival Welcome to Paradise (WTP), un temps pour les Jeunes du Chemin Neuf d\u2019Europe ainsi qu\u2019une belle c\u00e9l\u00e9bration des ordinations avec la pr\u00e9sence du Cardinal Jean-Paul Vesco. Sans parler des semaines de pr\u00e9paration qui permettent aussi de vivre la gr\u00e2ce de la fraternit\u00e9 entre la pri\u00e8re et le service.&nbsp;<\/em><\/p>\n\n\n\n<p><em>Deux nouveaut\u00e9s de cette&nbsp;<\/em><br><em>ann\u00e9e : d\u2019abord le travail de l&rsquo;\u00e9quipe d&rsquo;animation en Anglais pour la deuxi\u00e8me semaine du Festival WTP avec la pr\u00e9sence des jeunes d\u2019autres pays (Pologne, Pays-Bas, Philippines et France) et aussi la \u00ab\u00a0House of Prayer\u00a0\u00bb avec la louange en continu. Des beaux t\u00e9moignages de notre identit\u00e9 communautaire.&nbsp;<\/em><\/p>\n\n\n\n<p><em>Les jeunes t\u00e9moignent de l\u2019importance de toutes ces propositions qui leur permettent d\u2019avoir une v\u00e9ritable rencontre personnelle avec J\u00e9sus \u00e0 travers l\u2019Esprit Saint. AMDG !<\/em>\u201d<\/p>\n\n\n\n<figure class=\"wp-block-embed aligncenter is-type-video is-provider-youtube wp-block-embed-youtube wp-embed-aspect-16-9 wp-has-aspect-ratio\"><div class=\"wp-block-embed__wrapper\">\n<iframe loading=\"lazy\" title=\"Welcome to paradise 2025 | #BEREAL (semaine 2)\" width=\"500\" height=\"281\" src=\"https:\/\/www.youtube.com\/embed\/h3WRCF1Ekis?feature=oembed\" frameborder=\"0\" allow=\"accelerometer; autoplay; clipboard-write; encrypted-media; gyroscope; picture-in-picture; web-share\" referrerpolicy=\"strict-origin-when-cross-origin\" allowfullscreen><\/iframe>\n<\/div><\/figure>\n\n\n\n<div style=\"height:43px\" aria-hidden=\"true\" class=\"wp-block-spacer\"><\/div>\n","protected":false},"excerpt":{"rendered":"<p>Le P. Luciano, responsable de la mission Jeune International, nous partage sa relecture de l\u2019\u00e9t\u00e9 2025.<\/p>\n","protected":false},"author":1,"featured_media":69126,"comment_status":"open","ping_status":"open","sticky":false,"template":"","format":"standard","meta":{"_acf_changed":false,"footnotes":""},"categories":[47],"tags":[],"class_list":["post-69124","post","type-post","status-publish","format-standard","has-post-thumbnail","hentry","category-actualites-internationales-fr"],"acf":[],"yoast_head":"<!-- This site is optimized with the Yoast SEO plugin v27.5 - https:\/\/yoast.com\/product\/yoast-seo-wordpress\/ -->\n<title>L&#039;\u00e9t\u00e9 de la Mission Jeune international - Chemin Neuf Belgique<\/title>\n<meta name=\"description\" content=\"Le P. Luciano, responsable de la mission Jeune International, nous partage sa relecture de l\u2019\u00e9t\u00e9 2025.\" \/>\n<meta name=\"robots\" content=\"index, follow, max-snippet:-1, max-image-preview:large, max-video-preview:-1\" \/>\n<link rel=\"canonical\" href=\"https:\/\/www.chemin-neuf.be\/fr\/ete-jeune-2025\/\" \/>\n<meta property=\"og:locale\" content=\"fr_FR\" \/>\n<meta property=\"og:type\" content=\"article\" \/>\n<meta property=\"og:title\" content=\"L&#039;\u00e9t\u00e9 de la Mission Jeune international - Chemin Neuf Belgique\" \/>\n<meta property=\"og:description\" content=\"Le P. Luciano, responsable de la mission Jeune International, nous partage sa relecture de l\u2019\u00e9t\u00e9 2025.\" \/>\n<meta property=\"og:url\" content=\"https:\/\/www.chemin-neuf.be\/fr\/ete-jeune-2025\/\" \/>\n<meta property=\"og:site_name\" content=\"Chemin Neuf Belgique\" \/>\n<meta property=\"article:published_time\" content=\"2025-09-18T05:25:18+00:00\" \/>\n<meta property=\"article:modified_time\" content=\"2025-10-05T12:08:07+00:00\" \/>\n<meta property=\"og:image\" content=\"https:\/\/www.chemin-neuf.be\/wp-content\/uploads\/2025\/09\/httpsdam.chemin-neuf.netwp-contentuploads202509content.jpeg\" \/>\n\t<meta property=\"og:image:width\" content=\"1280\" \/>\n\t<meta property=\"og:image:height\" content=\"720\" \/>\n\t<meta property=\"og:image:type\" content=\"image\/jpeg\" \/>\n<meta name=\"author\" content=\"adminCCN\" \/>\n<meta name=\"twitter:card\" content=\"summary_large_image\" \/>\n<meta name=\"twitter:label1\" content=\"\u00c9crit par\" \/>\n\t<meta name=\"twitter:data1\" content=\"adminCCN\" \/>\n\t<meta name=\"twitter:label2\" content=\"Dur\u00e9e de lecture est.\" \/>\n\t<meta name=\"twitter:data2\" content=\"1 minute\" \/>\n<script type=\"application\/ld+json\" class=\"yoast-schema-graph\">{\"@context\":\"https:\\\/\\\/schema.org\",\"@graph\":[{\"@type\":\"Article\",\"@id\":\"https:\\\/\\\/www.chemin-neuf.be\\\/fr\\\/ete-jeune-2025\\\/#article\",\"isPartOf\":{\"@id\":\"https:\\\/\\\/www.chemin-neuf.be\\\/fr\\\/ete-jeune-2025\\\/\"},\"author\":{\"name\":\"adminCCN\",\"@id\":\"https:\\\/\\\/www.chemin-neuf.be\\\/fr\\\/#\\\/schema\\\/person\\\/dbc5bb8de9c07e1728535c32a94f0692\"},\"headline\":\"L&rsquo;\u00e9t\u00e9 de la Mission Jeune international\",\"datePublished\":\"2025-09-18T05:25:18+00:00\",\"dateModified\":\"2025-10-05T12:08:07+00:00\",\"mainEntityOfPage\":{\"@id\":\"https:\\\/\\\/www.chemin-neuf.be\\\/fr\\\/ete-jeune-2025\\\/\"},\"wordCount\":216,\"commentCount\":0,\"image\":{\"@id\":\"https:\\\/\\\/www.chemin-neuf.be\\\/fr\\\/ete-jeune-2025\\\/#primaryimage\"},\"thumbnailUrl\":\"https:\\\/\\\/www.chemin-neuf.be\\\/wp-content\\\/uploads\\\/2025\\\/09\\\/httpsdam.chemin-neuf.netwp-contentuploads202509content.jpeg\",\"articleSection\":[\"Actualit\u00e9s Internationales\"],\"inLanguage\":\"fr-BE\",\"potentialAction\":[{\"@type\":\"CommentAction\",\"name\":\"Comment\",\"target\":[\"https:\\\/\\\/www.chemin-neuf.be\\\/fr\\\/ete-jeune-2025\\\/#respond\"]}]},{\"@type\":\"WebPage\",\"@id\":\"https:\\\/\\\/www.chemin-neuf.be\\\/fr\\\/ete-jeune-2025\\\/\",\"url\":\"https:\\\/\\\/www.chemin-neuf.be\\\/fr\\\/ete-jeune-2025\\\/\",\"name\":\"L'\u00e9t\u00e9 de la Mission Jeune international - Chemin Neuf Belgique\",\"isPartOf\":{\"@id\":\"https:\\\/\\\/www.chemin-neuf.be\\\/fr\\\/#website\"},\"primaryImageOfPage\":{\"@id\":\"https:\\\/\\\/www.chemin-neuf.be\\\/fr\\\/ete-jeune-2025\\\/#primaryimage\"},\"image\":{\"@id\":\"https:\\\/\\\/www.chemin-neuf.be\\\/fr\\\/ete-jeune-2025\\\/#primaryimage\"},\"thumbnailUrl\":\"https:\\\/\\\/www.chemin-neuf.be\\\/wp-content\\\/uploads\\\/2025\\\/09\\\/httpsdam.chemin-neuf.netwp-contentuploads202509content.jpeg\",\"datePublished\":\"2025-09-18T05:25:18+00:00\",\"dateModified\":\"2025-10-05T12:08:07+00:00\",\"author\":{\"@id\":\"https:\\\/\\\/www.chemin-neuf.be\\\/fr\\\/#\\\/schema\\\/person\\\/dbc5bb8de9c07e1728535c32a94f0692\"},\"description\":\"Le P. Luciano, responsable de la mission Jeune International, nous partage sa relecture de l\u2019\u00e9t\u00e9 2025.\",\"breadcrumb\":{\"@id\":\"https:\\\/\\\/www.chemin-neuf.be\\\/fr\\\/ete-jeune-2025\\\/#breadcrumb\"},\"inLanguage\":\"fr-BE\",\"potentialAction\":[{\"@type\":\"ReadAction\",\"target\":[\"https:\\\/\\\/www.chemin-neuf.be\\\/fr\\\/ete-jeune-2025\\\/\"]}]},{\"@type\":\"ImageObject\",\"inLanguage\":\"fr-BE\",\"@id\":\"https:\\\/\\\/www.chemin-neuf.be\\\/fr\\\/ete-jeune-2025\\\/#primaryimage\",\"url\":\"https:\\\/\\\/www.chemin-neuf.be\\\/wp-content\\\/uploads\\\/2025\\\/09\\\/httpsdam.chemin-neuf.netwp-contentuploads202509content.jpeg\",\"contentUrl\":\"https:\\\/\\\/www.chemin-neuf.be\\\/wp-content\\\/uploads\\\/2025\\\/09\\\/httpsdam.chemin-neuf.netwp-contentuploads202509content.jpeg\",\"width\":1280,\"height\":720},{\"@type\":\"BreadcrumbList\",\"@id\":\"https:\\\/\\\/www.chemin-neuf.be\\\/fr\\\/ete-jeune-2025\\\/#breadcrumb\",\"itemListElement\":[{\"@type\":\"ListItem\",\"position\":1,\"name\":\"Home\",\"item\":\"https:\\\/\\\/www.chemin-neuf.be\\\/fr\\\/\"},{\"@type\":\"ListItem\",\"position\":2,\"name\":\"L&rsquo;\u00e9t\u00e9 de la Mission Jeune international\"}]},{\"@type\":\"WebSite\",\"@id\":\"https:\\\/\\\/www.chemin-neuf.be\\\/fr\\\/#website\",\"url\":\"https:\\\/\\\/www.chemin-neuf.be\\\/fr\\\/\",\"name\":\"Chemin Neuf Belgique\",\"description\":\"Communaut\u00e9 du Chemin Neuf en Belgique\",\"potentialAction\":[{\"@type\":\"SearchAction\",\"target\":{\"@type\":\"EntryPoint\",\"urlTemplate\":\"https:\\\/\\\/www.chemin-neuf.be\\\/fr\\\/?s={search_term_string}\"},\"query-input\":{\"@type\":\"PropertyValueSpecification\",\"valueRequired\":true,\"valueName\":\"search_term_string\"}}],\"inLanguage\":\"fr-BE\"},{\"@type\":\"Person\",\"@id\":\"https:\\\/\\\/www.chemin-neuf.be\\\/fr\\\/#\\\/schema\\\/person\\\/dbc5bb8de9c07e1728535c32a94f0692\",\"name\":\"adminCCN\",\"image\":{\"@type\":\"ImageObject\",\"inLanguage\":\"fr-BE\",\"@id\":\"https:\\\/\\\/secure.gravatar.com\\\/avatar\\\/87c9485d85e005be0f711778f5d5b8ea68d63bcbf73b1f7b969e7e9c9d9db96f?s=96&d=mm&r=g\",\"url\":\"https:\\\/\\\/secure.gravatar.com\\\/avatar\\\/87c9485d85e005be0f711778f5d5b8ea68d63bcbf73b1f7b969e7e9c9d9db96f?s=96&d=mm&r=g\",\"contentUrl\":\"https:\\\/\\\/secure.gravatar.com\\\/avatar\\\/87c9485d85e005be0f711778f5d5b8ea68d63bcbf73b1f7b969e7e9c9d9db96f?s=96&d=mm&r=g\",\"caption\":\"adminCCN\"},\"sameAs\":[\"https:\\\/\\\/www.chemin-neuf.be\"]}]}<\/script>\n<!-- \/ Yoast SEO plugin. -->","yoast_head_json":{"title":"L'\u00e9t\u00e9 de la Mission Jeune international - Chemin Neuf Belgique","description":"Le P. Luciano, responsable de la mission Jeune International, nous partage sa relecture de l\u2019\u00e9t\u00e9 2025.","robots":{"index":"index","follow":"follow","max-snippet":"max-snippet:-1","max-image-preview":"max-image-preview:large","max-video-preview":"max-video-preview:-1"},"canonical":"https:\/\/www.chemin-neuf.be\/fr\/ete-jeune-2025\/","og_locale":"fr_FR","og_type":"article","og_title":"L'\u00e9t\u00e9 de la Mission Jeune international - Chemin Neuf Belgique","og_description":"Le P. Luciano, responsable de la mission Jeune International, nous partage sa relecture de l\u2019\u00e9t\u00e9 2025.","og_url":"https:\/\/www.chemin-neuf.be\/fr\/ete-jeune-2025\/","og_site_name":"Chemin Neuf Belgique","article_published_time":"2025-09-18T05:25:18+00:00","article_modified_time":"2025-10-05T12:08:07+00:00","og_image":[{"width":1280,"height":720,"url":"https:\/\/www.chemin-neuf.be\/wp-content\/uploads\/2025\/09\/httpsdam.chemin-neuf.netwp-contentuploads202509content.jpeg","type":"image\/jpeg"}],"author":"adminCCN","twitter_card":"summary_large_image","twitter_misc":{"\u00c9crit par":"adminCCN","Dur\u00e9e de lecture est.":"1 minute"},"schema":{"@context":"https:\/\/schema.org","@graph":[{"@type":"Article","@id":"https:\/\/www.chemin-neuf.be\/fr\/ete-jeune-2025\/#article","isPartOf":{"@id":"https:\/\/www.chemin-neuf.be\/fr\/ete-jeune-2025\/"},"author":{"name":"adminCCN","@id":"https:\/\/www.chemin-neuf.be\/fr\/#\/schema\/person\/dbc5bb8de9c07e1728535c32a94f0692"},"headline":"L&rsquo;\u00e9t\u00e9 de la Mission Jeune international","datePublished":"2025-09-18T05:25:18+00:00","dateModified":"2025-10-05T12:08:07+00:00","mainEntityOfPage":{"@id":"https:\/\/www.chemin-neuf.be\/fr\/ete-jeune-2025\/"},"wordCount":216,"commentCount":0,"image":{"@id":"https:\/\/www.chemin-neuf.be\/fr\/ete-jeune-2025\/#primaryimage"},"thumbnailUrl":"https:\/\/www.chemin-neuf.be\/wp-content\/uploads\/2025\/09\/httpsdam.chemin-neuf.netwp-contentuploads202509content.jpeg","articleSection":["Actualit\u00e9s Internationales"],"inLanguage":"fr-BE","potentialAction":[{"@type":"CommentAction","name":"Comment","target":["https:\/\/www.chemin-neuf.be\/fr\/ete-jeune-2025\/#respond"]}]},{"@type":"WebPage","@id":"https:\/\/www.chemin-neuf.be\/fr\/ete-jeune-2025\/","url":"https:\/\/www.chemin-neuf.be\/fr\/ete-jeune-2025\/","name":"L'\u00e9t\u00e9 de la Mission Jeune international - Chemin Neuf Belgique","isPartOf":{"@id":"https:\/\/www.chemin-neuf.be\/fr\/#website"},"primaryImageOfPage":{"@id":"https:\/\/www.chemin-neuf.be\/fr\/ete-jeune-2025\/#primaryimage"},"image":{"@id":"https:\/\/www.chemin-neuf.be\/fr\/ete-jeune-2025\/#primaryimage"},"thumbnailUrl":"https:\/\/www.chemin-neuf.be\/wp-content\/uploads\/2025\/09\/httpsdam.chemin-neuf.netwp-contentuploads202509content.jpeg","datePublished":"2025-09-18T05:25:18+00:00","dateModified":"2025-10-05T12:08:07+00:00","author":{"@id":"https:\/\/www.chemin-neuf.be\/fr\/#\/schema\/person\/dbc5bb8de9c07e1728535c32a94f0692"},"description":"Le P. Luciano, responsable de la mission Jeune International, nous partage sa relecture de l\u2019\u00e9t\u00e9 2025.","breadcrumb":{"@id":"https:\/\/www.chemin-neuf.be\/fr\/ete-jeune-2025\/#breadcrumb"},"inLanguage":"fr-BE","potentialAction":[{"@type":"ReadAction","target":["https:\/\/www.chemin-neuf.be\/fr\/ete-jeune-2025\/"]}]},{"@type":"ImageObject","inLanguage":"fr-BE","@id":"https:\/\/www.chemin-neuf.be\/fr\/ete-jeune-2025\/#primaryimage","url":"https:\/\/www.chemin-neuf.be\/wp-content\/uploads\/2025\/09\/httpsdam.chemin-neuf.netwp-contentuploads202509content.jpeg","contentUrl":"https:\/\/www.chemin-neuf.be\/wp-content\/uploads\/2025\/09\/httpsdam.chemin-neuf.netwp-contentuploads202509content.jpeg","width":1280,"height":720},{"@type":"BreadcrumbList","@id":"https:\/\/www.chemin-neuf.be\/fr\/ete-jeune-2025\/#breadcrumb","itemListElement":[{"@type":"ListItem","position":1,"name":"Home","item":"https:\/\/www.chemin-neuf.be\/fr\/"},{"@type":"ListItem","position":2,"name":"L&rsquo;\u00e9t\u00e9 de la Mission Jeune international"}]},{"@type":"WebSite","@id":"https:\/\/www.chemin-neuf.be\/fr\/#website","url":"https:\/\/www.chemin-neuf.be\/fr\/","name":"Chemin Neuf Belgique","description":"Communaut\u00e9 du Chemin Neuf en Belgique","potentialAction":[{"@type":"SearchAction","target":{"@type":"EntryPoint","urlTemplate":"https:\/\/www.chemin-neuf.be\/fr\/?s={search_term_string}"},"query-input":{"@type":"PropertyValueSpecification","valueRequired":true,"valueName":"search_term_string"}}],"inLanguage":"fr-BE"},{"@type":"Person","@id":"https:\/\/www.chemin-neuf.be\/fr\/#\/schema\/person\/dbc5bb8de9c07e1728535c32a94f0692","name":"adminCCN","image":{"@type":"ImageObject","inLanguage":"fr-BE","@id":"https:\/\/secure.gravatar.com\/avatar\/87c9485d85e005be0f711778f5d5b8ea68d63bcbf73b1f7b969e7e9c9d9db96f?s=96&d=mm&r=g","url":"https:\/\/secure.gravatar.com\/avatar\/87c9485d85e005be0f711778f5d5b8ea68d63bcbf73b1f7b969e7e9c9d9db96f?s=96&d=mm&r=g","contentUrl":"https:\/\/secure.gravatar.com\/avatar\/87c9485d85e005be0f711778f5d5b8ea68d63bcbf73b1f7b969e7e9c9d9db96f?s=96&d=mm&r=g","caption":"adminCCN"},"sameAs":["https:\/\/www.chemin-neuf.be"]}]}},"_links":{"self":[{"href":"https:\/\/www.chemin-neuf.be\/fr\/wp-json\/wp\/v2\/posts\/69124","targetHints":{"allow":["GET"]}}],"collection":[{"href":"https:\/\/www.chemin-neuf.be\/fr\/wp-json\/wp\/v2\/posts"}],"about":[{"href":"https:\/\/www.chemin-neuf.be\/fr\/wp-json\/wp\/v2\/types\/post"}],"author":[{"embeddable":true,"href":"https:\/\/www.chemin-neuf.be\/fr\/wp-json\/wp\/v2\/users\/1"}],"replies":[{"embeddable":true,"href":"https:\/\/www.chemin-neuf.be\/fr\/wp-json\/wp\/v2\/comments?post=69124"}],"version-history":[{"count":2,"href":"https:\/\/www.chemin-neuf.be\/fr\/wp-json\/wp\/v2\/posts\/69124\/revisions"}],"predecessor-version":[{"id":69141,"href":"https:\/\/www.chemin-neuf.be\/fr\/wp-json\/wp\/v2\/posts\/69124\/revisions\/69141"}],"wp:featuredmedia":[{"embeddable":true,"href":"https:\/\/www.chemin-neuf.be\/fr\/wp-json\/wp\/v2\/media\/69126"}],"wp:attachment":[{"href":"https:\/\/www.chemin-neuf.be\/fr\/wp-json\/wp\/v2\/media?parent=69124"}],"wp:term":[{"taxonomy":"category","embeddable":true,"href":"https:\/\/www.chemin-neuf.be\/fr\/wp-json\/wp\/v2\/categories?post=69124"},{"taxonomy":"post_tag","embeddable":true,"href":"https:\/\/www.chemin-neuf.be\/fr\/wp-json\/wp\/v2\/tags?post=69124"}],"curies":[{"name":"wp","href":"https:\/\/api.w.org\/{rel}","templated":true}]}}