{"id":69048,"date":"2025-09-12T11:55:31","date_gmt":"2025-09-12T09:55:31","guid":{"rendered":"https:\/\/www.chemin-neuf.be\/rentree-chemin-neuf-2\/"},"modified":"2025-10-05T15:48:29","modified_gmt":"2025-10-05T13:48:29","slug":"rentree-chemin-neuf-2","status":"publish","type":"post","link":"https:\/\/www.chemin-neuf.be\/fr\/rentree-chemin-neuf-2\/","title":{"rendered":"Rentr\u00e9e des \u00e9tudiants du Chemin Neuf"},"content":{"rendered":"\n<h4 class=\"wp-block-heading has-beige-background-color has-background\">Septembre, c\u2019est aussi la rentr\u00e9e pour les fr\u00e8res et s\u0153urs \u00e9tudiant la philosophie et la th\u00e9ologie dans les universit\u00e9s partenaires de la communaut\u00e9. Ils \u00e9taient r\u00e9unis \u00e0 Montagnieu pour ceux qui \u00e9tudient en France, mais aussi \u00e0 travers le monde : \u00e0 Manille (Philippines), \u00e0 Kinshasa (RDC) ou encore \u00e0 New-York !<\/h4>\n\n\n<div class=\"wp-block-image is-style-rounded\">\n<figure class=\"aligncenter size-full is-resized\"><img decoding=\"async\" src=\"https:\/\/dam.chemin-neuf.net\/wp-content\/uploads\/2025\/09\/WhatsApp-Image-2025-09-26-at-10.36.40-edited.jpeg\" alt=\"\" class=\"wp-image-12393\" style=\"width:150px\"\/><\/figure>\n<\/div>\n\n\n<p>Nina est s\u0153ur consacr\u00e9e et \u00e9tudie pour la deuxi\u00e8me ann\u00e9e la th\u00e9ologie aux Facult\u00e9s Loyola \u00e0 Paris, apr\u00e8s deux ann\u00e9es de philosophie. Elle nous livre son t\u00e9moignage lors de la rentr\u00e9e des \u00e9tudiants \u00e0 Montagnieu (France).<\/p>\n\n\n\n<p><em>\u201cJe commence ma 4\u00e8me ann\u00e9e d\u2019\u00e9tudes. Chaque ann\u00e9e, cette session m\u2019aide \u00e0 me rappeler que ce temps d\u2019\u00e9tudes qui m\u2019est donn\u00e9 est une mission, un appel du Seigneur qui passe par la Communaut\u00e9.<\/em><\/p>\n\n\n\n<p><em>Cette semaine a \u00e9t\u00e9 riche et simple, une \u00ab&nbsp;mini retraite&nbsp;\u00bb \u00e0 la fois personnelle et communautaire. Il y avait des temps personnels, des temps en petits groupes et des temps tous ensemble. C\u2019\u00e9tait un moment spirituel, intellectuel, et communautairement constructif.<\/em><em>Nous avons eu un temps de travail en ateliers avec comme consigne de partir d\u2019une relecture de notre exp\u00e9rience pastorale et d\u2019en tirer des convictions&nbsp;et des questions. Dans le groupe o\u00f9 j\u2019\u00e9tais, c\u2019\u00e9tait impressionnant de voir la diversit\u00e9 de nos exp\u00e9riences pastorales et des questions th\u00e9ologiques, philosophiques, anthropologiques qu\u2019elles suscitent, et de voir des points communs, ou encore comment la conviction, la question de l\u2019un resonne pour les autres.<\/em><\/p>\n\n\n\n<p><em>En outre, nous avons pu partager sur le choix de nos travaux \u00e9crits, les d\u00e9couvertes qu\u2019on en a faites. On m\u2019avait demand\u00e9 de dire quelque chose sur comment j\u2019ai pu travailler des questions que je portais en arrivant aux \u00e9tudes, notamment sur les questions de diversit\u00e9, d\u2019unit\u00e9, de justice. Cet exercice m\u2019a permis de relire mes trois ans d\u2019\u00e9tudes et de voir que ce n\u2019est pas d\u00e9connect\u00e9 de ce que je suis. Les \u00e9tudes m\u2019apprennent \u00e0 mettre des mots sur ce que je pense, je porte, pour pouvoir le d\u00e9fendre, le communiquer, le partager.<\/em><\/p>\n\n\n\n<p><em>Cette session a, par ailleurs, \u00e9t\u00e9 riche en \u00e9changes et en prise de paroles sur des sujets importants pour notre communaut\u00e9 et pour nos \u00e9glises&nbsp;: l\u2019interculturalit\u00e9, la synodalit\u00e9, la figure du pr\u00eatre \u00e0 la CCN, l\u2019accompagnement spirituel, etc.<\/em><\/p>\n\n\n\n<p><a><\/a><em>J\u2019ai \u00e9t\u00e9 marqu\u00e9 par la simplicit\u00e9 et la sinc\u00e9rit\u00e9 des diff\u00e9rentes paroles et de l\u2019\u00e9coute bienveillante de l\u2019assembl\u00e9e. Ce temps de session a \u00ab&nbsp;boost\u00e9&nbsp;\u00bb ma confiance en l\u2019appel du Seigneur pour moi, en ce que communautairement nous portons, et en ce temps de gr\u00e2ce que sont les \u00e9tudes.\u201d<\/em><\/p>\n","protected":false},"excerpt":{"rendered":"<p>Septembre, c\u2019est aussi la rentr\u00e9e pour les fr\u00e8res et s\u0153urs \u00e9tudiant la philosophie et la th\u00e9ologie dans les universit\u00e9s partenaires de la communaut\u00e9. <\/p>\n","protected":false},"author":1,"featured_media":69050,"comment_status":"open","ping_status":"open","sticky":false,"template":"","format":"standard","meta":{"_acf_changed":false,"footnotes":""},"categories":[47],"tags":[121,122,123,124],"class_list":["post-69048","post","type-post","status-publish","format-standard","has-post-thumbnail","hentry","category-actualites-internationales-fr","tag-121","tag-122","tag-123","tag-124"],"acf":[],"yoast_head":"<!-- This site is optimized with the Yoast SEO plugin v27.5 - https:\/\/yoast.com\/product\/yoast-seo-wordpress\/ -->\n<title>Rentr\u00e9e des \u00e9tudiants du Chemin Neuf - Chemin Neuf Belgique<\/title>\n<meta name=\"description\" content=\"Septembre, c\u2019est aussi la rentr\u00e9e pour les fr\u00e8res et s\u0153urs \u00e9tudiant la philosophie et la th\u00e9ologie dans les universit\u00e9s partenaires de la communaut\u00e9.\" \/>\n<meta name=\"robots\" content=\"index, follow, max-snippet:-1, max-image-preview:large, max-video-preview:-1\" \/>\n<link rel=\"canonical\" href=\"https:\/\/www.chemin-neuf.be\/fr\/rentree-chemin-neuf-2\/\" \/>\n<meta property=\"og:locale\" content=\"fr_FR\" \/>\n<meta property=\"og:type\" content=\"article\" \/>\n<meta property=\"og:title\" content=\"Rentr\u00e9e des \u00e9tudiants du Chemin Neuf - Chemin Neuf Belgique\" \/>\n<meta property=\"og:description\" content=\"Septembre, c\u2019est aussi la rentr\u00e9e pour les fr\u00e8res et s\u0153urs \u00e9tudiant la philosophie et la th\u00e9ologie dans les universit\u00e9s partenaires de la communaut\u00e9.\" \/>\n<meta property=\"og:url\" content=\"https:\/\/www.chemin-neuf.be\/fr\/rentree-chemin-neuf-2\/\" \/>\n<meta property=\"og:site_name\" content=\"Chemin Neuf Belgique\" \/>\n<meta property=\"article:published_time\" content=\"2025-09-12T09:55:31+00:00\" \/>\n<meta property=\"article:modified_time\" content=\"2025-10-05T13:48:29+00:00\" \/>\n<meta property=\"og:image\" content=\"https:\/\/www.chemin-neuf.be\/wp-content\/uploads\/2025\/09\/httpsdam.chemin-neuf.netwp-contentuploads202509image-3.jpeg\" \/>\n\t<meta property=\"og:image:width\" content=\"1536\" \/>\n\t<meta property=\"og:image:height\" content=\"2048\" \/>\n\t<meta property=\"og:image:type\" content=\"image\/jpeg\" \/>\n<meta name=\"author\" content=\"adminCCN\" \/>\n<meta name=\"twitter:card\" content=\"summary_large_image\" \/>\n<meta name=\"twitter:label1\" content=\"\u00c9crit par\" \/>\n\t<meta name=\"twitter:data1\" content=\"adminCCN\" \/>\n\t<meta name=\"twitter:label2\" content=\"Dur\u00e9e de lecture est.\" \/>\n\t<meta name=\"twitter:data2\" content=\"2 minutes\" \/>\n<script type=\"application\/ld+json\" class=\"yoast-schema-graph\">{\"@context\":\"https:\\\/\\\/schema.org\",\"@graph\":[{\"@type\":\"Article\",\"@id\":\"https:\\\/\\\/www.chemin-neuf.be\\\/fr\\\/rentree-chemin-neuf-2\\\/#article\",\"isPartOf\":{\"@id\":\"https:\\\/\\\/www.chemin-neuf.be\\\/fr\\\/rentree-chemin-neuf-2\\\/\"},\"author\":{\"name\":\"adminCCN\",\"@id\":\"https:\\\/\\\/www.chemin-neuf.be\\\/fr\\\/#\\\/schema\\\/person\\\/dbc5bb8de9c07e1728535c32a94f0692\"},\"headline\":\"Rentr\u00e9e des \u00e9tudiants du Chemin Neuf\",\"datePublished\":\"2025-09-12T09:55:31+00:00\",\"dateModified\":\"2025-10-05T13:48:29+00:00\",\"mainEntityOfPage\":{\"@id\":\"https:\\\/\\\/www.chemin-neuf.be\\\/fr\\\/rentree-chemin-neuf-2\\\/\"},\"wordCount\":466,\"commentCount\":0,\"image\":{\"@id\":\"https:\\\/\\\/www.chemin-neuf.be\\\/fr\\\/rentree-chemin-neuf-2\\\/#primaryimage\"},\"thumbnailUrl\":\"https:\\\/\\\/www.chemin-neuf.be\\\/wp-content\\\/uploads\\\/2025\\\/09\\\/httpsdam.chemin-neuf.netwp-contentuploads202509image-3.jpeg\",\"keywords\":[\"117\",\"118\",\"119\",\"120\"],\"articleSection\":[\"Actualit\u00e9s Internationales\"],\"inLanguage\":\"fr-BE\",\"potentialAction\":[{\"@type\":\"CommentAction\",\"name\":\"Comment\",\"target\":[\"https:\\\/\\\/www.chemin-neuf.be\\\/fr\\\/rentree-chemin-neuf-2\\\/#respond\"]}]},{\"@type\":\"WebPage\",\"@id\":\"https:\\\/\\\/www.chemin-neuf.be\\\/fr\\\/rentree-chemin-neuf-2\\\/\",\"url\":\"https:\\\/\\\/www.chemin-neuf.be\\\/fr\\\/rentree-chemin-neuf-2\\\/\",\"name\":\"Rentr\u00e9e des \u00e9tudiants du Chemin Neuf - Chemin Neuf Belgique\",\"isPartOf\":{\"@id\":\"https:\\\/\\\/www.chemin-neuf.be\\\/fr\\\/#website\"},\"primaryImageOfPage\":{\"@id\":\"https:\\\/\\\/www.chemin-neuf.be\\\/fr\\\/rentree-chemin-neuf-2\\\/#primaryimage\"},\"image\":{\"@id\":\"https:\\\/\\\/www.chemin-neuf.be\\\/fr\\\/rentree-chemin-neuf-2\\\/#primaryimage\"},\"thumbnailUrl\":\"https:\\\/\\\/www.chemin-neuf.be\\\/wp-content\\\/uploads\\\/2025\\\/09\\\/httpsdam.chemin-neuf.netwp-contentuploads202509image-3.jpeg\",\"datePublished\":\"2025-09-12T09:55:31+00:00\",\"dateModified\":\"2025-10-05T13:48:29+00:00\",\"author\":{\"@id\":\"https:\\\/\\\/www.chemin-neuf.be\\\/fr\\\/#\\\/schema\\\/person\\\/dbc5bb8de9c07e1728535c32a94f0692\"},\"description\":\"Septembre, c\u2019est aussi la rentr\u00e9e pour les fr\u00e8res et s\u0153urs \u00e9tudiant la philosophie et la th\u00e9ologie dans les universit\u00e9s partenaires de la communaut\u00e9.\",\"breadcrumb\":{\"@id\":\"https:\\\/\\\/www.chemin-neuf.be\\\/fr\\\/rentree-chemin-neuf-2\\\/#breadcrumb\"},\"inLanguage\":\"fr-BE\",\"potentialAction\":[{\"@type\":\"ReadAction\",\"target\":[\"https:\\\/\\\/www.chemin-neuf.be\\\/fr\\\/rentree-chemin-neuf-2\\\/\"]}]},{\"@type\":\"ImageObject\",\"inLanguage\":\"fr-BE\",\"@id\":\"https:\\\/\\\/www.chemin-neuf.be\\\/fr\\\/rentree-chemin-neuf-2\\\/#primaryimage\",\"url\":\"https:\\\/\\\/www.chemin-neuf.be\\\/wp-content\\\/uploads\\\/2025\\\/09\\\/httpsdam.chemin-neuf.netwp-contentuploads202509image-3.jpeg\",\"contentUrl\":\"https:\\\/\\\/www.chemin-neuf.be\\\/wp-content\\\/uploads\\\/2025\\\/09\\\/httpsdam.chemin-neuf.netwp-contentuploads202509image-3.jpeg\",\"width\":1536,\"height\":2048},{\"@type\":\"BreadcrumbList\",\"@id\":\"https:\\\/\\\/www.chemin-neuf.be\\\/fr\\\/rentree-chemin-neuf-2\\\/#breadcrumb\",\"itemListElement\":[{\"@type\":\"ListItem\",\"position\":1,\"name\":\"Home\",\"item\":\"https:\\\/\\\/www.chemin-neuf.be\\\/fr\\\/\"},{\"@type\":\"ListItem\",\"position\":2,\"name\":\"Rentr\u00e9e des \u00e9tudiants du Chemin Neuf\"}]},{\"@type\":\"WebSite\",\"@id\":\"https:\\\/\\\/www.chemin-neuf.be\\\/fr\\\/#website\",\"url\":\"https:\\\/\\\/www.chemin-neuf.be\\\/fr\\\/\",\"name\":\"Chemin Neuf Belgique\",\"description\":\"Communaut\u00e9 du Chemin Neuf en Belgique\",\"potentialAction\":[{\"@type\":\"SearchAction\",\"target\":{\"@type\":\"EntryPoint\",\"urlTemplate\":\"https:\\\/\\\/www.chemin-neuf.be\\\/fr\\\/?s={search_term_string}\"},\"query-input\":{\"@type\":\"PropertyValueSpecification\",\"valueRequired\":true,\"valueName\":\"search_term_string\"}}],\"inLanguage\":\"fr-BE\"},{\"@type\":\"Person\",\"@id\":\"https:\\\/\\\/www.chemin-neuf.be\\\/fr\\\/#\\\/schema\\\/person\\\/dbc5bb8de9c07e1728535c32a94f0692\",\"name\":\"adminCCN\",\"image\":{\"@type\":\"ImageObject\",\"inLanguage\":\"fr-BE\",\"@id\":\"https:\\\/\\\/secure.gravatar.com\\\/avatar\\\/87c9485d85e005be0f711778f5d5b8ea68d63bcbf73b1f7b969e7e9c9d9db96f?s=96&d=mm&r=g\",\"url\":\"https:\\\/\\\/secure.gravatar.com\\\/avatar\\\/87c9485d85e005be0f711778f5d5b8ea68d63bcbf73b1f7b969e7e9c9d9db96f?s=96&d=mm&r=g\",\"contentUrl\":\"https:\\\/\\\/secure.gravatar.com\\\/avatar\\\/87c9485d85e005be0f711778f5d5b8ea68d63bcbf73b1f7b969e7e9c9d9db96f?s=96&d=mm&r=g\",\"caption\":\"adminCCN\"},\"sameAs\":[\"https:\\\/\\\/www.chemin-neuf.be\"]}]}<\/script>\n<!-- \/ Yoast SEO plugin. -->","yoast_head_json":{"title":"Rentr\u00e9e des \u00e9tudiants du Chemin Neuf - Chemin Neuf Belgique","description":"Septembre, c\u2019est aussi la rentr\u00e9e pour les fr\u00e8res et s\u0153urs \u00e9tudiant la philosophie et la th\u00e9ologie dans les universit\u00e9s partenaires de la communaut\u00e9.","robots":{"index":"index","follow":"follow","max-snippet":"max-snippet:-1","max-image-preview":"max-image-preview:large","max-video-preview":"max-video-preview:-1"},"canonical":"https:\/\/www.chemin-neuf.be\/fr\/rentree-chemin-neuf-2\/","og_locale":"fr_FR","og_type":"article","og_title":"Rentr\u00e9e des \u00e9tudiants du Chemin Neuf - Chemin Neuf Belgique","og_description":"Septembre, c\u2019est aussi la rentr\u00e9e pour les fr\u00e8res et s\u0153urs \u00e9tudiant la philosophie et la th\u00e9ologie dans les universit\u00e9s partenaires de la communaut\u00e9.","og_url":"https:\/\/www.chemin-neuf.be\/fr\/rentree-chemin-neuf-2\/","og_site_name":"Chemin Neuf Belgique","article_published_time":"2025-09-12T09:55:31+00:00","article_modified_time":"2025-10-05T13:48:29+00:00","og_image":[{"width":1536,"height":2048,"url":"https:\/\/www.chemin-neuf.be\/wp-content\/uploads\/2025\/09\/httpsdam.chemin-neuf.netwp-contentuploads202509image-3.jpeg","type":"image\/jpeg"}],"author":"adminCCN","twitter_card":"summary_large_image","twitter_misc":{"\u00c9crit par":"adminCCN","Dur\u00e9e de lecture est.":"2 minutes"},"schema":{"@context":"https:\/\/schema.org","@graph":[{"@type":"Article","@id":"https:\/\/www.chemin-neuf.be\/fr\/rentree-chemin-neuf-2\/#article","isPartOf":{"@id":"https:\/\/www.chemin-neuf.be\/fr\/rentree-chemin-neuf-2\/"},"author":{"name":"adminCCN","@id":"https:\/\/www.chemin-neuf.be\/fr\/#\/schema\/person\/dbc5bb8de9c07e1728535c32a94f0692"},"headline":"Rentr\u00e9e des \u00e9tudiants du Chemin Neuf","datePublished":"2025-09-12T09:55:31+00:00","dateModified":"2025-10-05T13:48:29+00:00","mainEntityOfPage":{"@id":"https:\/\/www.chemin-neuf.be\/fr\/rentree-chemin-neuf-2\/"},"wordCount":466,"commentCount":0,"image":{"@id":"https:\/\/www.chemin-neuf.be\/fr\/rentree-chemin-neuf-2\/#primaryimage"},"thumbnailUrl":"https:\/\/www.chemin-neuf.be\/wp-content\/uploads\/2025\/09\/httpsdam.chemin-neuf.netwp-contentuploads202509image-3.jpeg","keywords":["117","118","119","120"],"articleSection":["Actualit\u00e9s Internationales"],"inLanguage":"fr-BE","potentialAction":[{"@type":"CommentAction","name":"Comment","target":["https:\/\/www.chemin-neuf.be\/fr\/rentree-chemin-neuf-2\/#respond"]}]},{"@type":"WebPage","@id":"https:\/\/www.chemin-neuf.be\/fr\/rentree-chemin-neuf-2\/","url":"https:\/\/www.chemin-neuf.be\/fr\/rentree-chemin-neuf-2\/","name":"Rentr\u00e9e des \u00e9tudiants du Chemin Neuf - Chemin Neuf Belgique","isPartOf":{"@id":"https:\/\/www.chemin-neuf.be\/fr\/#website"},"primaryImageOfPage":{"@id":"https:\/\/www.chemin-neuf.be\/fr\/rentree-chemin-neuf-2\/#primaryimage"},"image":{"@id":"https:\/\/www.chemin-neuf.be\/fr\/rentree-chemin-neuf-2\/#primaryimage"},"thumbnailUrl":"https:\/\/www.chemin-neuf.be\/wp-content\/uploads\/2025\/09\/httpsdam.chemin-neuf.netwp-contentuploads202509image-3.jpeg","datePublished":"2025-09-12T09:55:31+00:00","dateModified":"2025-10-05T13:48:29+00:00","author":{"@id":"https:\/\/www.chemin-neuf.be\/fr\/#\/schema\/person\/dbc5bb8de9c07e1728535c32a94f0692"},"description":"Septembre, c\u2019est aussi la rentr\u00e9e pour les fr\u00e8res et s\u0153urs \u00e9tudiant la philosophie et la th\u00e9ologie dans les universit\u00e9s partenaires de la communaut\u00e9.","breadcrumb":{"@id":"https:\/\/www.chemin-neuf.be\/fr\/rentree-chemin-neuf-2\/#breadcrumb"},"inLanguage":"fr-BE","potentialAction":[{"@type":"ReadAction","target":["https:\/\/www.chemin-neuf.be\/fr\/rentree-chemin-neuf-2\/"]}]},{"@type":"ImageObject","inLanguage":"fr-BE","@id":"https:\/\/www.chemin-neuf.be\/fr\/rentree-chemin-neuf-2\/#primaryimage","url":"https:\/\/www.chemin-neuf.be\/wp-content\/uploads\/2025\/09\/httpsdam.chemin-neuf.netwp-contentuploads202509image-3.jpeg","contentUrl":"https:\/\/www.chemin-neuf.be\/wp-content\/uploads\/2025\/09\/httpsdam.chemin-neuf.netwp-contentuploads202509image-3.jpeg","width":1536,"height":2048},{"@type":"BreadcrumbList","@id":"https:\/\/www.chemin-neuf.be\/fr\/rentree-chemin-neuf-2\/#breadcrumb","itemListElement":[{"@type":"ListItem","position":1,"name":"Home","item":"https:\/\/www.chemin-neuf.be\/fr\/"},{"@type":"ListItem","position":2,"name":"Rentr\u00e9e des \u00e9tudiants du Chemin Neuf"}]},{"@type":"WebSite","@id":"https:\/\/www.chemin-neuf.be\/fr\/#website","url":"https:\/\/www.chemin-neuf.be\/fr\/","name":"Chemin Neuf Belgique","description":"Communaut\u00e9 du Chemin Neuf en Belgique","potentialAction":[{"@type":"SearchAction","target":{"@type":"EntryPoint","urlTemplate":"https:\/\/www.chemin-neuf.be\/fr\/?s={search_term_string}"},"query-input":{"@type":"PropertyValueSpecification","valueRequired":true,"valueName":"search_term_string"}}],"inLanguage":"fr-BE"},{"@type":"Person","@id":"https:\/\/www.chemin-neuf.be\/fr\/#\/schema\/person\/dbc5bb8de9c07e1728535c32a94f0692","name":"adminCCN","image":{"@type":"ImageObject","inLanguage":"fr-BE","@id":"https:\/\/secure.gravatar.com\/avatar\/87c9485d85e005be0f711778f5d5b8ea68d63bcbf73b1f7b969e7e9c9d9db96f?s=96&d=mm&r=g","url":"https:\/\/secure.gravatar.com\/avatar\/87c9485d85e005be0f711778f5d5b8ea68d63bcbf73b1f7b969e7e9c9d9db96f?s=96&d=mm&r=g","contentUrl":"https:\/\/secure.gravatar.com\/avatar\/87c9485d85e005be0f711778f5d5b8ea68d63bcbf73b1f7b969e7e9c9d9db96f?s=96&d=mm&r=g","caption":"adminCCN"},"sameAs":["https:\/\/www.chemin-neuf.be"]}]}},"_links":{"self":[{"href":"https:\/\/www.chemin-neuf.be\/fr\/wp-json\/wp\/v2\/posts\/69048","targetHints":{"allow":["GET"]}}],"collection":[{"href":"https:\/\/www.chemin-neuf.be\/fr\/wp-json\/wp\/v2\/posts"}],"about":[{"href":"https:\/\/www.chemin-neuf.be\/fr\/wp-json\/wp\/v2\/types\/post"}],"author":[{"embeddable":true,"href":"https:\/\/www.chemin-neuf.be\/fr\/wp-json\/wp\/v2\/users\/1"}],"replies":[{"embeddable":true,"href":"https:\/\/www.chemin-neuf.be\/fr\/wp-json\/wp\/v2\/comments?post=69048"}],"version-history":[{"count":3,"href":"https:\/\/www.chemin-neuf.be\/fr\/wp-json\/wp\/v2\/posts\/69048\/revisions"}],"predecessor-version":[{"id":69145,"href":"https:\/\/www.chemin-neuf.be\/fr\/wp-json\/wp\/v2\/posts\/69048\/revisions\/69145"}],"wp:featuredmedia":[{"embeddable":true,"href":"https:\/\/www.chemin-neuf.be\/fr\/wp-json\/wp\/v2\/media\/69050"}],"wp:attachment":[{"href":"https:\/\/www.chemin-neuf.be\/fr\/wp-json\/wp\/v2\/media?parent=69048"}],"wp:term":[{"taxonomy":"category","embeddable":true,"href":"https:\/\/www.chemin-neuf.be\/fr\/wp-json\/wp\/v2\/categories?post=69048"},{"taxonomy":"post_tag","embeddable":true,"href":"https:\/\/www.chemin-neuf.be\/fr\/wp-json\/wp\/v2\/tags?post=69048"}],"curies":[{"name":"wp","href":"https:\/\/api.w.org\/{rel}","templated":true}]}}