{"id":68893,"date":"2025-09-06T07:57:42","date_gmt":"2025-09-06T05:57:42","guid":{"rendered":"https:\/\/www.chemin-neuf.be\/carlo-acutis-2\/"},"modified":"2025-09-17T16:08:12","modified_gmt":"2025-09-17T14:08:12","slug":"carlo-acutis-2","status":"publish","type":"post","link":"https:\/\/www.chemin-neuf.be\/fr\/carlo-acutis-2\/","title":{"rendered":"Carlo Acutis : un Saint sur le web"},"content":{"rendered":"\n<p class=\"has-beige-background-color has-background\">Le dimanche 7 septembre 2025 a eu lieu la canonisation de Carlo Acutis ainsi que de Pier Giorgio Frassati par le Pape L\u00e9on XIV. Carlo Acutis, jeune figure de saintet\u00e9 est particuli\u00e8rement populaire et a touch\u00e9 des millions de personnes dans le monde. Gabriel Roussineau, pr\u00eatre du Chemin Neuf, et cor\u00e9alisateur du film documentaire Net for God qui lui est consacr\u00e9, nous partage l\u2019impact du t\u00e9moignage de la vie de ce saint.<\/p>\n\n\n\n<h4 class=\"wp-block-heading\">Un mod\u00e8le qui nous pousse \u00e0 imiter davantage le Christ<\/h4>\n\n\n\n<p>Carlo incarne un mod\u00e8le inspirant \u00e0 travers son courage spirituel et sa puret\u00e9 de c\u0153ur.<\/p>\n\n\n\n<p>Ce qui marque Gabriel, \u00ab&nbsp;<em>c\u2019est cet appel \u00e0 la saintet\u00e9 tr\u00e8s jeune. Notamment le lien avec l&rsquo;Eucharistie. Le fait qu&rsquo;\u00e0 partir de sa premi\u00e8re communion, sa vie soit vraiment centr\u00e9e sur l&rsquo;Eucharistie en allant tous les jours \u00e0 la messe.&nbsp;De plus, il y a aussi son lien avec les plus pauvres&nbsp;\u00bb.<\/em><\/p>\n\n\n\n<p>Pour Carlo, en effet, le corps du Christ qu\u2019on voit et qu\u2019on \u00e9l\u00e8ve \u00e0 l\u2019autel, se retrouve dans les pauvres&nbsp;: les deux vont ensemble.<\/p>\n\n\n\n<p>Le jeune Carlo a v\u00e9cu durant les d\u00e9buts de l\u2019\u00e8re num\u00e9rique. Il s\u2019est pris de passion pour le \u00ab&nbsp;net&nbsp;\u00bb et a os\u00e9 lancer, sur ce continent num\u00e9rique, une nouvelle forme d\u2019\u00e9vang\u00e9lisation.<\/p>\n\n\n\n<p>\u00ab&nbsp;<em>Tous naissent comme des originaux, mais beaucoup meurent comme des photocopies&nbsp;<\/em>\u00bb aimait dire ce serviteur de Dieu.<\/p>\n\n\n\n<p>Son message encourage chacun \u00e0 trouver sa couleur unique, ce pourquoi il est fait.<\/p>\n\n\n\n<p>Pour le P\u00e8re Gabriel, c\u2019est une incitation \u00e0 \u00eatre vraiment soi-m\u00eame, et \u00e0 remplir la vocation que le Seigneur donne \u00e0 chacun. <em>\u00ab&nbsp;C\u2019est \u00e7a la saintet\u00e9<\/em>. <em>C\u2019est impressionnant de voir que la saintet\u00e9 est accessible<\/em>&nbsp;\u00bb rajoute-t-il.<\/p>\n\n\n\n<p>Ainsi, son courage spirituel s\u2019incarne \u00e0 travers sa mission d\u2019ap\u00f4tre sur Internet.<\/p>\n\n\n\n<p>Le Pape le cite comme un mod\u00e8le d\u2019une utilisation missionnaire et ajust\u00e9e des r\u00e9seaux sociaux afin de partager le royaume de Dieu.<\/p>\n\n\n\n<p>Cette intuition d\u2019une pr\u00e9sence missionnaire sur le digital est aussi celle de Net for God, r\u00e9seau international de pri\u00e8re port\u00e9 par la Communaut\u00e9 du Chemin Neuf, qui r\u00e9alise des documentaires chr\u00e9tiens depuis le d\u00e9but des ann\u00e9es 2000, ces derniers \u00e9tant diffus\u00e9s par l\u2019interm\u00e9diaire de Youtube.<\/p>\n\n\n\n<h4 class=\"wp-block-heading\">Comment est n\u00e9 le film&nbsp;?<\/h4>\n\n\n\n<p>Ce film est n\u00e9 d\u2019un faisceau convergent de plusieurs intuitions partag\u00e9es au m\u00eame moment. D\u2019abord une demande de plusieurs membres du r\u00e9seau Net For God, ainsi qu\u2019un membre de la communaut\u00e9 touch\u00e9 personnellement par la vie de Carlo.<\/p>\n\n\n\n<p>Ensuite, il y a eu la rencontre avec H\u00e9l\u00e8ne, r\u00e9alisatrice de documentaire qui a eu un coup de c\u0153ur spirituel, en entendant le t\u00e9moignage de ce jeune italien par le cur\u00e9 de sa paroisse. \u00ab&nbsp;<em>Elle a eu tout de suite envie de mettre ses comp\u00e9tences au service de ce projet&nbsp;<\/em>\u00bb nous partage Gabriel. Le cur\u00e9 de la paroisse de Levallois rajoute&nbsp;: \u00ab <em>C<\/em>\u00f4t\u00e9 <em>Net for God, <\/em>o<em>n savait qu\u2019il y avait une b\u00e9atification qui allait arriver pour Carlo Acutis. Et on s\u2019est dit que \u00e7a r\u00e9sonnerait avec un \u00e9v\u00e9nement important pour l\u2019\u00c9glise.<\/em>&nbsp;\u00bb<\/p>\n\n\n\n<figure class=\"wp-block-gallery has-nested-images columns-default is-cropped wp-block-gallery-1 is-layout-flex wp-block-gallery-is-layout-flex\">\n<figure class=\"wp-block-image size-large\"><img decoding=\"async\" data-id=\"12091\" src=\"https:\/\/dam.chemin-neuf.net\/wp-content\/uploads\/2025\/09\/WhatsApp-Image-2025-09-05-at-21.51.46-795x1024.jpeg\" alt=\"\" class=\"wp-image-12091\"\/><figcaption class=\"wp-element-caption\">Canonisation de Carlo Acutis \u00e0 Rome le 7 septembre<\/figcaption><\/figure>\n\n\n\n<figure class=\"wp-block-image size-large\"><img decoding=\"async\" data-id=\"12083\" src=\"https:\/\/dam.chemin-neuf.net\/wp-content\/uploads\/2025\/09\/36f47ac6-53ef-4a9e-a8ef-234762055ed5-767x1024.jpg\" alt=\"\" class=\"wp-image-12083\"\/><figcaption class=\"wp-element-caption\">Canonisation de Carlo Acutis \u00e0 Rome le 7 septembre<\/figcaption><\/figure>\n<\/figure>\n\n\n\n<p>Pour r\u00e9aliser ce projet, une s\u00e9rie de circonstances providentielles a conduit la production du film.<\/p>\n\n\n\n<p>Tout d\u2019abord pour le contexte, l\u2019\u00e9quipe a tourn\u00e9 ce documentaire en janvier-f\u00e9vrier 2020, tout juste avant la crise du Covid, qui a rendu ensuite impossible ce type d\u2019initiative pendant plusieurs mois. \u00ab&nbsp;<em>Si on avait d\u00e9cid\u00e9 de tourner au printemps, c\u2019\u00e9tait foutu. Donc l\u00e0, il y a la providence du temps, du choix du d\u00e9lai<\/em>&nbsp;\u00bb raconte Gabriel.<\/p>\n\n\n\n<p>Ensuite, il y a eu la Providence de la r\u00e9alisatrice H\u00e9l\u00e8ne qui s\u2019est passionn\u00e9e pour la figure de Carlo et qui a port\u00e9 avec ferveur ce projet.<\/p>\n\n\n\n<p>De plus, l\u00e0 o\u00f9 la maman de Carlo est habitu\u00e9e \u00e0 parler de la vie de son fils et \u00e0 en partager son t\u00e9moignage, la parole de son papa est beaucoup plus rare. Or il a accept\u00e9 de parler pour le film alors qu\u2019il ne le d\u00e9sirait pas au d\u00e9part. Gabriel nous explique&nbsp;: \u00ab&nbsp;<em>C\u2019\u00e9tait une des gr\u00e2ces du tournage. C\u2019est tr\u00e8s important qu\u2019on ait pu interviewer le p\u00e8re. Sinon, cela aurait \u00e9t\u00e9 disproportionn\u00e9 par rapport \u00e0 la pr\u00e9sence de la m\u00e8re de Carlo.<\/em>&nbsp;\u00bb<\/p>\n\n\n\n<p>Lors de la sortie du film sur YouTube, le documentaire a connu le plus gros buzz des films Net for God jusqu\u2019\u00e0 pr\u00e9sent enregistr\u00e9. L\u2019\u00e9quipe avait travaill\u00e9 pour sortir le film en cinq langues simultan\u00e9es le 10 octobre 2020&nbsp;: le jour de la b\u00e9atification \u00e0 Assise de Carlo Acutis. Tr\u00e8s peu de films sur Carlo avait \u00e9t\u00e9 r\u00e9alis\u00e9 dans ce format \u00e0 ce moment-l\u00e0.<\/p>\n\n\n\n<p>Le film tirait son originalit\u00e9 des nombreuses archives familiales montrant Carlo s\u2019exprimer. \u00ab&nbsp;<em>Ces photos, ces vid\u00e9os&nbsp;: la famille nous a donn\u00e9 les droits, juste pour ce film. Carlo est une figure de saintet\u00e9 qui para\u00eet tr\u00e8s proche gr\u00e2ce \u00e0 cela.&nbsp;C\u2019est une grande chance et une raison du succ\u00e8s \u00bb <\/em>d\u2019apr\u00e8s le P\u00e8re Gabriel.<\/p>\n\n\n\n<p>De plus c\u2019est extraordinaire et inhabituel de pouvoir voir en vid\u00e9o&nbsp;un saint actuel, pour permettre aux personnes de mieux r\u00e9aliser qui il \u00e9tait et d\u2019\u00eatre davantage touch\u00e9 par sa personnalit\u00e9.<\/p>\n\n\n\n<p>\u00ab&nbsp;<em>Pas longtemps apr\u00e8s, il y a un pr\u00eatre, influenceur mexicain, qui a recommand\u00e9 \u00e0 son r\u00e9seau, je crois que c&rsquo;\u00e9tait sur Instagram, d\u2019aller voir ce film.<\/em><\/p>\n\n\n\n<p><em>Sur la version espagnole, on a vu en deux jours un truc incroyable. C\u2019\u00e9tait vraiment le pic<\/em>&nbsp;\u00bb nous raconte Gabriel Roussineau.<\/p>\n\n\n\n<p>Aujourd\u2019hui, le film compte 2 millions de vues et est traduit dans 17 langues.<\/p>\n\n\n\n<p>Ce documentaire permet de rejoindre les personnes en mettant en lumi\u00e8re la figure de ce jeune italien au c\u0153ur pur.<\/p>\n\n\n\n<figure class=\"wp-block-embed is-type-video is-provider-youtube wp-block-embed-youtube wp-embed-aspect-16-9 wp-has-aspect-ratio\"><div class=\"wp-block-embed__wrapper\">\n<iframe loading=\"lazy\" title=\"Carlo Acutis Missionnaire 2.0\" width=\"500\" height=\"281\" src=\"https:\/\/www.youtube.com\/embed\/0kgkAWaOaq0?feature=oembed\" frameborder=\"0\" allow=\"accelerometer; autoplay; clipboard-write; encrypted-media; gyroscope; picture-in-picture; web-share\" referrerpolicy=\"strict-origin-when-cross-origin\" allowfullscreen><\/iframe>\n<\/div><\/figure>\n\n\n\n<p><\/p>\n","protected":false},"excerpt":{"rendered":"<p>Le dimanche 7 septembre 2025 a eu lieu la canonisation de Carlo Acutis par le Pape L\u00e9on XIV. <\/p>\n","protected":false},"author":1,"featured_media":68898,"comment_status":"open","ping_status":"open","sticky":false,"template":"","format":"standard","meta":{"_acf_changed":false,"footnotes":""},"categories":[47],"tags":[115,116],"class_list":["post-68893","post","type-post","status-publish","format-standard","has-post-thumbnail","hentry","category-actualites-internationales-fr","tag-115","tag-116"],"acf":[],"yoast_head":"<!-- This site is optimized with the Yoast SEO plugin v27.5 - https:\/\/yoast.com\/product\/yoast-seo-wordpress\/ -->\n<title>Carlo Acutis : un Saint sur le web - Chemin Neuf Belgique<\/title>\n<meta name=\"description\" content=\"Le dimanche 7 septembre 2025 a eu lieu la canonisation de Carlo Acutis par le Pape L\u00e9on XIV.\" \/>\n<meta name=\"robots\" content=\"index, follow, max-snippet:-1, max-image-preview:large, max-video-preview:-1\" \/>\n<link rel=\"canonical\" href=\"https:\/\/www.chemin-neuf.be\/fr\/carlo-acutis-2\/\" \/>\n<meta property=\"og:locale\" content=\"fr_FR\" \/>\n<meta property=\"og:type\" content=\"article\" \/>\n<meta property=\"og:title\" content=\"Carlo Acutis : un Saint sur le web - Chemin Neuf Belgique\" \/>\n<meta property=\"og:description\" content=\"Le dimanche 7 septembre 2025 a eu lieu la canonisation de Carlo Acutis par le Pape L\u00e9on XIV.\" \/>\n<meta property=\"og:url\" content=\"https:\/\/www.chemin-neuf.be\/fr\/carlo-acutis-2\/\" \/>\n<meta property=\"og:site_name\" content=\"Chemin Neuf Belgique\" \/>\n<meta property=\"article:published_time\" content=\"2025-09-06T05:57:42+00:00\" \/>\n<meta property=\"article:modified_time\" content=\"2025-09-17T14:08:12+00:00\" \/>\n<meta property=\"og:image\" content=\"https:\/\/www.chemin-neuf.be\/wp-content\/uploads\/2025\/09\/httpsdam.chemin-neuf.netwp-contentuploads202509Design-sans-titre-e1757138748754.jpg\" \/>\n\t<meta property=\"og:image:width\" content=\"827\" \/>\n\t<meta property=\"og:image:height\" content=\"470\" \/>\n\t<meta property=\"og:image:type\" content=\"image\/jpeg\" \/>\n<meta name=\"author\" content=\"adminCCN\" \/>\n<meta name=\"twitter:card\" content=\"summary_large_image\" \/>\n<meta name=\"twitter:label1\" content=\"\u00c9crit par\" \/>\n\t<meta name=\"twitter:data1\" content=\"adminCCN\" \/>\n\t<meta name=\"twitter:label2\" content=\"Dur\u00e9e de lecture est.\" \/>\n\t<meta name=\"twitter:data2\" content=\"5 minutes\" \/>\n<script type=\"application\/ld+json\" class=\"yoast-schema-graph\">{\"@context\":\"https:\\\/\\\/schema.org\",\"@graph\":[{\"@type\":\"Article\",\"@id\":\"https:\\\/\\\/www.chemin-neuf.be\\\/fr\\\/carlo-acutis-2\\\/#article\",\"isPartOf\":{\"@id\":\"https:\\\/\\\/www.chemin-neuf.be\\\/fr\\\/carlo-acutis-2\\\/\"},\"author\":{\"name\":\"adminCCN\",\"@id\":\"https:\\\/\\\/www.chemin-neuf.be\\\/fr\\\/#\\\/schema\\\/person\\\/dbc5bb8de9c07e1728535c32a94f0692\"},\"headline\":\"Carlo Acutis : un Saint sur le web\",\"datePublished\":\"2025-09-06T05:57:42+00:00\",\"dateModified\":\"2025-09-17T14:08:12+00:00\",\"mainEntityOfPage\":{\"@id\":\"https:\\\/\\\/www.chemin-neuf.be\\\/fr\\\/carlo-acutis-2\\\/\"},\"wordCount\":1046,\"commentCount\":0,\"image\":{\"@id\":\"https:\\\/\\\/www.chemin-neuf.be\\\/fr\\\/carlo-acutis-2\\\/#primaryimage\"},\"thumbnailUrl\":\"https:\\\/\\\/www.chemin-neuf.be\\\/wp-content\\\/uploads\\\/2025\\\/09\\\/httpsdam.chemin-neuf.netwp-contentuploads202509Design-sans-titre-e1757138748754.jpg\",\"keywords\":[\"113\",\"114\"],\"articleSection\":[\"Actualit\u00e9s Internationales\"],\"inLanguage\":\"fr-BE\",\"potentialAction\":[{\"@type\":\"CommentAction\",\"name\":\"Comment\",\"target\":[\"https:\\\/\\\/www.chemin-neuf.be\\\/fr\\\/carlo-acutis-2\\\/#respond\"]}]},{\"@type\":\"WebPage\",\"@id\":\"https:\\\/\\\/www.chemin-neuf.be\\\/fr\\\/carlo-acutis-2\\\/\",\"url\":\"https:\\\/\\\/www.chemin-neuf.be\\\/fr\\\/carlo-acutis-2\\\/\",\"name\":\"Carlo Acutis : un Saint sur le web - Chemin Neuf Belgique\",\"isPartOf\":{\"@id\":\"https:\\\/\\\/www.chemin-neuf.be\\\/fr\\\/#website\"},\"primaryImageOfPage\":{\"@id\":\"https:\\\/\\\/www.chemin-neuf.be\\\/fr\\\/carlo-acutis-2\\\/#primaryimage\"},\"image\":{\"@id\":\"https:\\\/\\\/www.chemin-neuf.be\\\/fr\\\/carlo-acutis-2\\\/#primaryimage\"},\"thumbnailUrl\":\"https:\\\/\\\/www.chemin-neuf.be\\\/wp-content\\\/uploads\\\/2025\\\/09\\\/httpsdam.chemin-neuf.netwp-contentuploads202509Design-sans-titre-e1757138748754.jpg\",\"datePublished\":\"2025-09-06T05:57:42+00:00\",\"dateModified\":\"2025-09-17T14:08:12+00:00\",\"author\":{\"@id\":\"https:\\\/\\\/www.chemin-neuf.be\\\/fr\\\/#\\\/schema\\\/person\\\/dbc5bb8de9c07e1728535c32a94f0692\"},\"description\":\"Le dimanche 7 septembre 2025 a eu lieu la canonisation de Carlo Acutis par le Pape L\u00e9on XIV.\",\"breadcrumb\":{\"@id\":\"https:\\\/\\\/www.chemin-neuf.be\\\/fr\\\/carlo-acutis-2\\\/#breadcrumb\"},\"inLanguage\":\"fr-BE\",\"potentialAction\":[{\"@type\":\"ReadAction\",\"target\":[\"https:\\\/\\\/www.chemin-neuf.be\\\/fr\\\/carlo-acutis-2\\\/\"]}]},{\"@type\":\"ImageObject\",\"inLanguage\":\"fr-BE\",\"@id\":\"https:\\\/\\\/www.chemin-neuf.be\\\/fr\\\/carlo-acutis-2\\\/#primaryimage\",\"url\":\"https:\\\/\\\/www.chemin-neuf.be\\\/wp-content\\\/uploads\\\/2025\\\/09\\\/httpsdam.chemin-neuf.netwp-contentuploads202509Design-sans-titre-e1757138748754.jpg\",\"contentUrl\":\"https:\\\/\\\/www.chemin-neuf.be\\\/wp-content\\\/uploads\\\/2025\\\/09\\\/httpsdam.chemin-neuf.netwp-contentuploads202509Design-sans-titre-e1757138748754.jpg\",\"width\":827,\"height\":470},{\"@type\":\"BreadcrumbList\",\"@id\":\"https:\\\/\\\/www.chemin-neuf.be\\\/fr\\\/carlo-acutis-2\\\/#breadcrumb\",\"itemListElement\":[{\"@type\":\"ListItem\",\"position\":1,\"name\":\"Home\",\"item\":\"https:\\\/\\\/www.chemin-neuf.be\\\/fr\\\/\"},{\"@type\":\"ListItem\",\"position\":2,\"name\":\"Carlo Acutis : un Saint sur le web\"}]},{\"@type\":\"WebSite\",\"@id\":\"https:\\\/\\\/www.chemin-neuf.be\\\/fr\\\/#website\",\"url\":\"https:\\\/\\\/www.chemin-neuf.be\\\/fr\\\/\",\"name\":\"Chemin Neuf Belgique\",\"description\":\"Communaut\u00e9 du Chemin Neuf en Belgique\",\"potentialAction\":[{\"@type\":\"SearchAction\",\"target\":{\"@type\":\"EntryPoint\",\"urlTemplate\":\"https:\\\/\\\/www.chemin-neuf.be\\\/fr\\\/?s={search_term_string}\"},\"query-input\":{\"@type\":\"PropertyValueSpecification\",\"valueRequired\":true,\"valueName\":\"search_term_string\"}}],\"inLanguage\":\"fr-BE\"},{\"@type\":\"Person\",\"@id\":\"https:\\\/\\\/www.chemin-neuf.be\\\/fr\\\/#\\\/schema\\\/person\\\/dbc5bb8de9c07e1728535c32a94f0692\",\"name\":\"adminCCN\",\"image\":{\"@type\":\"ImageObject\",\"inLanguage\":\"fr-BE\",\"@id\":\"https:\\\/\\\/secure.gravatar.com\\\/avatar\\\/87c9485d85e005be0f711778f5d5b8ea68d63bcbf73b1f7b969e7e9c9d9db96f?s=96&d=mm&r=g\",\"url\":\"https:\\\/\\\/secure.gravatar.com\\\/avatar\\\/87c9485d85e005be0f711778f5d5b8ea68d63bcbf73b1f7b969e7e9c9d9db96f?s=96&d=mm&r=g\",\"contentUrl\":\"https:\\\/\\\/secure.gravatar.com\\\/avatar\\\/87c9485d85e005be0f711778f5d5b8ea68d63bcbf73b1f7b969e7e9c9d9db96f?s=96&d=mm&r=g\",\"caption\":\"adminCCN\"},\"sameAs\":[\"https:\\\/\\\/www.chemin-neuf.be\"]}]}<\/script>\n<!-- \/ Yoast SEO plugin. -->","yoast_head_json":{"title":"Carlo Acutis : un Saint sur le web - Chemin Neuf Belgique","description":"Le dimanche 7 septembre 2025 a eu lieu la canonisation de Carlo Acutis par le Pape L\u00e9on XIV.","robots":{"index":"index","follow":"follow","max-snippet":"max-snippet:-1","max-image-preview":"max-image-preview:large","max-video-preview":"max-video-preview:-1"},"canonical":"https:\/\/www.chemin-neuf.be\/fr\/carlo-acutis-2\/","og_locale":"fr_FR","og_type":"article","og_title":"Carlo Acutis : un Saint sur le web - Chemin Neuf Belgique","og_description":"Le dimanche 7 septembre 2025 a eu lieu la canonisation de Carlo Acutis par le Pape L\u00e9on XIV.","og_url":"https:\/\/www.chemin-neuf.be\/fr\/carlo-acutis-2\/","og_site_name":"Chemin Neuf Belgique","article_published_time":"2025-09-06T05:57:42+00:00","article_modified_time":"2025-09-17T14:08:12+00:00","og_image":[{"width":827,"height":470,"url":"https:\/\/www.chemin-neuf.be\/wp-content\/uploads\/2025\/09\/httpsdam.chemin-neuf.netwp-contentuploads202509Design-sans-titre-e1757138748754.jpg","type":"image\/jpeg"}],"author":"adminCCN","twitter_card":"summary_large_image","twitter_misc":{"\u00c9crit par":"adminCCN","Dur\u00e9e de lecture est.":"5 minutes"},"schema":{"@context":"https:\/\/schema.org","@graph":[{"@type":"Article","@id":"https:\/\/www.chemin-neuf.be\/fr\/carlo-acutis-2\/#article","isPartOf":{"@id":"https:\/\/www.chemin-neuf.be\/fr\/carlo-acutis-2\/"},"author":{"name":"adminCCN","@id":"https:\/\/www.chemin-neuf.be\/fr\/#\/schema\/person\/dbc5bb8de9c07e1728535c32a94f0692"},"headline":"Carlo Acutis : un Saint sur le web","datePublished":"2025-09-06T05:57:42+00:00","dateModified":"2025-09-17T14:08:12+00:00","mainEntityOfPage":{"@id":"https:\/\/www.chemin-neuf.be\/fr\/carlo-acutis-2\/"},"wordCount":1046,"commentCount":0,"image":{"@id":"https:\/\/www.chemin-neuf.be\/fr\/carlo-acutis-2\/#primaryimage"},"thumbnailUrl":"https:\/\/www.chemin-neuf.be\/wp-content\/uploads\/2025\/09\/httpsdam.chemin-neuf.netwp-contentuploads202509Design-sans-titre-e1757138748754.jpg","keywords":["113","114"],"articleSection":["Actualit\u00e9s Internationales"],"inLanguage":"fr-BE","potentialAction":[{"@type":"CommentAction","name":"Comment","target":["https:\/\/www.chemin-neuf.be\/fr\/carlo-acutis-2\/#respond"]}]},{"@type":"WebPage","@id":"https:\/\/www.chemin-neuf.be\/fr\/carlo-acutis-2\/","url":"https:\/\/www.chemin-neuf.be\/fr\/carlo-acutis-2\/","name":"Carlo Acutis : un Saint sur le web - Chemin Neuf Belgique","isPartOf":{"@id":"https:\/\/www.chemin-neuf.be\/fr\/#website"},"primaryImageOfPage":{"@id":"https:\/\/www.chemin-neuf.be\/fr\/carlo-acutis-2\/#primaryimage"},"image":{"@id":"https:\/\/www.chemin-neuf.be\/fr\/carlo-acutis-2\/#primaryimage"},"thumbnailUrl":"https:\/\/www.chemin-neuf.be\/wp-content\/uploads\/2025\/09\/httpsdam.chemin-neuf.netwp-contentuploads202509Design-sans-titre-e1757138748754.jpg","datePublished":"2025-09-06T05:57:42+00:00","dateModified":"2025-09-17T14:08:12+00:00","author":{"@id":"https:\/\/www.chemin-neuf.be\/fr\/#\/schema\/person\/dbc5bb8de9c07e1728535c32a94f0692"},"description":"Le dimanche 7 septembre 2025 a eu lieu la canonisation de Carlo Acutis par le Pape L\u00e9on XIV.","breadcrumb":{"@id":"https:\/\/www.chemin-neuf.be\/fr\/carlo-acutis-2\/#breadcrumb"},"inLanguage":"fr-BE","potentialAction":[{"@type":"ReadAction","target":["https:\/\/www.chemin-neuf.be\/fr\/carlo-acutis-2\/"]}]},{"@type":"ImageObject","inLanguage":"fr-BE","@id":"https:\/\/www.chemin-neuf.be\/fr\/carlo-acutis-2\/#primaryimage","url":"https:\/\/www.chemin-neuf.be\/wp-content\/uploads\/2025\/09\/httpsdam.chemin-neuf.netwp-contentuploads202509Design-sans-titre-e1757138748754.jpg","contentUrl":"https:\/\/www.chemin-neuf.be\/wp-content\/uploads\/2025\/09\/httpsdam.chemin-neuf.netwp-contentuploads202509Design-sans-titre-e1757138748754.jpg","width":827,"height":470},{"@type":"BreadcrumbList","@id":"https:\/\/www.chemin-neuf.be\/fr\/carlo-acutis-2\/#breadcrumb","itemListElement":[{"@type":"ListItem","position":1,"name":"Home","item":"https:\/\/www.chemin-neuf.be\/fr\/"},{"@type":"ListItem","position":2,"name":"Carlo Acutis : un Saint sur le web"}]},{"@type":"WebSite","@id":"https:\/\/www.chemin-neuf.be\/fr\/#website","url":"https:\/\/www.chemin-neuf.be\/fr\/","name":"Chemin Neuf Belgique","description":"Communaut\u00e9 du Chemin Neuf en Belgique","potentialAction":[{"@type":"SearchAction","target":{"@type":"EntryPoint","urlTemplate":"https:\/\/www.chemin-neuf.be\/fr\/?s={search_term_string}"},"query-input":{"@type":"PropertyValueSpecification","valueRequired":true,"valueName":"search_term_string"}}],"inLanguage":"fr-BE"},{"@type":"Person","@id":"https:\/\/www.chemin-neuf.be\/fr\/#\/schema\/person\/dbc5bb8de9c07e1728535c32a94f0692","name":"adminCCN","image":{"@type":"ImageObject","inLanguage":"fr-BE","@id":"https:\/\/secure.gravatar.com\/avatar\/87c9485d85e005be0f711778f5d5b8ea68d63bcbf73b1f7b969e7e9c9d9db96f?s=96&d=mm&r=g","url":"https:\/\/secure.gravatar.com\/avatar\/87c9485d85e005be0f711778f5d5b8ea68d63bcbf73b1f7b969e7e9c9d9db96f?s=96&d=mm&r=g","contentUrl":"https:\/\/secure.gravatar.com\/avatar\/87c9485d85e005be0f711778f5d5b8ea68d63bcbf73b1f7b969e7e9c9d9db96f?s=96&d=mm&r=g","caption":"adminCCN"},"sameAs":["https:\/\/www.chemin-neuf.be"]}]}},"_links":{"self":[{"href":"https:\/\/www.chemin-neuf.be\/fr\/wp-json\/wp\/v2\/posts\/68893","targetHints":{"allow":["GET"]}}],"collection":[{"href":"https:\/\/www.chemin-neuf.be\/fr\/wp-json\/wp\/v2\/posts"}],"about":[{"href":"https:\/\/www.chemin-neuf.be\/fr\/wp-json\/wp\/v2\/types\/post"}],"author":[{"embeddable":true,"href":"https:\/\/www.chemin-neuf.be\/fr\/wp-json\/wp\/v2\/users\/1"}],"replies":[{"embeddable":true,"href":"https:\/\/www.chemin-neuf.be\/fr\/wp-json\/wp\/v2\/comments?post=68893"}],"version-history":[{"count":5,"href":"https:\/\/www.chemin-neuf.be\/fr\/wp-json\/wp\/v2\/posts\/68893\/revisions"}],"predecessor-version":[{"id":68910,"href":"https:\/\/www.chemin-neuf.be\/fr\/wp-json\/wp\/v2\/posts\/68893\/revisions\/68910"}],"wp:featuredmedia":[{"embeddable":true,"href":"https:\/\/www.chemin-neuf.be\/fr\/wp-json\/wp\/v2\/media\/68898"}],"wp:attachment":[{"href":"https:\/\/www.chemin-neuf.be\/fr\/wp-json\/wp\/v2\/media?parent=68893"}],"wp:term":[{"taxonomy":"category","embeddable":true,"href":"https:\/\/www.chemin-neuf.be\/fr\/wp-json\/wp\/v2\/categories?post=68893"},{"taxonomy":"post_tag","embeddable":true,"href":"https:\/\/www.chemin-neuf.be\/fr\/wp-json\/wp\/v2\/tags?post=68893"}],"curies":[{"name":"wp","href":"https:\/\/api.w.org\/{rel}","templated":true}]}}