{"id":66015,"date":"2024-10-03T10:10:21","date_gmt":"2024-10-03T08:10:21","guid":{"rendered":"https:\/\/www.chemin-neuf.be\/office-de-priere-en-lien-avec-le-peuple-juif-du-jeudi-3-octobre-2024\/"},"modified":"2024-10-03T10:10:21","modified_gmt":"2024-10-03T08:10:21","slug":"office-de-priere-en-lien-avec-le-peuple-juif-du-jeudi-3-octobre-2024","status":"publish","type":"post","link":"https:\/\/www.chemin-neuf.be\/fr\/office-de-priere-en-lien-avec-le-peuple-juif-du-jeudi-3-octobre-2024\/","title":{"rendered":"Office de pri\u00e8re en lien avec le peuple juif du jeudi 3 octobre 2024"},"content":{"rendered":"\n<p>\u200d<\/p>\n\n\n\n<div class=\"wp-block-columns alignwide are-vertically-aligned-center is-style-restricted-width is-layout-flex wp-container-core-columns-is-layout-9d6595d7 wp-block-columns-is-layout-flex\">\n<div class=\"wp-block-column is-vertically-aligned-center is-layout-flow wp-block-column-is-layout-flow\" style=\"flex-basis:100%\">\n<h1 class=\"wp-block-heading has-text-align-center has-black-color has-orange-background-color has-text-color has-background has-large-font-size\" style=\"letter-spacing:2px\"><strong>Les f\u00eates d&rsquo;automne<\/strong><\/h1>\n<\/div>\n<\/div>\n\n\n\n<div style=\"height:22px\" aria-hidden=\"true\" class=\"wp-block-spacer\"><\/div>\n\n\n\n<div class=\"wp-block-columns alignwide are-vertically-aligned-center is-layout-flex wp-container-core-columns-is-layout-9d6595d7 wp-block-columns-is-layout-flex\">\n<div class=\"wp-block-column is-vertically-aligned-center is-layout-flow wp-block-column-is-layout-flow\" style=\"flex-basis:100%\">\n<p class=\"has-beige-background-color has-background\" style=\"line-height:2\">Les f\u00eates d\u2019automne auront lieu cette ann\u00e9e du 3 au 25 octobre.<br>Cette p\u00e9riode des f\u00eates juives d\u2019automne est marqu\u00e9e par le Nouvel An juif (Roch Hachana) et le jour du Grand Pardon (Yom Kippour). C&rsquo;est l\u2019occasion pour nous, chr\u00e9tiens, de nous rappeler le lien spirituel fort et unique avec le peuple juif.<br>\u00ab\u00a0Le Dieu vrai garde son Alliance et sa fid\u00e9lit\u00e9\u00a0\u00bb<br>Ce verset dit tout l\u2019enjeu de cette \u00ab Convocation d\u2019automne \u00bb du peuple juif (L\u00e9vitique 23). Isra\u00ebl est \u00ab convoqu\u00e9 \u00bb par Dieu pour se tenir devant LUI, le vrai et seul DIEU, pour rendre compte du respect qu\u2019il a eu pendant l\u2019ann\u00e9e \u00e9coul\u00e9e de l\u2019Alliance conclue avec Lui au Sina\u00ef.<br>ROSH HACHANA, le nouvel an juif, ouvre \u00e0 un jugement : s\u00fbr de la fid\u00e9lit\u00e9 de Dieu et de sa mis\u00e9ricorde, chacun va pouvoir passer en revue son ann\u00e9e pass\u00e9e et demander pardon pour ses transgressions de l\u2019Alliance en priant \u00ab\u00a0notre P\u00e8re, notre Roi, prends piti\u00e9 de notre faiblesse\u2026.\u00a0\u00bb<br>C&rsquo;est alors qu&rsquo;au dixi\u00e8me jour, \u00e0 KIPPOUR, apr\u00e8s 25 heures de je\u00fbne et de supplications, la Parole divine peut descendre sur la Communaut\u00e9 : \u00ab\u00a0vous \u00eates pardonn\u00e9s !\u00a0\u00bb Oui, Dieu est fid\u00e8le pour qui se tourne vers LUI ! Et c\u2019est alors la joie de vivre dans la soukka, dans \u00ab les bras de Dieu \u00bb. La cabane est petite, avec un toit de feuillage, pour se souvenir de ces quarante ann\u00e9es dans le d\u00e9sert o\u00f9 Dieu seul \u00e9tait leur protection.<br>Cette joie explosera au huiti\u00e8me jour de Soukkot, lors de la f\u00eate de Simhat Torah, en chants et en danses autour des rouleaux de la TORAH, \u00ab\u00a0Oui leur Dieu est bien Le Dieu vrai qui garde son Alliance et sa fid\u00e9lit\u00e9 ! \u00ab\u00a0<br>ROSH HACHANA, KIPPOUR, SOUKKOT, SIMAT TORAH : ces f\u00eates peuvent \u00eatre l\u2019occasion pour nous chr\u00e9tiens de reprendre conscience que nous avons \u00e9t\u00e9 greff\u00e9s en J\u00e9sus Christ sur cette Alliance unique, jamais r\u00e9voqu\u00e9e et toujours nouvelle.<\/p>\n<\/div>\n<\/div>\n\n\n\n<div style=\"height:9px\" aria-hidden=\"true\" class=\"wp-block-spacer\"><\/div>\n\n\n\n<div class=\"wp-block-columns alignwide are-vertically-aligned-center is-layout-flex wp-container-core-columns-is-layout-9d6595d7 wp-block-columns-is-layout-flex\">\n<div class=\"wp-block-column is-vertically-aligned-center is-layout-flow wp-block-column-is-layout-flow\" style=\"flex-basis:100%\"><\/div>\n<\/div>\n\n\n\n<div style=\"height:41px\" aria-hidden=\"true\" class=\"wp-block-spacer\"><\/div>\n\n\n\n<h2 class=\"wp-block-heading alignwide has-text-align-center has-large-font-size\"><strong>Intercessions<\/strong><\/h2>\n\n\n\n<div style=\"height:45px\" aria-hidden=\"true\" class=\"wp-block-spacer\"><\/div>\n\n\n\n<p><strong>R. Amen, amen, b\u00e9ni soit le Dieu d\u2019Isra\u00ebl&nbsp;!<\/strong><\/p>\n\n\n\n<div style=\"height:22px\" aria-hidden=\"true\" class=\"wp-block-spacer\"><\/div>\n\n\n\n<div class=\"wp-block-columns is-layout-flex wp-container-core-columns-is-layout-9d6595d7 wp-block-columns-is-layout-flex\">\n<div class=\"wp-block-column is-layout-flow wp-block-column-is-layout-flow\">\n<ol class=\"wp-block-list has-gray-background-color has-background\">\n<li style=\"line-height:2\">P\u00e8re tr\u00e8s aimant, Dieu d\u2019Abraham, d\u2019Isaac et de Jacob,<br>toi qui as pleur\u00e9 la violence entre Ca\u00efn et Abel,<br>nous te prions pour la paix au Proche-Orient,<br>nous te prions pour tous les peuples qui habitent cette terre o\u00f9 tu as choisi de nous rejoindre dans notre humanit\u00e9.<\/li>\n<\/ol>\n<\/div>\n\n\n\n<div class=\"wp-block-column is-layout-flow wp-block-column-is-layout-flow\">\n<ol start=\"2\" class=\"wp-block-list has-beige-background-color has-background\">\n<li style=\"line-height:2\">P\u00e8re tr\u00e8s aimant, Dieu d\u2019Abraham, d\u2019Isaac et de Jacob,<br>toi qui as rendu possible la r\u00e9conciliation entre Joseph et ses fr\u00e8res,<br>pour tout m\u00e9pris \u00e0 l\u2019\u00e9gard de ton peuple Isra\u00ebl, pardonne-nous.<br>(silence.)<br>Nous te prions, P\u00e8re, de faire grandir la fraternit\u00e9<br>entre le peuple juif et les nations.<\/li>\n<\/ol>\n<\/div>\n<\/div>\n\n\n\n<div class=\"wp-block-columns is-layout-flex wp-container-core-columns-is-layout-9d6595d7 wp-block-columns-is-layout-flex\">\n<div class=\"wp-block-column is-layout-flow wp-block-column-is-layout-flow\">\n<ol start=\"3\" class=\"wp-block-list\">\n<li style=\"line-height:2\">P\u00e8re tr\u00e8s aimant, Dieu d\u2019Abraham, d\u2019Isaac et de Jacob,<br>toi qui as fait sortir Isra\u00ebl de l\u2019\u00c9gypte et lui as rendu la libert\u00e9,<br>donne ta joie au peuple juif<br>et garde le fid\u00e8le \u00e0 ton Alliance.<\/li>\n<\/ol>\n<\/div>\n\n\n\n<div class=\"wp-block-column is-layout-flow wp-block-column-is-layout-flow\">\n<ol start=\"4\" class=\"wp-block-list has-gray-background-color has-background\">\n<li style=\"line-height:2\">P\u00e8re tr\u00e8s aimant, Dieu d\u2019Abraham, d\u2019Isaac et de Jacob,<br>toi qui as uni les douze tribus d\u2019Isra\u00ebl autour de la Torah,<br>donne la paix aux juifs croyants en J\u00e9sus.<\/li>\n<\/ol>\n<\/div>\n<\/div>\n\n\n\n<div class=\"wp-block-columns is-layout-flex wp-container-core-columns-is-layout-9d6595d7 wp-block-columns-is-layout-flex\">\n<div class=\"wp-block-column is-layout-flow wp-block-column-is-layout-flow\">\n<ol start=\"5\" class=\"wp-block-list has-beige-background-color has-background\">\n<li style=\"line-height:2\">P\u00e8re tr\u00e8s aimant, Dieu d\u2019Abraham, d\u2019Isaac et de Jacob,<br>Toi qui as envoy\u00e9 ton Fils J\u00e9sus pour nous sauver,<br>fais reposer ta b\u00e9n\u00e9diction<br>sur les chr\u00e9tiens qui sont d\u2019origine juive.<\/li>\n<\/ol>\n<\/div>\n\n\n\n<div class=\"wp-block-column is-layout-flow wp-block-column-is-layout-flow\">\n<ol start=\"6\" class=\"wp-block-list has-white-background-color has-background\">\n<li style=\"line-height:2\">P\u00e8re tr\u00e8s aimant, Dieu d\u2019Abraham, d\u2019Isaac et de Jacob,<br>P\u00e8re de J\u00e9sus Christ,<br>toi qui as donn\u00e9 ton Fils bien aim\u00e9 pour que tous soient un,<br>rassemble dans l\u2019unit\u00e9 toutes les \u00c9glises chr\u00e9tiennes.<\/li>\n<\/ol>\n<\/div>\n<\/div>\n\n\n\n<div class=\"wp-block-columns is-layout-flex wp-container-core-columns-is-layout-9d6595d7 wp-block-columns-is-layout-flex\">\n<div class=\"wp-block-column is-layout-flow wp-block-column-is-layout-flow\">\n<ol start=\"7\" class=\"wp-block-list has-gray-background-color has-background\">\n<li style=\"line-height:2\">P\u00e8re tr\u00e8s aimant, Dieu d\u2019Abraham, d\u2019Isaac et de Jacob,<br>toi qui as promis au peuple juif la venue du Messie,<br>toi qui as promis \u00e0 l\u2019\u00c9glise le retour de ton fils.<br>Nous te louons et nous disons dans l\u2019Esprit saint : \u00ab Maranatha, viens Seigneur ! \u00bb<\/li>\n<\/ol>\n<\/div>\n\n\n\n<div class=\"wp-block-column is-layout-flow wp-block-column-is-layout-flow\"><\/div>\n<\/div>\n\n\n\n<div style=\"height:21px\" aria-hidden=\"true\" class=\"wp-block-spacer\"><\/div>\n\n\n\n<div class=\"wp-block-columns alignwide are-vertically-aligned-center has-white-background-color has-background is-layout-flex wp-container-core-columns-is-layout-9d6595d7 wp-block-columns-is-layout-flex\">\n<div class=\"wp-block-column is-vertically-aligned-center is-layout-flow wp-block-column-is-layout-flow\" style=\"flex-basis:90%\">\n<div class=\"wp-block-buttons is-horizontal is-content-justification-center is-layout-flex wp-container-core-buttons-is-layout-499968f5 wp-block-buttons-is-layout-flex\">\n<div class=\"wp-block-button has-custom-font-size has-large-font-size\"><a class=\"wp-block-button__link has-orange-background-color has-background wp-element-button\" href=\"https:\/\/drive.google.com\/file\/d\/1YD74m72v-RMwYjBMHQZbdjPtabuGKqOA\/view?usp=sharing\" target=\"_blank\" rel=\"noreferrer noopener\"><strong>T\u00c9L\u00c9CHARGER L&rsquo;OFFICE DE PRI\u00c8RE<\/strong><\/a><\/div>\n<\/div>\n<\/div>\n<\/div>\n\n\n\n<p><\/p>\n","protected":false},"excerpt":{"rendered":"<p>Les f\u00eates de l&rsquo;automne<\/p>\n","protected":false},"author":1,"featured_media":66016,"comment_status":"open","ping_status":"open","sticky":false,"template":"","format":"standard","meta":{"_acf_changed":false,"footnotes":""},"categories":[50],"tags":[77,94,98],"class_list":["post-66015","post","type-post","status-publish","format-standard","has-post-thumbnail","hentry","category-offices-pour-lunite-en-lien-avec-le-peuple-juif-fr","tag-77","tag-94","tag-98"],"acf":[],"yoast_head":"<!-- This site is optimized with the Yoast SEO plugin v27.5 - https:\/\/yoast.com\/product\/yoast-seo-wordpress\/ -->\n<title>Office de pri\u00e8re en lien avec le peuple juif du jeudi 3 octobre 2024 - Chemin Neuf Belgique<\/title>\n<meta name=\"description\" content=\"Les f\u00eates de l&#039;automne\" \/>\n<meta name=\"robots\" content=\"index, follow, max-snippet:-1, max-image-preview:large, max-video-preview:-1\" \/>\n<link rel=\"canonical\" href=\"https:\/\/www.chemin-neuf.be\/fr\/office-de-priere-en-lien-avec-le-peuple-juif-du-jeudi-3-octobre-2024\/\" \/>\n<meta property=\"og:locale\" content=\"fr_FR\" \/>\n<meta property=\"og:type\" content=\"article\" \/>\n<meta property=\"og:title\" content=\"Office de pri\u00e8re en lien avec le peuple juif du jeudi 3 octobre 2024 - Chemin Neuf Belgique\" \/>\n<meta property=\"og:description\" content=\"Les f\u00eates de l&#039;automne\" \/>\n<meta property=\"og:url\" content=\"https:\/\/www.chemin-neuf.be\/fr\/office-de-priere-en-lien-avec-le-peuple-juif-du-jeudi-3-octobre-2024\/\" \/>\n<meta property=\"og:site_name\" content=\"Chemin Neuf Belgique\" \/>\n<meta property=\"article:published_time\" content=\"2024-10-03T08:10:21+00:00\" \/>\n<meta name=\"author\" content=\"adminCCN\" \/>\n<meta name=\"twitter:card\" content=\"summary_large_image\" \/>\n<meta name=\"twitter:label1\" content=\"\u00c9crit par\" \/>\n\t<meta name=\"twitter:data1\" content=\"adminCCN\" \/>\n\t<meta name=\"twitter:label2\" content=\"Dur\u00e9e de lecture est.\" \/>\n\t<meta name=\"twitter:data2\" content=\"3 minutes\" \/>\n<script type=\"application\/ld+json\" class=\"yoast-schema-graph\">{\"@context\":\"https:\\\/\\\/schema.org\",\"@graph\":[{\"@type\":\"Article\",\"@id\":\"https:\\\/\\\/www.chemin-neuf.be\\\/fr\\\/office-de-priere-en-lien-avec-le-peuple-juif-du-jeudi-3-octobre-2024\\\/#article\",\"isPartOf\":{\"@id\":\"https:\\\/\\\/www.chemin-neuf.be\\\/fr\\\/office-de-priere-en-lien-avec-le-peuple-juif-du-jeudi-3-octobre-2024\\\/\"},\"author\":{\"name\":\"adminCCN\",\"@id\":\"https:\\\/\\\/www.chemin-neuf.be\\\/fr\\\/#\\\/schema\\\/person\\\/dbc5bb8de9c07e1728535c32a94f0692\"},\"headline\":\"Office de pri\u00e8re en lien avec le peuple juif du jeudi 3 octobre 2024\",\"datePublished\":\"2024-10-03T08:10:21+00:00\",\"mainEntityOfPage\":{\"@id\":\"https:\\\/\\\/www.chemin-neuf.be\\\/fr\\\/office-de-priere-en-lien-avec-le-peuple-juif-du-jeudi-3-octobre-2024\\\/\"},\"wordCount\":702,\"commentCount\":0,\"image\":{\"@id\":\"https:\\\/\\\/www.chemin-neuf.be\\\/fr\\\/office-de-priere-en-lien-avec-le-peuple-juif-du-jeudi-3-octobre-2024\\\/#primaryimage\"},\"thumbnailUrl\":\"https:\\\/\\\/www.chemin-neuf.be\\\/wp-content\\\/uploads\\\/2024\\\/10\\\/httpsdam.chemin-neuf.netwp-contentuploads202410httpswww.chemin-neuf.frwp-contentuploads202110torah-4299038_1280.jpg\",\"keywords\":[\"73\",\"90\",\"97\"],\"articleSection\":[\"Offices pour l\u2019unit\u00e9 en lien avec le peuple juif\"],\"inLanguage\":\"fr-BE\",\"potentialAction\":[{\"@type\":\"CommentAction\",\"name\":\"Comment\",\"target\":[\"https:\\\/\\\/www.chemin-neuf.be\\\/fr\\\/office-de-priere-en-lien-avec-le-peuple-juif-du-jeudi-3-octobre-2024\\\/#respond\"]}]},{\"@type\":\"WebPage\",\"@id\":\"https:\\\/\\\/www.chemin-neuf.be\\\/fr\\\/office-de-priere-en-lien-avec-le-peuple-juif-du-jeudi-3-octobre-2024\\\/\",\"url\":\"https:\\\/\\\/www.chemin-neuf.be\\\/fr\\\/office-de-priere-en-lien-avec-le-peuple-juif-du-jeudi-3-octobre-2024\\\/\",\"name\":\"Office de pri\u00e8re en lien avec le peuple juif du jeudi 3 octobre 2024 - Chemin Neuf Belgique\",\"isPartOf\":{\"@id\":\"https:\\\/\\\/www.chemin-neuf.be\\\/fr\\\/#website\"},\"primaryImageOfPage\":{\"@id\":\"https:\\\/\\\/www.chemin-neuf.be\\\/fr\\\/office-de-priere-en-lien-avec-le-peuple-juif-du-jeudi-3-octobre-2024\\\/#primaryimage\"},\"image\":{\"@id\":\"https:\\\/\\\/www.chemin-neuf.be\\\/fr\\\/office-de-priere-en-lien-avec-le-peuple-juif-du-jeudi-3-octobre-2024\\\/#primaryimage\"},\"thumbnailUrl\":\"https:\\\/\\\/www.chemin-neuf.be\\\/wp-content\\\/uploads\\\/2024\\\/10\\\/httpsdam.chemin-neuf.netwp-contentuploads202410httpswww.chemin-neuf.frwp-contentuploads202110torah-4299038_1280.jpg\",\"datePublished\":\"2024-10-03T08:10:21+00:00\",\"author\":{\"@id\":\"https:\\\/\\\/www.chemin-neuf.be\\\/fr\\\/#\\\/schema\\\/person\\\/dbc5bb8de9c07e1728535c32a94f0692\"},\"description\":\"Les f\u00eates de l'automne\",\"breadcrumb\":{\"@id\":\"https:\\\/\\\/www.chemin-neuf.be\\\/fr\\\/office-de-priere-en-lien-avec-le-peuple-juif-du-jeudi-3-octobre-2024\\\/#breadcrumb\"},\"inLanguage\":\"fr-BE\",\"potentialAction\":[{\"@type\":\"ReadAction\",\"target\":[\"https:\\\/\\\/www.chemin-neuf.be\\\/fr\\\/office-de-priere-en-lien-avec-le-peuple-juif-du-jeudi-3-octobre-2024\\\/\"]}]},{\"@type\":\"ImageObject\",\"inLanguage\":\"fr-BE\",\"@id\":\"https:\\\/\\\/www.chemin-neuf.be\\\/fr\\\/office-de-priere-en-lien-avec-le-peuple-juif-du-jeudi-3-octobre-2024\\\/#primaryimage\",\"url\":\"https:\\\/\\\/www.chemin-neuf.be\\\/wp-content\\\/uploads\\\/2024\\\/10\\\/httpsdam.chemin-neuf.netwp-contentuploads202410httpswww.chemin-neuf.frwp-contentuploads202110torah-4299038_1280.jpg\",\"contentUrl\":\"https:\\\/\\\/www.chemin-neuf.be\\\/wp-content\\\/uploads\\\/2024\\\/10\\\/httpsdam.chemin-neuf.netwp-contentuploads202410httpswww.chemin-neuf.frwp-contentuploads202110torah-4299038_1280.jpg\",\"width\":1280,\"height\":853},{\"@type\":\"BreadcrumbList\",\"@id\":\"https:\\\/\\\/www.chemin-neuf.be\\\/fr\\\/office-de-priere-en-lien-avec-le-peuple-juif-du-jeudi-3-octobre-2024\\\/#breadcrumb\",\"itemListElement\":[{\"@type\":\"ListItem\",\"position\":1,\"name\":\"Home\",\"item\":\"https:\\\/\\\/www.chemin-neuf.be\\\/fr\\\/\"},{\"@type\":\"ListItem\",\"position\":2,\"name\":\"Office de pri\u00e8re en lien avec le peuple juif du jeudi 3 octobre 2024\"}]},{\"@type\":\"WebSite\",\"@id\":\"https:\\\/\\\/www.chemin-neuf.be\\\/fr\\\/#website\",\"url\":\"https:\\\/\\\/www.chemin-neuf.be\\\/fr\\\/\",\"name\":\"Chemin Neuf Belgique\",\"description\":\"Communaut\u00e9 du Chemin Neuf en Belgique\",\"potentialAction\":[{\"@type\":\"SearchAction\",\"target\":{\"@type\":\"EntryPoint\",\"urlTemplate\":\"https:\\\/\\\/www.chemin-neuf.be\\\/fr\\\/?s={search_term_string}\"},\"query-input\":{\"@type\":\"PropertyValueSpecification\",\"valueRequired\":true,\"valueName\":\"search_term_string\"}}],\"inLanguage\":\"fr-BE\"},{\"@type\":\"Person\",\"@id\":\"https:\\\/\\\/www.chemin-neuf.be\\\/fr\\\/#\\\/schema\\\/person\\\/dbc5bb8de9c07e1728535c32a94f0692\",\"name\":\"adminCCN\",\"image\":{\"@type\":\"ImageObject\",\"inLanguage\":\"fr-BE\",\"@id\":\"https:\\\/\\\/secure.gravatar.com\\\/avatar\\\/87c9485d85e005be0f711778f5d5b8ea68d63bcbf73b1f7b969e7e9c9d9db96f?s=96&d=mm&r=g\",\"url\":\"https:\\\/\\\/secure.gravatar.com\\\/avatar\\\/87c9485d85e005be0f711778f5d5b8ea68d63bcbf73b1f7b969e7e9c9d9db96f?s=96&d=mm&r=g\",\"contentUrl\":\"https:\\\/\\\/secure.gravatar.com\\\/avatar\\\/87c9485d85e005be0f711778f5d5b8ea68d63bcbf73b1f7b969e7e9c9d9db96f?s=96&d=mm&r=g\",\"caption\":\"adminCCN\"},\"sameAs\":[\"https:\\\/\\\/www.chemin-neuf.be\"]}]}<\/script>\n<!-- \/ Yoast SEO plugin. -->","yoast_head_json":{"title":"Office de pri\u00e8re en lien avec le peuple juif du jeudi 3 octobre 2024 - Chemin Neuf Belgique","description":"Les f\u00eates de l'automne","robots":{"index":"index","follow":"follow","max-snippet":"max-snippet:-1","max-image-preview":"max-image-preview:large","max-video-preview":"max-video-preview:-1"},"canonical":"https:\/\/www.chemin-neuf.be\/fr\/office-de-priere-en-lien-avec-le-peuple-juif-du-jeudi-3-octobre-2024\/","og_locale":"fr_FR","og_type":"article","og_title":"Office de pri\u00e8re en lien avec le peuple juif du jeudi 3 octobre 2024 - Chemin Neuf Belgique","og_description":"Les f\u00eates de l'automne","og_url":"https:\/\/www.chemin-neuf.be\/fr\/office-de-priere-en-lien-avec-le-peuple-juif-du-jeudi-3-octobre-2024\/","og_site_name":"Chemin Neuf Belgique","article_published_time":"2024-10-03T08:10:21+00:00","author":"adminCCN","twitter_card":"summary_large_image","twitter_misc":{"\u00c9crit par":"adminCCN","Dur\u00e9e de lecture est.":"3 minutes"},"schema":{"@context":"https:\/\/schema.org","@graph":[{"@type":"Article","@id":"https:\/\/www.chemin-neuf.be\/fr\/office-de-priere-en-lien-avec-le-peuple-juif-du-jeudi-3-octobre-2024\/#article","isPartOf":{"@id":"https:\/\/www.chemin-neuf.be\/fr\/office-de-priere-en-lien-avec-le-peuple-juif-du-jeudi-3-octobre-2024\/"},"author":{"name":"adminCCN","@id":"https:\/\/www.chemin-neuf.be\/fr\/#\/schema\/person\/dbc5bb8de9c07e1728535c32a94f0692"},"headline":"Office de pri\u00e8re en lien avec le peuple juif du jeudi 3 octobre 2024","datePublished":"2024-10-03T08:10:21+00:00","mainEntityOfPage":{"@id":"https:\/\/www.chemin-neuf.be\/fr\/office-de-priere-en-lien-avec-le-peuple-juif-du-jeudi-3-octobre-2024\/"},"wordCount":702,"commentCount":0,"image":{"@id":"https:\/\/www.chemin-neuf.be\/fr\/office-de-priere-en-lien-avec-le-peuple-juif-du-jeudi-3-octobre-2024\/#primaryimage"},"thumbnailUrl":"https:\/\/www.chemin-neuf.be\/wp-content\/uploads\/2024\/10\/httpsdam.chemin-neuf.netwp-contentuploads202410httpswww.chemin-neuf.frwp-contentuploads202110torah-4299038_1280.jpg","keywords":["73","90","97"],"articleSection":["Offices pour l\u2019unit\u00e9 en lien avec le peuple juif"],"inLanguage":"fr-BE","potentialAction":[{"@type":"CommentAction","name":"Comment","target":["https:\/\/www.chemin-neuf.be\/fr\/office-de-priere-en-lien-avec-le-peuple-juif-du-jeudi-3-octobre-2024\/#respond"]}]},{"@type":"WebPage","@id":"https:\/\/www.chemin-neuf.be\/fr\/office-de-priere-en-lien-avec-le-peuple-juif-du-jeudi-3-octobre-2024\/","url":"https:\/\/www.chemin-neuf.be\/fr\/office-de-priere-en-lien-avec-le-peuple-juif-du-jeudi-3-octobre-2024\/","name":"Office de pri\u00e8re en lien avec le peuple juif du jeudi 3 octobre 2024 - Chemin Neuf Belgique","isPartOf":{"@id":"https:\/\/www.chemin-neuf.be\/fr\/#website"},"primaryImageOfPage":{"@id":"https:\/\/www.chemin-neuf.be\/fr\/office-de-priere-en-lien-avec-le-peuple-juif-du-jeudi-3-octobre-2024\/#primaryimage"},"image":{"@id":"https:\/\/www.chemin-neuf.be\/fr\/office-de-priere-en-lien-avec-le-peuple-juif-du-jeudi-3-octobre-2024\/#primaryimage"},"thumbnailUrl":"https:\/\/www.chemin-neuf.be\/wp-content\/uploads\/2024\/10\/httpsdam.chemin-neuf.netwp-contentuploads202410httpswww.chemin-neuf.frwp-contentuploads202110torah-4299038_1280.jpg","datePublished":"2024-10-03T08:10:21+00:00","author":{"@id":"https:\/\/www.chemin-neuf.be\/fr\/#\/schema\/person\/dbc5bb8de9c07e1728535c32a94f0692"},"description":"Les f\u00eates de l'automne","breadcrumb":{"@id":"https:\/\/www.chemin-neuf.be\/fr\/office-de-priere-en-lien-avec-le-peuple-juif-du-jeudi-3-octobre-2024\/#breadcrumb"},"inLanguage":"fr-BE","potentialAction":[{"@type":"ReadAction","target":["https:\/\/www.chemin-neuf.be\/fr\/office-de-priere-en-lien-avec-le-peuple-juif-du-jeudi-3-octobre-2024\/"]}]},{"@type":"ImageObject","inLanguage":"fr-BE","@id":"https:\/\/www.chemin-neuf.be\/fr\/office-de-priere-en-lien-avec-le-peuple-juif-du-jeudi-3-octobre-2024\/#primaryimage","url":"https:\/\/www.chemin-neuf.be\/wp-content\/uploads\/2024\/10\/httpsdam.chemin-neuf.netwp-contentuploads202410httpswww.chemin-neuf.frwp-contentuploads202110torah-4299038_1280.jpg","contentUrl":"https:\/\/www.chemin-neuf.be\/wp-content\/uploads\/2024\/10\/httpsdam.chemin-neuf.netwp-contentuploads202410httpswww.chemin-neuf.frwp-contentuploads202110torah-4299038_1280.jpg","width":1280,"height":853},{"@type":"BreadcrumbList","@id":"https:\/\/www.chemin-neuf.be\/fr\/office-de-priere-en-lien-avec-le-peuple-juif-du-jeudi-3-octobre-2024\/#breadcrumb","itemListElement":[{"@type":"ListItem","position":1,"name":"Home","item":"https:\/\/www.chemin-neuf.be\/fr\/"},{"@type":"ListItem","position":2,"name":"Office de pri\u00e8re en lien avec le peuple juif du jeudi 3 octobre 2024"}]},{"@type":"WebSite","@id":"https:\/\/www.chemin-neuf.be\/fr\/#website","url":"https:\/\/www.chemin-neuf.be\/fr\/","name":"Chemin Neuf Belgique","description":"Communaut\u00e9 du Chemin Neuf en Belgique","potentialAction":[{"@type":"SearchAction","target":{"@type":"EntryPoint","urlTemplate":"https:\/\/www.chemin-neuf.be\/fr\/?s={search_term_string}"},"query-input":{"@type":"PropertyValueSpecification","valueRequired":true,"valueName":"search_term_string"}}],"inLanguage":"fr-BE"},{"@type":"Person","@id":"https:\/\/www.chemin-neuf.be\/fr\/#\/schema\/person\/dbc5bb8de9c07e1728535c32a94f0692","name":"adminCCN","image":{"@type":"ImageObject","inLanguage":"fr-BE","@id":"https:\/\/secure.gravatar.com\/avatar\/87c9485d85e005be0f711778f5d5b8ea68d63bcbf73b1f7b969e7e9c9d9db96f?s=96&d=mm&r=g","url":"https:\/\/secure.gravatar.com\/avatar\/87c9485d85e005be0f711778f5d5b8ea68d63bcbf73b1f7b969e7e9c9d9db96f?s=96&d=mm&r=g","contentUrl":"https:\/\/secure.gravatar.com\/avatar\/87c9485d85e005be0f711778f5d5b8ea68d63bcbf73b1f7b969e7e9c9d9db96f?s=96&d=mm&r=g","caption":"adminCCN"},"sameAs":["https:\/\/www.chemin-neuf.be"]}]}},"_links":{"self":[{"href":"https:\/\/www.chemin-neuf.be\/fr\/wp-json\/wp\/v2\/posts\/66015","targetHints":{"allow":["GET"]}}],"collection":[{"href":"https:\/\/www.chemin-neuf.be\/fr\/wp-json\/wp\/v2\/posts"}],"about":[{"href":"https:\/\/www.chemin-neuf.be\/fr\/wp-json\/wp\/v2\/types\/post"}],"author":[{"embeddable":true,"href":"https:\/\/www.chemin-neuf.be\/fr\/wp-json\/wp\/v2\/users\/1"}],"replies":[{"embeddable":true,"href":"https:\/\/www.chemin-neuf.be\/fr\/wp-json\/wp\/v2\/comments?post=66015"}],"version-history":[{"count":0,"href":"https:\/\/www.chemin-neuf.be\/fr\/wp-json\/wp\/v2\/posts\/66015\/revisions"}],"wp:featuredmedia":[{"embeddable":true,"href":"https:\/\/www.chemin-neuf.be\/fr\/wp-json\/wp\/v2\/media\/66016"}],"wp:attachment":[{"href":"https:\/\/www.chemin-neuf.be\/fr\/wp-json\/wp\/v2\/media?parent=66015"}],"wp:term":[{"taxonomy":"category","embeddable":true,"href":"https:\/\/www.chemin-neuf.be\/fr\/wp-json\/wp\/v2\/categories?post=66015"},{"taxonomy":"post_tag","embeddable":true,"href":"https:\/\/www.chemin-neuf.be\/fr\/wp-json\/wp\/v2\/tags?post=66015"}],"curies":[{"name":"wp","href":"https:\/\/api.w.org\/{rel}","templated":true}]}}