{"id":65992,"date":"2023-09-27T10:05:55","date_gmt":"2023-09-27T08:05:55","guid":{"rendered":"https:\/\/www.chemin-neuf.be\/at-the-crossing-2\/"},"modified":"2023-09-27T10:05:55","modified_gmt":"2023-09-27T08:05:55","slug":"at-the-crossing-2","status":"publish","type":"post","link":"https:\/\/www.chemin-neuf.be\/fr\/at-the-crossing-2\/","title":{"rendered":"La Communaut\u00e9 At the Crossing \u00e0 New-York"},"content":{"rendered":"\n<div style=\"height:49px\" aria-hidden=\"true\" class=\"wp-block-spacer\"><\/div>\n\n\n\n<div class=\"wp-block-columns is-layout-flex wp-container-core-columns-is-layout-9d6595d7 wp-block-columns-is-layout-flex\">\n<div class=\"wp-block-column is-layout-flow wp-block-column-is-layout-flow\">\n<div class=\"wp-block-media-text alignwide has-media-on-the-right is-stacked-on-mobile\" style=\"grid-template-columns:auto 39%\"><div class=\"wp-block-media-text__content\">\n<p>Apr\u00e8s plus d&rsquo;un an de pr\u00e9paration, la cath\u00e9drale \u00e9piscopalienne St. John the Divine \u00e0 New York a c\u00e9l\u00e9br\u00e9 ce 24 septembre le lancement d&rsquo;un nouveau programme \u0153cum\u00e9nique pour les jeunes, la Communaut\u00e9 \u00ab\u00a0at the Crossing\u00a0\u00bb, anim\u00e9e par la Communaut\u00e9 du Chemin Neuf. <\/p>\n\n\n\n<p>Des jeunes venus de tous les horizons \u00e9ccl\u00e9siaux ou g\u00e9ographiques se sont engag\u00e9s pour une ann\u00e9e de formation, de pri\u00e8re, de service aux plus d\u00e9munis, en pr\u00e9sence notamment de l&rsquo;archev\u00eaque de Canterbury, Monseigneur Justin Welby<\/p>\n<\/div><figure class=\"wp-block-media-text__media\"><img decoding=\"async\" src=\"https:\/\/www.chemin-neuf.fr\/wp-content\/uploads\/2023\/09\/DSC_0497-1024x681.jpg\" alt=\"\" class=\"wp-image-113561 size-full\"\/><\/figure><\/div>\n<\/div>\n<\/div>\n\n\n\n<div class=\"wp-block-columns is-layout-flex wp-container-core-columns-is-layout-9d6595d7 wp-block-columns-is-layout-flex\">\n<div class=\"wp-block-column is-layout-flow wp-block-column-is-layout-flow\">\n<figure class=\"wp-block-embed is-type-video is-provider-youtube wp-block-embed-youtube wp-embed-aspect-16-9 wp-has-aspect-ratio\"><div class=\"wp-block-embed__wrapper\">\n<iframe loading=\"lazy\" title=\"Reception &amp; Vesting of the members of the Community At the Crossing\" width=\"500\" height=\"281\" src=\"https:\/\/www.youtube.com\/embed\/jjuu6XGC1Sk?feature=oembed\" frameborder=\"0\" allow=\"accelerometer; autoplay; clipboard-write; encrypted-media; gyroscope; picture-in-picture; web-share\" referrerpolicy=\"strict-origin-when-cross-origin\" allowfullscreen><\/iframe>\n<\/div><figcaption class=\"wp-element-caption\">Les temps forts de la c\u00e9l\u00e9bration du 24 septembre<\/figcaption><\/figure>\n<\/div>\n\n\n\n<div class=\"wp-block-column is-layout-flow wp-block-column-is-layout-flow\">\n<figure class=\"wp-block-embed is-type-video is-provider-youtube wp-block-embed-youtube wp-embed-aspect-16-9 wp-has-aspect-ratio\"><div class=\"wp-block-embed__wrapper\">\n<iframe loading=\"lazy\" title=\"What Is the Community at the Crossing\" width=\"500\" height=\"281\" src=\"https:\/\/www.youtube.com\/embed\/P4hldzl4FCY?feature=oembed\" frameborder=\"0\" allow=\"accelerometer; autoplay; clipboard-write; encrypted-media; gyroscope; picture-in-picture; web-share\" referrerpolicy=\"strict-origin-when-cross-origin\" allowfullscreen><\/iframe>\n<\/div><figcaption class=\"wp-element-caption\">Pr\u00e9sentation du programme<\/figcaption><\/figure>\n<\/div>\n<\/div>\n\n\n\n<div style=\"height:20px\" aria-hidden=\"true\" class=\"wp-block-spacer\"><\/div>\n","protected":false},"excerpt":{"rendered":"<p>D\u00e9marrage de la communaut\u00e9 At the Crossing \u00e0 New-York<\/p>\n","protected":false},"author":1,"featured_media":65993,"comment_status":"open","ping_status":"open","sticky":false,"template":"","format":"standard","meta":{"_acf_changed":false,"footnotes":""},"categories":[47],"tags":[86,87],"class_list":["post-65992","post","type-post","status-publish","format-standard","has-post-thumbnail","hentry","category-actualites-internationales-fr","tag-etudiant","tag-new-york"],"acf":[],"yoast_head":"<!-- This site is optimized with the Yoast SEO plugin v27.5 - https:\/\/yoast.com\/product\/yoast-seo-wordpress\/ -->\n<title>La Communaut\u00e9 At the Crossing \u00e0 New-York - Chemin Neuf Belgique<\/title>\n<meta name=\"description\" content=\"D\u00e9marrage de la communaut\u00e9 At the Crossing \u00e0 New-York\" \/>\n<meta name=\"robots\" content=\"index, follow, max-snippet:-1, max-image-preview:large, max-video-preview:-1\" \/>\n<link rel=\"canonical\" href=\"https:\/\/www.chemin-neuf.be\/fr\/at-the-crossing-2\/\" \/>\n<meta property=\"og:locale\" content=\"fr_FR\" \/>\n<meta property=\"og:type\" content=\"article\" \/>\n<meta property=\"og:title\" content=\"La Communaut\u00e9 At the Crossing \u00e0 New-York - Chemin Neuf Belgique\" \/>\n<meta property=\"og:description\" content=\"D\u00e9marrage de la communaut\u00e9 At the Crossing \u00e0 New-York\" \/>\n<meta property=\"og:url\" content=\"https:\/\/www.chemin-neuf.be\/fr\/at-the-crossing-2\/\" \/>\n<meta property=\"og:site_name\" content=\"Chemin Neuf Belgique\" \/>\n<meta property=\"article:published_time\" content=\"2023-09-27T08:05:55+00:00\" \/>\n<meta name=\"author\" content=\"adminCCN\" \/>\n<meta name=\"twitter:card\" content=\"summary_large_image\" \/>\n<meta name=\"twitter:label1\" content=\"\u00c9crit par\" \/>\n\t<meta name=\"twitter:data1\" content=\"adminCCN\" \/>\n\t<meta name=\"twitter:label2\" content=\"Dur\u00e9e de lecture est.\" \/>\n\t<meta name=\"twitter:data2\" content=\"1 minute\" \/>\n<script type=\"application\/ld+json\" class=\"yoast-schema-graph\">{\"@context\":\"https:\\\/\\\/schema.org\",\"@graph\":[{\"@type\":\"Article\",\"@id\":\"https:\\\/\\\/www.chemin-neuf.be\\\/fr\\\/at-the-crossing-2\\\/#article\",\"isPartOf\":{\"@id\":\"https:\\\/\\\/www.chemin-neuf.be\\\/fr\\\/at-the-crossing-2\\\/\"},\"author\":{\"name\":\"adminCCN\",\"@id\":\"https:\\\/\\\/www.chemin-neuf.be\\\/fr\\\/#\\\/schema\\\/person\\\/dbc5bb8de9c07e1728535c32a94f0692\"},\"headline\":\"La Communaut\u00e9 At the Crossing \u00e0 New-York\",\"datePublished\":\"2023-09-27T08:05:55+00:00\",\"mainEntityOfPage\":{\"@id\":\"https:\\\/\\\/www.chemin-neuf.be\\\/fr\\\/at-the-crossing-2\\\/\"},\"wordCount\":125,\"commentCount\":0,\"image\":{\"@id\":\"https:\\\/\\\/www.chemin-neuf.be\\\/fr\\\/at-the-crossing-2\\\/#primaryimage\"},\"thumbnailUrl\":\"https:\\\/\\\/www.chemin-neuf.be\\\/wp-content\\\/uploads\\\/2023\\\/09\\\/httpsdam.chemin-neuf.netwp-contentuploads202309httpswww.chemin-neuf.frwp-contentuploads202309DSC_0473.jpg\",\"keywords\":[\"etudiant\",\"new-york\"],\"articleSection\":[\"Actualit\u00e9s Internationales\"],\"inLanguage\":\"fr-BE\",\"potentialAction\":[{\"@type\":\"CommentAction\",\"name\":\"Comment\",\"target\":[\"https:\\\/\\\/www.chemin-neuf.be\\\/fr\\\/at-the-crossing-2\\\/#respond\"]}]},{\"@type\":\"WebPage\",\"@id\":\"https:\\\/\\\/www.chemin-neuf.be\\\/fr\\\/at-the-crossing-2\\\/\",\"url\":\"https:\\\/\\\/www.chemin-neuf.be\\\/fr\\\/at-the-crossing-2\\\/\",\"name\":\"La Communaut\u00e9 At the Crossing \u00e0 New-York - Chemin Neuf Belgique\",\"isPartOf\":{\"@id\":\"https:\\\/\\\/www.chemin-neuf.be\\\/fr\\\/#website\"},\"primaryImageOfPage\":{\"@id\":\"https:\\\/\\\/www.chemin-neuf.be\\\/fr\\\/at-the-crossing-2\\\/#primaryimage\"},\"image\":{\"@id\":\"https:\\\/\\\/www.chemin-neuf.be\\\/fr\\\/at-the-crossing-2\\\/#primaryimage\"},\"thumbnailUrl\":\"https:\\\/\\\/www.chemin-neuf.be\\\/wp-content\\\/uploads\\\/2023\\\/09\\\/httpsdam.chemin-neuf.netwp-contentuploads202309httpswww.chemin-neuf.frwp-contentuploads202309DSC_0473.jpg\",\"datePublished\":\"2023-09-27T08:05:55+00:00\",\"author\":{\"@id\":\"https:\\\/\\\/www.chemin-neuf.be\\\/fr\\\/#\\\/schema\\\/person\\\/dbc5bb8de9c07e1728535c32a94f0692\"},\"description\":\"D\u00e9marrage de la communaut\u00e9 At the Crossing \u00e0 New-York\",\"breadcrumb\":{\"@id\":\"https:\\\/\\\/www.chemin-neuf.be\\\/fr\\\/at-the-crossing-2\\\/#breadcrumb\"},\"inLanguage\":\"fr-BE\",\"potentialAction\":[{\"@type\":\"ReadAction\",\"target\":[\"https:\\\/\\\/www.chemin-neuf.be\\\/fr\\\/at-the-crossing-2\\\/\"]}]},{\"@type\":\"ImageObject\",\"inLanguage\":\"fr-BE\",\"@id\":\"https:\\\/\\\/www.chemin-neuf.be\\\/fr\\\/at-the-crossing-2\\\/#primaryimage\",\"url\":\"https:\\\/\\\/www.chemin-neuf.be\\\/wp-content\\\/uploads\\\/2023\\\/09\\\/httpsdam.chemin-neuf.netwp-contentuploads202309httpswww.chemin-neuf.frwp-contentuploads202309DSC_0473.jpg\",\"contentUrl\":\"https:\\\/\\\/www.chemin-neuf.be\\\/wp-content\\\/uploads\\\/2023\\\/09\\\/httpsdam.chemin-neuf.netwp-contentuploads202309httpswww.chemin-neuf.frwp-contentuploads202309DSC_0473.jpg\",\"width\":1920,\"height\":1277},{\"@type\":\"BreadcrumbList\",\"@id\":\"https:\\\/\\\/www.chemin-neuf.be\\\/fr\\\/at-the-crossing-2\\\/#breadcrumb\",\"itemListElement\":[{\"@type\":\"ListItem\",\"position\":1,\"name\":\"Home\",\"item\":\"https:\\\/\\\/www.chemin-neuf.be\\\/fr\\\/\"},{\"@type\":\"ListItem\",\"position\":2,\"name\":\"La Communaut\u00e9 At the Crossing \u00e0 New-York\"}]},{\"@type\":\"WebSite\",\"@id\":\"https:\\\/\\\/www.chemin-neuf.be\\\/fr\\\/#website\",\"url\":\"https:\\\/\\\/www.chemin-neuf.be\\\/fr\\\/\",\"name\":\"Chemin Neuf Belgique\",\"description\":\"Communaut\u00e9 du Chemin Neuf en Belgique\",\"potentialAction\":[{\"@type\":\"SearchAction\",\"target\":{\"@type\":\"EntryPoint\",\"urlTemplate\":\"https:\\\/\\\/www.chemin-neuf.be\\\/fr\\\/?s={search_term_string}\"},\"query-input\":{\"@type\":\"PropertyValueSpecification\",\"valueRequired\":true,\"valueName\":\"search_term_string\"}}],\"inLanguage\":\"fr-BE\"},{\"@type\":\"Person\",\"@id\":\"https:\\\/\\\/www.chemin-neuf.be\\\/fr\\\/#\\\/schema\\\/person\\\/dbc5bb8de9c07e1728535c32a94f0692\",\"name\":\"adminCCN\",\"image\":{\"@type\":\"ImageObject\",\"inLanguage\":\"fr-BE\",\"@id\":\"https:\\\/\\\/secure.gravatar.com\\\/avatar\\\/87c9485d85e005be0f711778f5d5b8ea68d63bcbf73b1f7b969e7e9c9d9db96f?s=96&d=mm&r=g\",\"url\":\"https:\\\/\\\/secure.gravatar.com\\\/avatar\\\/87c9485d85e005be0f711778f5d5b8ea68d63bcbf73b1f7b969e7e9c9d9db96f?s=96&d=mm&r=g\",\"contentUrl\":\"https:\\\/\\\/secure.gravatar.com\\\/avatar\\\/87c9485d85e005be0f711778f5d5b8ea68d63bcbf73b1f7b969e7e9c9d9db96f?s=96&d=mm&r=g\",\"caption\":\"adminCCN\"},\"sameAs\":[\"https:\\\/\\\/www.chemin-neuf.be\"]}]}<\/script>\n<!-- \/ Yoast SEO plugin. -->","yoast_head_json":{"title":"La Communaut\u00e9 At the Crossing \u00e0 New-York - Chemin Neuf Belgique","description":"D\u00e9marrage de la communaut\u00e9 At the Crossing \u00e0 New-York","robots":{"index":"index","follow":"follow","max-snippet":"max-snippet:-1","max-image-preview":"max-image-preview:large","max-video-preview":"max-video-preview:-1"},"canonical":"https:\/\/www.chemin-neuf.be\/fr\/at-the-crossing-2\/","og_locale":"fr_FR","og_type":"article","og_title":"La Communaut\u00e9 At the Crossing \u00e0 New-York - Chemin Neuf Belgique","og_description":"D\u00e9marrage de la communaut\u00e9 At the Crossing \u00e0 New-York","og_url":"https:\/\/www.chemin-neuf.be\/fr\/at-the-crossing-2\/","og_site_name":"Chemin Neuf Belgique","article_published_time":"2023-09-27T08:05:55+00:00","author":"adminCCN","twitter_card":"summary_large_image","twitter_misc":{"\u00c9crit par":"adminCCN","Dur\u00e9e de lecture est.":"1 minute"},"schema":{"@context":"https:\/\/schema.org","@graph":[{"@type":"Article","@id":"https:\/\/www.chemin-neuf.be\/fr\/at-the-crossing-2\/#article","isPartOf":{"@id":"https:\/\/www.chemin-neuf.be\/fr\/at-the-crossing-2\/"},"author":{"name":"adminCCN","@id":"https:\/\/www.chemin-neuf.be\/fr\/#\/schema\/person\/dbc5bb8de9c07e1728535c32a94f0692"},"headline":"La Communaut\u00e9 At the Crossing \u00e0 New-York","datePublished":"2023-09-27T08:05:55+00:00","mainEntityOfPage":{"@id":"https:\/\/www.chemin-neuf.be\/fr\/at-the-crossing-2\/"},"wordCount":125,"commentCount":0,"image":{"@id":"https:\/\/www.chemin-neuf.be\/fr\/at-the-crossing-2\/#primaryimage"},"thumbnailUrl":"https:\/\/www.chemin-neuf.be\/wp-content\/uploads\/2023\/09\/httpsdam.chemin-neuf.netwp-contentuploads202309httpswww.chemin-neuf.frwp-contentuploads202309DSC_0473.jpg","keywords":["etudiant","new-york"],"articleSection":["Actualit\u00e9s Internationales"],"inLanguage":"fr-BE","potentialAction":[{"@type":"CommentAction","name":"Comment","target":["https:\/\/www.chemin-neuf.be\/fr\/at-the-crossing-2\/#respond"]}]},{"@type":"WebPage","@id":"https:\/\/www.chemin-neuf.be\/fr\/at-the-crossing-2\/","url":"https:\/\/www.chemin-neuf.be\/fr\/at-the-crossing-2\/","name":"La Communaut\u00e9 At the Crossing \u00e0 New-York - Chemin Neuf Belgique","isPartOf":{"@id":"https:\/\/www.chemin-neuf.be\/fr\/#website"},"primaryImageOfPage":{"@id":"https:\/\/www.chemin-neuf.be\/fr\/at-the-crossing-2\/#primaryimage"},"image":{"@id":"https:\/\/www.chemin-neuf.be\/fr\/at-the-crossing-2\/#primaryimage"},"thumbnailUrl":"https:\/\/www.chemin-neuf.be\/wp-content\/uploads\/2023\/09\/httpsdam.chemin-neuf.netwp-contentuploads202309httpswww.chemin-neuf.frwp-contentuploads202309DSC_0473.jpg","datePublished":"2023-09-27T08:05:55+00:00","author":{"@id":"https:\/\/www.chemin-neuf.be\/fr\/#\/schema\/person\/dbc5bb8de9c07e1728535c32a94f0692"},"description":"D\u00e9marrage de la communaut\u00e9 At the Crossing \u00e0 New-York","breadcrumb":{"@id":"https:\/\/www.chemin-neuf.be\/fr\/at-the-crossing-2\/#breadcrumb"},"inLanguage":"fr-BE","potentialAction":[{"@type":"ReadAction","target":["https:\/\/www.chemin-neuf.be\/fr\/at-the-crossing-2\/"]}]},{"@type":"ImageObject","inLanguage":"fr-BE","@id":"https:\/\/www.chemin-neuf.be\/fr\/at-the-crossing-2\/#primaryimage","url":"https:\/\/www.chemin-neuf.be\/wp-content\/uploads\/2023\/09\/httpsdam.chemin-neuf.netwp-contentuploads202309httpswww.chemin-neuf.frwp-contentuploads202309DSC_0473.jpg","contentUrl":"https:\/\/www.chemin-neuf.be\/wp-content\/uploads\/2023\/09\/httpsdam.chemin-neuf.netwp-contentuploads202309httpswww.chemin-neuf.frwp-contentuploads202309DSC_0473.jpg","width":1920,"height":1277},{"@type":"BreadcrumbList","@id":"https:\/\/www.chemin-neuf.be\/fr\/at-the-crossing-2\/#breadcrumb","itemListElement":[{"@type":"ListItem","position":1,"name":"Home","item":"https:\/\/www.chemin-neuf.be\/fr\/"},{"@type":"ListItem","position":2,"name":"La Communaut\u00e9 At the Crossing \u00e0 New-York"}]},{"@type":"WebSite","@id":"https:\/\/www.chemin-neuf.be\/fr\/#website","url":"https:\/\/www.chemin-neuf.be\/fr\/","name":"Chemin Neuf Belgique","description":"Communaut\u00e9 du Chemin Neuf en Belgique","potentialAction":[{"@type":"SearchAction","target":{"@type":"EntryPoint","urlTemplate":"https:\/\/www.chemin-neuf.be\/fr\/?s={search_term_string}"},"query-input":{"@type":"PropertyValueSpecification","valueRequired":true,"valueName":"search_term_string"}}],"inLanguage":"fr-BE"},{"@type":"Person","@id":"https:\/\/www.chemin-neuf.be\/fr\/#\/schema\/person\/dbc5bb8de9c07e1728535c32a94f0692","name":"adminCCN","image":{"@type":"ImageObject","inLanguage":"fr-BE","@id":"https:\/\/secure.gravatar.com\/avatar\/87c9485d85e005be0f711778f5d5b8ea68d63bcbf73b1f7b969e7e9c9d9db96f?s=96&d=mm&r=g","url":"https:\/\/secure.gravatar.com\/avatar\/87c9485d85e005be0f711778f5d5b8ea68d63bcbf73b1f7b969e7e9c9d9db96f?s=96&d=mm&r=g","contentUrl":"https:\/\/secure.gravatar.com\/avatar\/87c9485d85e005be0f711778f5d5b8ea68d63bcbf73b1f7b969e7e9c9d9db96f?s=96&d=mm&r=g","caption":"adminCCN"},"sameAs":["https:\/\/www.chemin-neuf.be"]}]}},"_links":{"self":[{"href":"https:\/\/www.chemin-neuf.be\/fr\/wp-json\/wp\/v2\/posts\/65992","targetHints":{"allow":["GET"]}}],"collection":[{"href":"https:\/\/www.chemin-neuf.be\/fr\/wp-json\/wp\/v2\/posts"}],"about":[{"href":"https:\/\/www.chemin-neuf.be\/fr\/wp-json\/wp\/v2\/types\/post"}],"author":[{"embeddable":true,"href":"https:\/\/www.chemin-neuf.be\/fr\/wp-json\/wp\/v2\/users\/1"}],"replies":[{"embeddable":true,"href":"https:\/\/www.chemin-neuf.be\/fr\/wp-json\/wp\/v2\/comments?post=65992"}],"version-history":[{"count":0,"href":"https:\/\/www.chemin-neuf.be\/fr\/wp-json\/wp\/v2\/posts\/65992\/revisions"}],"wp:featuredmedia":[{"embeddable":true,"href":"https:\/\/www.chemin-neuf.be\/fr\/wp-json\/wp\/v2\/media\/65993"}],"wp:attachment":[{"href":"https:\/\/www.chemin-neuf.be\/fr\/wp-json\/wp\/v2\/media?parent=65992"}],"wp:term":[{"taxonomy":"category","embeddable":true,"href":"https:\/\/www.chemin-neuf.be\/fr\/wp-json\/wp\/v2\/categories?post=65992"},{"taxonomy":"post_tag","embeddable":true,"href":"https:\/\/www.chemin-neuf.be\/fr\/wp-json\/wp\/v2\/tags?post=65992"}],"curies":[{"name":"wp","href":"https:\/\/api.w.org\/{rel}","templated":true}]}}