{"id":65986,"date":"2023-10-25T11:05:31","date_gmt":"2023-10-25T09:05:31","guid":{"rendered":"https:\/\/www.chemin-neuf.be\/formation-responsables-cana-a-kampala\/"},"modified":"2023-10-25T11:05:31","modified_gmt":"2023-10-25T09:05:31","slug":"formation-responsables-cana-a-kampala","status":"publish","type":"post","link":"https:\/\/www.chemin-neuf.be\/fr\/formation-responsables-cana-a-kampala\/","title":{"rendered":"Formation Responsables CANA \u00e0 Kampala"},"content":{"rendered":"\n<div style=\"height:49px\" aria-hidden=\"true\" class=\"wp-block-spacer\"><\/div>\n\n\n\n<div class=\"wp-block-columns is-layout-flex wp-container-core-columns-is-layout-9d6595d7 wp-block-columns-is-layout-flex\">\n<div class=\"wp-block-column has-beige-background-color has-background is-layout-flow wp-block-column-is-layout-flow\">\n<p class=\"has-text-align-left\">Comme chaque ann\u00e9e, la formation des responsables CANA des dioc\u00e8ses Ougandais a eu lieu \u00e0<br>Namugongo (lieu des martyrs) \u00e0 Kampala. Pour la premi\u00e8re fois, le Kenya, le Zimbabwe et la Tanzanie<br>\u00e9taient pr\u00e9sents avec 2 ou 3 couples d\u00e9l\u00e9gu\u00e9s.<br><br>Au programme : temps de d\u00e9sert sur la spiritualit\u00e9 ignacienne, enseignements sur les fondamentaux<br>de CANA, pri\u00e8re personnelle et communautaire, temps de couple, workshops\u2026 sans oublier les tea<br>break et une magnifique f\u00eate internationale #Africa&nbsp;\ud83d\ude42<br><br>Ce fut un temps dense et tr\u00e8s important pour les couples venus de ces 4 pays. La joie des couples<br>Ougandais de pouvoir rencontrer des responsables d\u2019autres pays \u00e9tait perceptible ! C\u2019\u00e9tait aussi<br>prometteur de voir cette nouvelle \u00e9tape v\u00e9cue entre pays d\u2019Afrique de l\u2019Est&nbsp;: l\u2019Ouganda peut<br>beaucoup aider les pays anglophones voisins. Vive les petits commencements&nbsp;!<br><\/p>\n<\/div>\n<\/div>\n\n\n\n<div style=\"height:20px\" aria-hidden=\"true\" class=\"wp-block-spacer\"><\/div>\n\n\n\n<figure class=\"wp-block-gallery has-nested-images columns-default is-cropped wp-block-gallery-1 is-layout-flex wp-block-gallery-is-layout-flex\">\n<figure class=\"wp-block-image size-large\"><img decoding=\"async\" data-id=\"114315\" src=\"https:\/\/www.chemin-neuf.fr\/wp-content\/uploads\/2023\/10\/1-Kampala.jpeg\" alt=\"\" class=\"wp-image-114315\"\/><figcaption class=\"wp-element-caption\">Dioc\u00e8se de Kampala<\/figcaption><\/figure>\n\n\n\n<figure class=\"wp-block-image size-large\"><img decoding=\"async\" data-id=\"114316\" src=\"https:\/\/www.chemin-neuf.fr\/wp-content\/uploads\/2023\/10\/2-Gulu.jpeg\" alt=\"\" class=\"wp-image-114316\"\/><figcaption class=\"wp-element-caption\">Dioc\u00e8se de Gulu<\/figcaption><\/figure>\n\n\n\n<figure class=\"wp-block-image size-large\"><img decoding=\"async\" data-id=\"114317\" src=\"https:\/\/www.chemin-neuf.fr\/wp-content\/uploads\/2023\/10\/3-Jinja.jpeg\" alt=\"\" class=\"wp-image-114317\"\/><figcaption class=\"wp-element-caption\">Dioc\u00e8se de Jinja<\/figcaption><\/figure>\n\n\n\n<figure class=\"wp-block-image size-large\"><img decoding=\"async\" data-id=\"114318\" src=\"https:\/\/www.chemin-neuf.fr\/wp-content\/uploads\/2023\/10\/4-Jinja-.jpeg\" alt=\"\" class=\"wp-image-114318\"\/><figcaption class=\"wp-element-caption\">Dioc\u00e8se de Jinja<\/figcaption><\/figure>\n\n\n\n<figure class=\"wp-block-image size-large\"><img decoding=\"async\" data-id=\"114319\" src=\"https:\/\/www.chemin-neuf.fr\/wp-content\/uploads\/2023\/10\/5-Kasana-Luwero.jpeg\" alt=\"\" class=\"wp-image-114319\"\/><figcaption class=\"wp-element-caption\">Dioc\u00e8se Kasana-Luwero<\/figcaption><\/figure>\n\n\n\n<figure class=\"wp-block-image size-large\"><img decoding=\"async\" data-id=\"114320\" src=\"https:\/\/www.chemin-neuf.fr\/wp-content\/uploads\/2023\/10\/6-Kasana-Luwero-.jpeg\" alt=\"\" class=\"wp-image-114320\"\/><\/figure>\n\n\n\n<figure class=\"wp-block-image size-large\"><img decoding=\"async\" data-id=\"114321\" src=\"https:\/\/www.chemin-neuf.fr\/wp-content\/uploads\/2023\/10\/7-Formation-Namugongo-.jpeg\" alt=\"\" class=\"wp-image-114321\"\/><figcaption class=\"wp-element-caption\">Formation Namugongo<\/figcaption><\/figure>\n\n\n\n<figure class=\"wp-block-image size-large\"><img decoding=\"async\" data-id=\"114322\" src=\"https:\/\/www.chemin-neuf.fr\/wp-content\/uploads\/2023\/10\/8-Formation-Namugongo-.jpeg\" alt=\"\" class=\"wp-image-114322\"\/><\/figure>\n\n\n\n<figure class=\"wp-block-image size-large\"><img decoding=\"async\" data-id=\"114323\" src=\"https:\/\/www.chemin-neuf.fr\/wp-content\/uploads\/2023\/10\/9-Formation-Namugongo.jpeg\" alt=\"\" class=\"wp-image-114323\"\/><\/figure>\n\n\n\n<figure class=\"wp-block-image size-large\"><img decoding=\"async\" data-id=\"114324\" src=\"https:\/\/www.chemin-neuf.fr\/wp-content\/uploads\/2023\/10\/10-Formation-Namugongo-.jpeg\" alt=\"\" class=\"wp-image-114324\"\/><\/figure>\n\n\n\n<figure class=\"wp-block-image size-large\"><img decoding=\"async\" data-id=\"114325\" src=\"https:\/\/www.chemin-neuf.fr\/wp-content\/uploads\/2023\/10\/11-Formation-Namugongo.jpeg\" alt=\"\" class=\"wp-image-114325\"\/><\/figure>\n\n\n\n<figure class=\"wp-block-image size-full\"><img decoding=\"async\" data-id=\"114326\" src=\"https:\/\/www.chemin-neuf.fr\/wp-content\/uploads\/2023\/10\/12-Formation-Namugongo.jpeg\" alt=\"\" class=\"wp-image-114326\"\/><\/figure>\n<\/figure>\n\n\n\n<div style=\"height:20px\" aria-hidden=\"true\" class=\"wp-block-spacer\"><\/div>\n\n\n\n<div style=\"height:20px\" aria-hidden=\"true\" class=\"wp-block-spacer\"><\/div>\n","protected":false},"excerpt":{"rendered":"<p>Formation des responsables CANA des dioc\u00e8se Ougandais<\/p>\n","protected":false},"author":1,"featured_media":65987,"comment_status":"open","ping_status":"open","sticky":false,"template":"","format":"standard","meta":{"_acf_changed":false,"footnotes":""},"categories":[47],"tags":[83,80,81,82],"class_list":["post-65986","post","type-post","status-publish","format-standard","has-post-thumbnail","hentry","category-actualites-internationales-fr","tag-83","tag-communaute","tag-engagement","tag-pretre"],"acf":[],"yoast_head":"<!-- This site is optimized with the Yoast SEO plugin v27.5 - https:\/\/yoast.com\/product\/yoast-seo-wordpress\/ -->\n<title>Formation Responsables CANA \u00e0 Kampala - Chemin Neuf Belgique<\/title>\n<meta name=\"description\" content=\"Formation des responsables CANA des dioc\u00e8se Ougandais\" \/>\n<meta name=\"robots\" content=\"index, follow, max-snippet:-1, max-image-preview:large, max-video-preview:-1\" \/>\n<link rel=\"canonical\" href=\"https:\/\/www.chemin-neuf.be\/fr\/formation-responsables-cana-a-kampala\/\" \/>\n<meta property=\"og:locale\" content=\"fr_FR\" \/>\n<meta property=\"og:type\" content=\"article\" \/>\n<meta property=\"og:title\" content=\"Formation Responsables CANA \u00e0 Kampala - Chemin Neuf Belgique\" \/>\n<meta property=\"og:description\" content=\"Formation des responsables CANA des dioc\u00e8se Ougandais\" \/>\n<meta property=\"og:url\" content=\"https:\/\/www.chemin-neuf.be\/fr\/formation-responsables-cana-a-kampala\/\" \/>\n<meta property=\"og:site_name\" content=\"Chemin Neuf Belgique\" \/>\n<meta property=\"article:published_time\" content=\"2023-10-25T09:05:31+00:00\" \/>\n<meta name=\"author\" content=\"adminCCN\" \/>\n<meta name=\"twitter:card\" content=\"summary_large_image\" \/>\n<meta name=\"twitter:label1\" content=\"\u00c9crit par\" \/>\n\t<meta name=\"twitter:data1\" content=\"adminCCN\" \/>\n\t<meta name=\"twitter:label2\" content=\"Dur\u00e9e de lecture est.\" \/>\n\t<meta name=\"twitter:data2\" content=\"1 minute\" \/>\n<script type=\"application\/ld+json\" class=\"yoast-schema-graph\">{\"@context\":\"https:\\\/\\\/schema.org\",\"@graph\":[{\"@type\":\"Article\",\"@id\":\"https:\\\/\\\/www.chemin-neuf.be\\\/fr\\\/formation-responsables-cana-a-kampala\\\/#article\",\"isPartOf\":{\"@id\":\"https:\\\/\\\/www.chemin-neuf.be\\\/fr\\\/formation-responsables-cana-a-kampala\\\/\"},\"author\":{\"name\":\"adminCCN\",\"@id\":\"https:\\\/\\\/www.chemin-neuf.be\\\/fr\\\/#\\\/schema\\\/person\\\/dbc5bb8de9c07e1728535c32a94f0692\"},\"headline\":\"Formation Responsables CANA \u00e0 Kampala\",\"datePublished\":\"2023-10-25T09:05:31+00:00\",\"mainEntityOfPage\":{\"@id\":\"https:\\\/\\\/www.chemin-neuf.be\\\/fr\\\/formation-responsables-cana-a-kampala\\\/\"},\"wordCount\":165,\"commentCount\":0,\"image\":{\"@id\":\"https:\\\/\\\/www.chemin-neuf.be\\\/fr\\\/formation-responsables-cana-a-kampala\\\/#primaryimage\"},\"thumbnailUrl\":\"https:\\\/\\\/www.chemin-neuf.be\\\/wp-content\\\/uploads\\\/2023\\\/10\\\/httpsdam.chemin-neuf.netwp-contentuploads202310httpswww.chemin-neuf.frwp-contentuploads20231013-Formation-Namugongo.jpeg\",\"keywords\":[\"63\",\"communaute\",\"engagement\",\"pretre\"],\"articleSection\":[\"Actualit\u00e9s Internationales\"],\"inLanguage\":\"fr-BE\",\"potentialAction\":[{\"@type\":\"CommentAction\",\"name\":\"Comment\",\"target\":[\"https:\\\/\\\/www.chemin-neuf.be\\\/fr\\\/formation-responsables-cana-a-kampala\\\/#respond\"]}]},{\"@type\":\"WebPage\",\"@id\":\"https:\\\/\\\/www.chemin-neuf.be\\\/fr\\\/formation-responsables-cana-a-kampala\\\/\",\"url\":\"https:\\\/\\\/www.chemin-neuf.be\\\/fr\\\/formation-responsables-cana-a-kampala\\\/\",\"name\":\"Formation Responsables CANA \u00e0 Kampala - Chemin Neuf Belgique\",\"isPartOf\":{\"@id\":\"https:\\\/\\\/www.chemin-neuf.be\\\/fr\\\/#website\"},\"primaryImageOfPage\":{\"@id\":\"https:\\\/\\\/www.chemin-neuf.be\\\/fr\\\/formation-responsables-cana-a-kampala\\\/#primaryimage\"},\"image\":{\"@id\":\"https:\\\/\\\/www.chemin-neuf.be\\\/fr\\\/formation-responsables-cana-a-kampala\\\/#primaryimage\"},\"thumbnailUrl\":\"https:\\\/\\\/www.chemin-neuf.be\\\/wp-content\\\/uploads\\\/2023\\\/10\\\/httpsdam.chemin-neuf.netwp-contentuploads202310httpswww.chemin-neuf.frwp-contentuploads20231013-Formation-Namugongo.jpeg\",\"datePublished\":\"2023-10-25T09:05:31+00:00\",\"author\":{\"@id\":\"https:\\\/\\\/www.chemin-neuf.be\\\/fr\\\/#\\\/schema\\\/person\\\/dbc5bb8de9c07e1728535c32a94f0692\"},\"description\":\"Formation des responsables CANA des dioc\u00e8se Ougandais\",\"breadcrumb\":{\"@id\":\"https:\\\/\\\/www.chemin-neuf.be\\\/fr\\\/formation-responsables-cana-a-kampala\\\/#breadcrumb\"},\"inLanguage\":\"fr-BE\",\"potentialAction\":[{\"@type\":\"ReadAction\",\"target\":[\"https:\\\/\\\/www.chemin-neuf.be\\\/fr\\\/formation-responsables-cana-a-kampala\\\/\"]}]},{\"@type\":\"ImageObject\",\"inLanguage\":\"fr-BE\",\"@id\":\"https:\\\/\\\/www.chemin-neuf.be\\\/fr\\\/formation-responsables-cana-a-kampala\\\/#primaryimage\",\"url\":\"https:\\\/\\\/www.chemin-neuf.be\\\/wp-content\\\/uploads\\\/2023\\\/10\\\/httpsdam.chemin-neuf.netwp-contentuploads202310httpswww.chemin-neuf.frwp-contentuploads20231013-Formation-Namugongo.jpeg\",\"contentUrl\":\"https:\\\/\\\/www.chemin-neuf.be\\\/wp-content\\\/uploads\\\/2023\\\/10\\\/httpsdam.chemin-neuf.netwp-contentuploads202310httpswww.chemin-neuf.frwp-contentuploads20231013-Formation-Namugongo.jpeg\",\"width\":1024,\"height\":768},{\"@type\":\"BreadcrumbList\",\"@id\":\"https:\\\/\\\/www.chemin-neuf.be\\\/fr\\\/formation-responsables-cana-a-kampala\\\/#breadcrumb\",\"itemListElement\":[{\"@type\":\"ListItem\",\"position\":1,\"name\":\"Home\",\"item\":\"https:\\\/\\\/www.chemin-neuf.be\\\/fr\\\/\"},{\"@type\":\"ListItem\",\"position\":2,\"name\":\"Formation Responsables CANA \u00e0 Kampala\"}]},{\"@type\":\"WebSite\",\"@id\":\"https:\\\/\\\/www.chemin-neuf.be\\\/fr\\\/#website\",\"url\":\"https:\\\/\\\/www.chemin-neuf.be\\\/fr\\\/\",\"name\":\"Chemin Neuf Belgique\",\"description\":\"Communaut\u00e9 du Chemin Neuf en Belgique\",\"potentialAction\":[{\"@type\":\"SearchAction\",\"target\":{\"@type\":\"EntryPoint\",\"urlTemplate\":\"https:\\\/\\\/www.chemin-neuf.be\\\/fr\\\/?s={search_term_string}\"},\"query-input\":{\"@type\":\"PropertyValueSpecification\",\"valueRequired\":true,\"valueName\":\"search_term_string\"}}],\"inLanguage\":\"fr-BE\"},{\"@type\":\"Person\",\"@id\":\"https:\\\/\\\/www.chemin-neuf.be\\\/fr\\\/#\\\/schema\\\/person\\\/dbc5bb8de9c07e1728535c32a94f0692\",\"name\":\"adminCCN\",\"image\":{\"@type\":\"ImageObject\",\"inLanguage\":\"fr-BE\",\"@id\":\"https:\\\/\\\/secure.gravatar.com\\\/avatar\\\/87c9485d85e005be0f711778f5d5b8ea68d63bcbf73b1f7b969e7e9c9d9db96f?s=96&d=mm&r=g\",\"url\":\"https:\\\/\\\/secure.gravatar.com\\\/avatar\\\/87c9485d85e005be0f711778f5d5b8ea68d63bcbf73b1f7b969e7e9c9d9db96f?s=96&d=mm&r=g\",\"contentUrl\":\"https:\\\/\\\/secure.gravatar.com\\\/avatar\\\/87c9485d85e005be0f711778f5d5b8ea68d63bcbf73b1f7b969e7e9c9d9db96f?s=96&d=mm&r=g\",\"caption\":\"adminCCN\"},\"sameAs\":[\"https:\\\/\\\/www.chemin-neuf.be\"]}]}<\/script>\n<!-- \/ Yoast SEO plugin. -->","yoast_head_json":{"title":"Formation Responsables CANA \u00e0 Kampala - Chemin Neuf Belgique","description":"Formation des responsables CANA des dioc\u00e8se Ougandais","robots":{"index":"index","follow":"follow","max-snippet":"max-snippet:-1","max-image-preview":"max-image-preview:large","max-video-preview":"max-video-preview:-1"},"canonical":"https:\/\/www.chemin-neuf.be\/fr\/formation-responsables-cana-a-kampala\/","og_locale":"fr_FR","og_type":"article","og_title":"Formation Responsables CANA \u00e0 Kampala - Chemin Neuf Belgique","og_description":"Formation des responsables CANA des dioc\u00e8se Ougandais","og_url":"https:\/\/www.chemin-neuf.be\/fr\/formation-responsables-cana-a-kampala\/","og_site_name":"Chemin Neuf Belgique","article_published_time":"2023-10-25T09:05:31+00:00","author":"adminCCN","twitter_card":"summary_large_image","twitter_misc":{"\u00c9crit par":"adminCCN","Dur\u00e9e de lecture est.":"1 minute"},"schema":{"@context":"https:\/\/schema.org","@graph":[{"@type":"Article","@id":"https:\/\/www.chemin-neuf.be\/fr\/formation-responsables-cana-a-kampala\/#article","isPartOf":{"@id":"https:\/\/www.chemin-neuf.be\/fr\/formation-responsables-cana-a-kampala\/"},"author":{"name":"adminCCN","@id":"https:\/\/www.chemin-neuf.be\/fr\/#\/schema\/person\/dbc5bb8de9c07e1728535c32a94f0692"},"headline":"Formation Responsables CANA \u00e0 Kampala","datePublished":"2023-10-25T09:05:31+00:00","mainEntityOfPage":{"@id":"https:\/\/www.chemin-neuf.be\/fr\/formation-responsables-cana-a-kampala\/"},"wordCount":165,"commentCount":0,"image":{"@id":"https:\/\/www.chemin-neuf.be\/fr\/formation-responsables-cana-a-kampala\/#primaryimage"},"thumbnailUrl":"https:\/\/www.chemin-neuf.be\/wp-content\/uploads\/2023\/10\/httpsdam.chemin-neuf.netwp-contentuploads202310httpswww.chemin-neuf.frwp-contentuploads20231013-Formation-Namugongo.jpeg","keywords":["63","communaute","engagement","pretre"],"articleSection":["Actualit\u00e9s Internationales"],"inLanguage":"fr-BE","potentialAction":[{"@type":"CommentAction","name":"Comment","target":["https:\/\/www.chemin-neuf.be\/fr\/formation-responsables-cana-a-kampala\/#respond"]}]},{"@type":"WebPage","@id":"https:\/\/www.chemin-neuf.be\/fr\/formation-responsables-cana-a-kampala\/","url":"https:\/\/www.chemin-neuf.be\/fr\/formation-responsables-cana-a-kampala\/","name":"Formation Responsables CANA \u00e0 Kampala - Chemin Neuf Belgique","isPartOf":{"@id":"https:\/\/www.chemin-neuf.be\/fr\/#website"},"primaryImageOfPage":{"@id":"https:\/\/www.chemin-neuf.be\/fr\/formation-responsables-cana-a-kampala\/#primaryimage"},"image":{"@id":"https:\/\/www.chemin-neuf.be\/fr\/formation-responsables-cana-a-kampala\/#primaryimage"},"thumbnailUrl":"https:\/\/www.chemin-neuf.be\/wp-content\/uploads\/2023\/10\/httpsdam.chemin-neuf.netwp-contentuploads202310httpswww.chemin-neuf.frwp-contentuploads20231013-Formation-Namugongo.jpeg","datePublished":"2023-10-25T09:05:31+00:00","author":{"@id":"https:\/\/www.chemin-neuf.be\/fr\/#\/schema\/person\/dbc5bb8de9c07e1728535c32a94f0692"},"description":"Formation des responsables CANA des dioc\u00e8se Ougandais","breadcrumb":{"@id":"https:\/\/www.chemin-neuf.be\/fr\/formation-responsables-cana-a-kampala\/#breadcrumb"},"inLanguage":"fr-BE","potentialAction":[{"@type":"ReadAction","target":["https:\/\/www.chemin-neuf.be\/fr\/formation-responsables-cana-a-kampala\/"]}]},{"@type":"ImageObject","inLanguage":"fr-BE","@id":"https:\/\/www.chemin-neuf.be\/fr\/formation-responsables-cana-a-kampala\/#primaryimage","url":"https:\/\/www.chemin-neuf.be\/wp-content\/uploads\/2023\/10\/httpsdam.chemin-neuf.netwp-contentuploads202310httpswww.chemin-neuf.frwp-contentuploads20231013-Formation-Namugongo.jpeg","contentUrl":"https:\/\/www.chemin-neuf.be\/wp-content\/uploads\/2023\/10\/httpsdam.chemin-neuf.netwp-contentuploads202310httpswww.chemin-neuf.frwp-contentuploads20231013-Formation-Namugongo.jpeg","width":1024,"height":768},{"@type":"BreadcrumbList","@id":"https:\/\/www.chemin-neuf.be\/fr\/formation-responsables-cana-a-kampala\/#breadcrumb","itemListElement":[{"@type":"ListItem","position":1,"name":"Home","item":"https:\/\/www.chemin-neuf.be\/fr\/"},{"@type":"ListItem","position":2,"name":"Formation Responsables CANA \u00e0 Kampala"}]},{"@type":"WebSite","@id":"https:\/\/www.chemin-neuf.be\/fr\/#website","url":"https:\/\/www.chemin-neuf.be\/fr\/","name":"Chemin Neuf Belgique","description":"Communaut\u00e9 du Chemin Neuf en Belgique","potentialAction":[{"@type":"SearchAction","target":{"@type":"EntryPoint","urlTemplate":"https:\/\/www.chemin-neuf.be\/fr\/?s={search_term_string}"},"query-input":{"@type":"PropertyValueSpecification","valueRequired":true,"valueName":"search_term_string"}}],"inLanguage":"fr-BE"},{"@type":"Person","@id":"https:\/\/www.chemin-neuf.be\/fr\/#\/schema\/person\/dbc5bb8de9c07e1728535c32a94f0692","name":"adminCCN","image":{"@type":"ImageObject","inLanguage":"fr-BE","@id":"https:\/\/secure.gravatar.com\/avatar\/87c9485d85e005be0f711778f5d5b8ea68d63bcbf73b1f7b969e7e9c9d9db96f?s=96&d=mm&r=g","url":"https:\/\/secure.gravatar.com\/avatar\/87c9485d85e005be0f711778f5d5b8ea68d63bcbf73b1f7b969e7e9c9d9db96f?s=96&d=mm&r=g","contentUrl":"https:\/\/secure.gravatar.com\/avatar\/87c9485d85e005be0f711778f5d5b8ea68d63bcbf73b1f7b969e7e9c9d9db96f?s=96&d=mm&r=g","caption":"adminCCN"},"sameAs":["https:\/\/www.chemin-neuf.be"]}]}},"_links":{"self":[{"href":"https:\/\/www.chemin-neuf.be\/fr\/wp-json\/wp\/v2\/posts\/65986","targetHints":{"allow":["GET"]}}],"collection":[{"href":"https:\/\/www.chemin-neuf.be\/fr\/wp-json\/wp\/v2\/posts"}],"about":[{"href":"https:\/\/www.chemin-neuf.be\/fr\/wp-json\/wp\/v2\/types\/post"}],"author":[{"embeddable":true,"href":"https:\/\/www.chemin-neuf.be\/fr\/wp-json\/wp\/v2\/users\/1"}],"replies":[{"embeddable":true,"href":"https:\/\/www.chemin-neuf.be\/fr\/wp-json\/wp\/v2\/comments?post=65986"}],"version-history":[{"count":0,"href":"https:\/\/www.chemin-neuf.be\/fr\/wp-json\/wp\/v2\/posts\/65986\/revisions"}],"wp:featuredmedia":[{"embeddable":true,"href":"https:\/\/www.chemin-neuf.be\/fr\/wp-json\/wp\/v2\/media\/65987"}],"wp:attachment":[{"href":"https:\/\/www.chemin-neuf.be\/fr\/wp-json\/wp\/v2\/media?parent=65986"}],"wp:term":[{"taxonomy":"category","embeddable":true,"href":"https:\/\/www.chemin-neuf.be\/fr\/wp-json\/wp\/v2\/categories?post=65986"},{"taxonomy":"post_tag","embeddable":true,"href":"https:\/\/www.chemin-neuf.be\/fr\/wp-json\/wp\/v2\/tags?post=65986"}],"curies":[{"name":"wp","href":"https:\/\/api.w.org\/{rel}","templated":true}]}}