{"id":65980,"date":"2023-11-23T15:49:40","date_gmt":"2023-11-23T14:49:40","guid":{"rendered":"https:\/\/www.chemin-neuf.be\/action-de-grace-au-caire\/"},"modified":"2023-11-23T15:49:40","modified_gmt":"2023-11-23T14:49:40","slug":"action-de-grace-au-caire","status":"publish","type":"post","link":"https:\/\/www.chemin-neuf.be\/fr\/action-de-grace-au-caire\/","title":{"rendered":"Action de Grace au Caire"},"content":{"rendered":"\n<div style=\"height:49px\" aria-hidden=\"true\" class=\"wp-block-spacer\"><\/div>\n\n\n\n<div class=\"wp-block-columns is-layout-flex wp-container-core-columns-is-layout-9d6595d7 wp-block-columns-is-layout-flex\">\n<div class=\"wp-block-column is-layout-flow wp-block-column-is-layout-flow\">\n<figure class=\"wp-block-image size-full\"><img decoding=\"async\" src=\"https:\/\/www.chemin-neuf.fr\/wp-content\/uploads\/2023\/11\/IMG-20231020-WA0070.jpg\" alt=\"\" class=\"wp-image-115406\"\/><\/figure>\n<\/div>\n<\/div>\n\n\n\n<p>All\u00e9luia .. All\u00e9luia!\u00a0<br>Les 19 et 20 Octobre derniers, dans une belle maison d&rsquo;accueil d&rsquo;une banlieue du Caire, les fr\u00e8res en \u00c9gypte ont pass\u00e9 un bon week-end communautaire avec le nouveau responsable de la Communaut\u00e9 du Chemin Neuf sur place, Faten Sarofiem , ainsi que le P\u00e8re Thomas Geze, vis-vis de pays. C&rsquo;\u00e9tait un week-end tr\u00e8s court mais riche \u00ab\u00a0comme un petit bouquet de diff\u00e9rents genres de fleurs\u00a0\u00bb.<\/p>\n\n\n\n<p>Ce qui a marqu\u00e9 ce week-end, c&rsquo;\u00e9tait la joie des engagements de Youssef et Suzy Bastawros et Fadi et Sahar Selim, dans la Communaut\u00e9, en pr\u00e9sence de monseigneur Claudio, l&rsquo;\u00e9v\u00eaque de l&rsquo;\u00e9glise latine en \u00c9gypte qui a c\u00e9l\u00e9br\u00e9 la messe d&rsquo;envoi. Ces deux couples qui sont originaires d&rsquo;Alexandrie, ont rencontr\u00e9 le Chemin Neuf \u00e0 travers les fraternit\u00e9s Cana (mission pour les couples et les familles). Suite \u00e0 un changement professionnel, ils sont maintenant au Caire et ils fortifient la pr\u00e9sence de la Communaut\u00e9 sur place, notamment dans la mission aupr\u00e8s des adolescents (14-18 ans) dont s&rsquo;occupe Youssef et Suzy et celle pour les 18-30 ans men\u00e9e par Fadi et Sahar.<\/p>\n\n\n\n<div class=\"wp-block-columns is-layout-flex wp-container-core-columns-is-layout-9d6595d7 wp-block-columns-is-layout-flex\">\n<div class=\"wp-block-column is-layout-flow wp-block-column-is-layout-flow\" style=\"flex-basis:50%\">\n<figure class=\"wp-block-image size-full\"><img decoding=\"async\" src=\"https:\/\/www.chemin-neuf.fr\/wp-content\/uploads\/2023\/11\/IMG-20231020-WA0073.jpg\" alt=\"\" class=\"wp-image-115404\"\/><\/figure>\n<\/div>\n\n\n\n<div class=\"wp-block-column is-layout-flow wp-block-column-is-layout-flow\" style=\"flex-basis:50%\">\n<figure class=\"wp-block-image size-full\"><img decoding=\"async\" src=\"https:\/\/www.chemin-neuf.fr\/wp-content\/uploads\/2023\/11\/IMG-20231020-WA0016.jpg\" alt=\"\" class=\"wp-image-115405\"\/><\/figure>\n<\/div>\n<\/div>\n\n\n\n<p>La Communaut\u00e9\u00a0du Chemin Neuf en \u00c9gypte, comprend aujourd&rsquo;hui :<br>4 couples engag\u00e9s\u00a0<br>4 autres couples cheminent avec la Communaut\u00e9 mais ne sont pas encore engag\u00e9s<br>5 couples vivent actuellement un parcours de discernement<\/p>\n\n\n\n<p>La nouveaut\u00e9 et la joie c&rsquo;est aussi le d\u00e9but de la Communion du Chemin neuf en \u00c9gypte.<\/p>\n\n\n<div class=\"wp-block-image\">\n<figure class=\"aligncenter size-full\"><img decoding=\"async\" src=\"https:\/\/www.chemin-neuf.fr\/wp-content\/uploads\/2023\/11\/IMG-20231020-WA0071.jpg\" alt=\"\" class=\"wp-image-115403\"\/><\/figure>\n<\/div>","protected":false},"excerpt":{"rendered":"<p>Engagement de nouveaux fr\u00e8res et soeurs de la Communaut\u00e9 !<\/p>\n","protected":false},"author":1,"featured_media":65981,"comment_status":"open","ping_status":"open","sticky":false,"template":"","format":"standard","meta":{"_acf_changed":false,"footnotes":""},"categories":[47],"tags":[78],"class_list":["post-65980","post","type-post","status-publish","format-standard","has-post-thumbnail","hentry","category-actualites-internationales-fr","tag-jmj"],"acf":[],"yoast_head":"<!-- This site is optimized with the Yoast SEO plugin v27.5 - https:\/\/yoast.com\/product\/yoast-seo-wordpress\/ -->\n<title>Action de Grace au Caire - Chemin Neuf Belgique<\/title>\n<meta name=\"description\" content=\"Engagement de nouveaux fr\u00e8res et soeurs de la Communaut\u00e9 !\" \/>\n<meta name=\"robots\" content=\"index, follow, max-snippet:-1, max-image-preview:large, max-video-preview:-1\" \/>\n<link rel=\"canonical\" href=\"https:\/\/www.chemin-neuf.be\/fr\/action-de-grace-au-caire\/\" \/>\n<meta property=\"og:locale\" content=\"fr_FR\" \/>\n<meta property=\"og:type\" content=\"article\" \/>\n<meta property=\"og:title\" content=\"Action de Grace au Caire - Chemin Neuf Belgique\" \/>\n<meta property=\"og:description\" content=\"Engagement de nouveaux fr\u00e8res et soeurs de la Communaut\u00e9 !\" \/>\n<meta property=\"og:url\" content=\"https:\/\/www.chemin-neuf.be\/fr\/action-de-grace-au-caire\/\" \/>\n<meta property=\"og:site_name\" content=\"Chemin Neuf Belgique\" \/>\n<meta property=\"article:published_time\" content=\"2023-11-23T14:49:40+00:00\" \/>\n<meta name=\"author\" content=\"adminCCN\" \/>\n<meta name=\"twitter:card\" content=\"summary_large_image\" \/>\n<meta name=\"twitter:label1\" content=\"\u00c9crit par\" \/>\n\t<meta name=\"twitter:data1\" content=\"adminCCN\" \/>\n\t<meta name=\"twitter:label2\" content=\"Dur\u00e9e de lecture est.\" \/>\n\t<meta name=\"twitter:data2\" content=\"1 minute\" \/>\n<script type=\"application\/ld+json\" class=\"yoast-schema-graph\">{\"@context\":\"https:\\\/\\\/schema.org\",\"@graph\":[{\"@type\":\"Article\",\"@id\":\"https:\\\/\\\/www.chemin-neuf.be\\\/fr\\\/action-de-grace-au-caire\\\/#article\",\"isPartOf\":{\"@id\":\"https:\\\/\\\/www.chemin-neuf.be\\\/fr\\\/action-de-grace-au-caire\\\/\"},\"author\":{\"name\":\"adminCCN\",\"@id\":\"https:\\\/\\\/www.chemin-neuf.be\\\/fr\\\/#\\\/schema\\\/person\\\/dbc5bb8de9c07e1728535c32a94f0692\"},\"headline\":\"Action de Grace au Caire\",\"datePublished\":\"2023-11-23T14:49:40+00:00\",\"mainEntityOfPage\":{\"@id\":\"https:\\\/\\\/www.chemin-neuf.be\\\/fr\\\/action-de-grace-au-caire\\\/\"},\"wordCount\":252,\"commentCount\":0,\"image\":{\"@id\":\"https:\\\/\\\/www.chemin-neuf.be\\\/fr\\\/action-de-grace-au-caire\\\/#primaryimage\"},\"thumbnailUrl\":\"https:\\\/\\\/www.chemin-neuf.be\\\/wp-content\\\/uploads\\\/2023\\\/11\\\/httpsdam.chemin-neuf.netwp-contentuploads202311httpswww.chemin-neuf.frwp-contentuploads202311IMG-20231020-WA0031.jpg\",\"keywords\":[\"jmj\"],\"articleSection\":[\"Actualit\u00e9s Internationales\"],\"inLanguage\":\"fr-BE\",\"potentialAction\":[{\"@type\":\"CommentAction\",\"name\":\"Comment\",\"target\":[\"https:\\\/\\\/www.chemin-neuf.be\\\/fr\\\/action-de-grace-au-caire\\\/#respond\"]}]},{\"@type\":\"WebPage\",\"@id\":\"https:\\\/\\\/www.chemin-neuf.be\\\/fr\\\/action-de-grace-au-caire\\\/\",\"url\":\"https:\\\/\\\/www.chemin-neuf.be\\\/fr\\\/action-de-grace-au-caire\\\/\",\"name\":\"Action de Grace au Caire - Chemin Neuf Belgique\",\"isPartOf\":{\"@id\":\"https:\\\/\\\/www.chemin-neuf.be\\\/fr\\\/#website\"},\"primaryImageOfPage\":{\"@id\":\"https:\\\/\\\/www.chemin-neuf.be\\\/fr\\\/action-de-grace-au-caire\\\/#primaryimage\"},\"image\":{\"@id\":\"https:\\\/\\\/www.chemin-neuf.be\\\/fr\\\/action-de-grace-au-caire\\\/#primaryimage\"},\"thumbnailUrl\":\"https:\\\/\\\/www.chemin-neuf.be\\\/wp-content\\\/uploads\\\/2023\\\/11\\\/httpsdam.chemin-neuf.netwp-contentuploads202311httpswww.chemin-neuf.frwp-contentuploads202311IMG-20231020-WA0031.jpg\",\"datePublished\":\"2023-11-23T14:49:40+00:00\",\"author\":{\"@id\":\"https:\\\/\\\/www.chemin-neuf.be\\\/fr\\\/#\\\/schema\\\/person\\\/dbc5bb8de9c07e1728535c32a94f0692\"},\"description\":\"Engagement de nouveaux fr\u00e8res et soeurs de la Communaut\u00e9 !\",\"breadcrumb\":{\"@id\":\"https:\\\/\\\/www.chemin-neuf.be\\\/fr\\\/action-de-grace-au-caire\\\/#breadcrumb\"},\"inLanguage\":\"fr-BE\",\"potentialAction\":[{\"@type\":\"ReadAction\",\"target\":[\"https:\\\/\\\/www.chemin-neuf.be\\\/fr\\\/action-de-grace-au-caire\\\/\"]}]},{\"@type\":\"ImageObject\",\"inLanguage\":\"fr-BE\",\"@id\":\"https:\\\/\\\/www.chemin-neuf.be\\\/fr\\\/action-de-grace-au-caire\\\/#primaryimage\",\"url\":\"https:\\\/\\\/www.chemin-neuf.be\\\/wp-content\\\/uploads\\\/2023\\\/11\\\/httpsdam.chemin-neuf.netwp-contentuploads202311httpswww.chemin-neuf.frwp-contentuploads202311IMG-20231020-WA0031.jpg\",\"contentUrl\":\"https:\\\/\\\/www.chemin-neuf.be\\\/wp-content\\\/uploads\\\/2023\\\/11\\\/httpsdam.chemin-neuf.netwp-contentuploads202311httpswww.chemin-neuf.frwp-contentuploads202311IMG-20231020-WA0031.jpg\",\"width\":1024,\"height\":768},{\"@type\":\"BreadcrumbList\",\"@id\":\"https:\\\/\\\/www.chemin-neuf.be\\\/fr\\\/action-de-grace-au-caire\\\/#breadcrumb\",\"itemListElement\":[{\"@type\":\"ListItem\",\"position\":1,\"name\":\"Home\",\"item\":\"https:\\\/\\\/www.chemin-neuf.be\\\/fr\\\/\"},{\"@type\":\"ListItem\",\"position\":2,\"name\":\"Action de Grace au Caire\"}]},{\"@type\":\"WebSite\",\"@id\":\"https:\\\/\\\/www.chemin-neuf.be\\\/fr\\\/#website\",\"url\":\"https:\\\/\\\/www.chemin-neuf.be\\\/fr\\\/\",\"name\":\"Chemin Neuf Belgique\",\"description\":\"Communaut\u00e9 du Chemin Neuf en Belgique\",\"potentialAction\":[{\"@type\":\"SearchAction\",\"target\":{\"@type\":\"EntryPoint\",\"urlTemplate\":\"https:\\\/\\\/www.chemin-neuf.be\\\/fr\\\/?s={search_term_string}\"},\"query-input\":{\"@type\":\"PropertyValueSpecification\",\"valueRequired\":true,\"valueName\":\"search_term_string\"}}],\"inLanguage\":\"fr-BE\"},{\"@type\":\"Person\",\"@id\":\"https:\\\/\\\/www.chemin-neuf.be\\\/fr\\\/#\\\/schema\\\/person\\\/dbc5bb8de9c07e1728535c32a94f0692\",\"name\":\"adminCCN\",\"image\":{\"@type\":\"ImageObject\",\"inLanguage\":\"fr-BE\",\"@id\":\"https:\\\/\\\/secure.gravatar.com\\\/avatar\\\/87c9485d85e005be0f711778f5d5b8ea68d63bcbf73b1f7b969e7e9c9d9db96f?s=96&d=mm&r=g\",\"url\":\"https:\\\/\\\/secure.gravatar.com\\\/avatar\\\/87c9485d85e005be0f711778f5d5b8ea68d63bcbf73b1f7b969e7e9c9d9db96f?s=96&d=mm&r=g\",\"contentUrl\":\"https:\\\/\\\/secure.gravatar.com\\\/avatar\\\/87c9485d85e005be0f711778f5d5b8ea68d63bcbf73b1f7b969e7e9c9d9db96f?s=96&d=mm&r=g\",\"caption\":\"adminCCN\"},\"sameAs\":[\"https:\\\/\\\/www.chemin-neuf.be\"]}]}<\/script>\n<!-- \/ Yoast SEO plugin. -->","yoast_head_json":{"title":"Action de Grace au Caire - Chemin Neuf Belgique","description":"Engagement de nouveaux fr\u00e8res et soeurs de la Communaut\u00e9 !","robots":{"index":"index","follow":"follow","max-snippet":"max-snippet:-1","max-image-preview":"max-image-preview:large","max-video-preview":"max-video-preview:-1"},"canonical":"https:\/\/www.chemin-neuf.be\/fr\/action-de-grace-au-caire\/","og_locale":"fr_FR","og_type":"article","og_title":"Action de Grace au Caire - Chemin Neuf Belgique","og_description":"Engagement de nouveaux fr\u00e8res et soeurs de la Communaut\u00e9 !","og_url":"https:\/\/www.chemin-neuf.be\/fr\/action-de-grace-au-caire\/","og_site_name":"Chemin Neuf Belgique","article_published_time":"2023-11-23T14:49:40+00:00","author":"adminCCN","twitter_card":"summary_large_image","twitter_misc":{"\u00c9crit par":"adminCCN","Dur\u00e9e de lecture est.":"1 minute"},"schema":{"@context":"https:\/\/schema.org","@graph":[{"@type":"Article","@id":"https:\/\/www.chemin-neuf.be\/fr\/action-de-grace-au-caire\/#article","isPartOf":{"@id":"https:\/\/www.chemin-neuf.be\/fr\/action-de-grace-au-caire\/"},"author":{"name":"adminCCN","@id":"https:\/\/www.chemin-neuf.be\/fr\/#\/schema\/person\/dbc5bb8de9c07e1728535c32a94f0692"},"headline":"Action de Grace au Caire","datePublished":"2023-11-23T14:49:40+00:00","mainEntityOfPage":{"@id":"https:\/\/www.chemin-neuf.be\/fr\/action-de-grace-au-caire\/"},"wordCount":252,"commentCount":0,"image":{"@id":"https:\/\/www.chemin-neuf.be\/fr\/action-de-grace-au-caire\/#primaryimage"},"thumbnailUrl":"https:\/\/www.chemin-neuf.be\/wp-content\/uploads\/2023\/11\/httpsdam.chemin-neuf.netwp-contentuploads202311httpswww.chemin-neuf.frwp-contentuploads202311IMG-20231020-WA0031.jpg","keywords":["jmj"],"articleSection":["Actualit\u00e9s Internationales"],"inLanguage":"fr-BE","potentialAction":[{"@type":"CommentAction","name":"Comment","target":["https:\/\/www.chemin-neuf.be\/fr\/action-de-grace-au-caire\/#respond"]}]},{"@type":"WebPage","@id":"https:\/\/www.chemin-neuf.be\/fr\/action-de-grace-au-caire\/","url":"https:\/\/www.chemin-neuf.be\/fr\/action-de-grace-au-caire\/","name":"Action de Grace au Caire - Chemin Neuf Belgique","isPartOf":{"@id":"https:\/\/www.chemin-neuf.be\/fr\/#website"},"primaryImageOfPage":{"@id":"https:\/\/www.chemin-neuf.be\/fr\/action-de-grace-au-caire\/#primaryimage"},"image":{"@id":"https:\/\/www.chemin-neuf.be\/fr\/action-de-grace-au-caire\/#primaryimage"},"thumbnailUrl":"https:\/\/www.chemin-neuf.be\/wp-content\/uploads\/2023\/11\/httpsdam.chemin-neuf.netwp-contentuploads202311httpswww.chemin-neuf.frwp-contentuploads202311IMG-20231020-WA0031.jpg","datePublished":"2023-11-23T14:49:40+00:00","author":{"@id":"https:\/\/www.chemin-neuf.be\/fr\/#\/schema\/person\/dbc5bb8de9c07e1728535c32a94f0692"},"description":"Engagement de nouveaux fr\u00e8res et soeurs de la Communaut\u00e9 !","breadcrumb":{"@id":"https:\/\/www.chemin-neuf.be\/fr\/action-de-grace-au-caire\/#breadcrumb"},"inLanguage":"fr-BE","potentialAction":[{"@type":"ReadAction","target":["https:\/\/www.chemin-neuf.be\/fr\/action-de-grace-au-caire\/"]}]},{"@type":"ImageObject","inLanguage":"fr-BE","@id":"https:\/\/www.chemin-neuf.be\/fr\/action-de-grace-au-caire\/#primaryimage","url":"https:\/\/www.chemin-neuf.be\/wp-content\/uploads\/2023\/11\/httpsdam.chemin-neuf.netwp-contentuploads202311httpswww.chemin-neuf.frwp-contentuploads202311IMG-20231020-WA0031.jpg","contentUrl":"https:\/\/www.chemin-neuf.be\/wp-content\/uploads\/2023\/11\/httpsdam.chemin-neuf.netwp-contentuploads202311httpswww.chemin-neuf.frwp-contentuploads202311IMG-20231020-WA0031.jpg","width":1024,"height":768},{"@type":"BreadcrumbList","@id":"https:\/\/www.chemin-neuf.be\/fr\/action-de-grace-au-caire\/#breadcrumb","itemListElement":[{"@type":"ListItem","position":1,"name":"Home","item":"https:\/\/www.chemin-neuf.be\/fr\/"},{"@type":"ListItem","position":2,"name":"Action de Grace au Caire"}]},{"@type":"WebSite","@id":"https:\/\/www.chemin-neuf.be\/fr\/#website","url":"https:\/\/www.chemin-neuf.be\/fr\/","name":"Chemin Neuf Belgique","description":"Communaut\u00e9 du Chemin Neuf en Belgique","potentialAction":[{"@type":"SearchAction","target":{"@type":"EntryPoint","urlTemplate":"https:\/\/www.chemin-neuf.be\/fr\/?s={search_term_string}"},"query-input":{"@type":"PropertyValueSpecification","valueRequired":true,"valueName":"search_term_string"}}],"inLanguage":"fr-BE"},{"@type":"Person","@id":"https:\/\/www.chemin-neuf.be\/fr\/#\/schema\/person\/dbc5bb8de9c07e1728535c32a94f0692","name":"adminCCN","image":{"@type":"ImageObject","inLanguage":"fr-BE","@id":"https:\/\/secure.gravatar.com\/avatar\/87c9485d85e005be0f711778f5d5b8ea68d63bcbf73b1f7b969e7e9c9d9db96f?s=96&d=mm&r=g","url":"https:\/\/secure.gravatar.com\/avatar\/87c9485d85e005be0f711778f5d5b8ea68d63bcbf73b1f7b969e7e9c9d9db96f?s=96&d=mm&r=g","contentUrl":"https:\/\/secure.gravatar.com\/avatar\/87c9485d85e005be0f711778f5d5b8ea68d63bcbf73b1f7b969e7e9c9d9db96f?s=96&d=mm&r=g","caption":"adminCCN"},"sameAs":["https:\/\/www.chemin-neuf.be"]}]}},"_links":{"self":[{"href":"https:\/\/www.chemin-neuf.be\/fr\/wp-json\/wp\/v2\/posts\/65980","targetHints":{"allow":["GET"]}}],"collection":[{"href":"https:\/\/www.chemin-neuf.be\/fr\/wp-json\/wp\/v2\/posts"}],"about":[{"href":"https:\/\/www.chemin-neuf.be\/fr\/wp-json\/wp\/v2\/types\/post"}],"author":[{"embeddable":true,"href":"https:\/\/www.chemin-neuf.be\/fr\/wp-json\/wp\/v2\/users\/1"}],"replies":[{"embeddable":true,"href":"https:\/\/www.chemin-neuf.be\/fr\/wp-json\/wp\/v2\/comments?post=65980"}],"version-history":[{"count":0,"href":"https:\/\/www.chemin-neuf.be\/fr\/wp-json\/wp\/v2\/posts\/65980\/revisions"}],"wp:featuredmedia":[{"embeddable":true,"href":"https:\/\/www.chemin-neuf.be\/fr\/wp-json\/wp\/v2\/media\/65981"}],"wp:attachment":[{"href":"https:\/\/www.chemin-neuf.be\/fr\/wp-json\/wp\/v2\/media?parent=65980"}],"wp:term":[{"taxonomy":"category","embeddable":true,"href":"https:\/\/www.chemin-neuf.be\/fr\/wp-json\/wp\/v2\/categories?post=65980"},{"taxonomy":"post_tag","embeddable":true,"href":"https:\/\/www.chemin-neuf.be\/fr\/wp-json\/wp\/v2\/tags?post=65980"}],"curies":[{"name":"wp","href":"https:\/\/api.w.org\/{rel}","templated":true}]}}