{"id":65971,"date":"2024-02-28T15:01:03","date_gmt":"2024-02-28T14:01:03","guid":{"rendered":"https:\/\/www.chemin-neuf.be\/jubile-en-martinique\/"},"modified":"2024-02-28T15:01:03","modified_gmt":"2024-02-28T14:01:03","slug":"jubile-en-martinique","status":"publish","type":"post","link":"https:\/\/www.chemin-neuf.be\/fr\/jubile-en-martinique\/","title":{"rendered":"Jubil\u00e9 en Martinique"},"content":{"rendered":"\n<p class=\"has-text-align-center\"><strong><a href=\"#English\">English version below<\/a><\/strong><\/p>\n\n\n\n<div class=\"wp-block-columns is-layout-flex wp-container-core-columns-is-layout-9d6595d7 wp-block-columns-is-layout-flex\">\n<div class=\"wp-block-column is-layout-flow wp-block-column-is-layout-flow\">\n<h6 class=\"wp-block-heading has-beige-background-color has-background\">Jubil\u00e9 d&rsquo;or des 50ans de la Communaut\u00e9 du Chemin Neuf<br>Domaine du Fort Saint Pierre Martinique &#8211; Samedi 27 janvier 2024<\/h6>\n<\/div>\n<\/div>\n\n\n\n<hr class=\"wp-block-separator has-alpha-channel-opacity\"\/>\n\n\n\n<div class=\"wp-block-columns is-layout-flex wp-container-core-columns-is-layout-9d6595d7 wp-block-columns-is-layout-flex\">\n<div class=\"wp-block-column has-extra-small-font-size is-layout-flow wp-block-column-is-layout-flow\" style=\"line-height:1;flex-basis:66.66%\">\n<p class=\"has-small-font-size\" style=\"line-height:1.3\">Un bel arc-en-ciel sur le Domaine du Fort (Saint Pierre) au moment du chant du&nbsp;<strong>\u00ab\u00a0JOYEUX ANNIVERSAIRE\u00a0\u00bb&nbsp;<\/strong>\u00e0 notre Communaut\u00e9<\/p>\n<\/div>\n\n\n\n<div class=\"wp-block-column is-layout-flow wp-block-column-is-layout-flow\" style=\"line-height:1;flex-basis:33.33%\">\n<figure class=\"wp-block-gallery has-nested-images columns-default is-cropped wp-block-gallery-1 is-layout-flex wp-block-gallery-is-layout-flex\">\n<figure class=\"wp-block-image size-full\"><img decoding=\"async\" data-id=\"118165\" src=\"https:\/\/www.chemin-neuf.fr\/wp-content\/uploads\/2024\/02\/1_arc-en-ciel.jpg\" alt=\"\" class=\"wp-image-118165\"\/><\/figure>\n<\/figure>\n<\/div>\n<\/div>\n\n\n\n<p>\u00ab\u00a0<strong>L\u2019Eglise de demain\u00a0\u00bb<\/strong>&nbsp;tel est le th\u00e8me du jubil\u00e9 de la CCN et la Martinique est la 3<sup>e<\/sup>&nbsp;\u00e9tape d\u2019un chemin communautaire qui comme le soleil fait le tour du globe, apr\u00e8s Hautecombe en France et le Burkina Faso et avant la Pologne.<br>Plusieurs lieux, un m\u00eame corps, le m\u00eame Esprit&nbsp;!<\/p>\n\n\n\n<figure class=\"wp-block-gallery has-nested-images columns-default is-cropped wp-block-gallery-2 is-layout-flex wp-block-gallery-is-layout-flex\">\n<figure class=\"wp-block-image size-large\"><img decoding=\"async\" data-id=\"118146\" src=\"https:\/\/www.chemin-neuf.fr\/wp-content\/uploads\/2024\/02\/les-pretres.jpg\" alt=\"\" class=\"wp-image-118146\"\/><figcaption class=\"wp-element-caption\">De gauche \u00e0 droite : Les diacres Robert MACENO, Pierre VALEY de Martinique, Jean-Marie LAPOUSSIN, diacre et membre de l\u2019\u00e9quipe responsable de la CCN en Guadeloupe, P\u00e8re Emeric DE ROZIERES du dioc\u00e8se de Bordeaux, les P\u00e8res Adonis BIZOMENYA, Jean DOULKOM, Georges SCHOLASTIQUE et Ryan RABATHALY, pr\u00eatres de la CCN. Au centre et au premier plan, Mgr David MACAIRE, Archev\u00eaque de la Martinique, Mgr Philippe GUIOUGOU, Ev\u00eaque de la Guadeloupe, P\u00e8re Fran\u00e7ois MICHON, Mod\u00e9rateur G\u00e9n\u00e9ral et sup\u00e9rieur g\u00e9n\u00e9ral de l\u2019Institut pontifical des pr\u00eatres de la CCN. Au second plan, les P\u00e8res Jacques PLATON et Pierre HENDERSON, pr\u00eatres du dioc\u00e8se de Martinique, P\u00e8re Franck DIANT, pr\u00eatre et responsable de la CCN en Guadeloupe, P\u00e8re Jozef NOWAK, cur\u00e9 du sanctuaire de Notre Dame de D\u00e9livrande o\u00f9 s\u2019est v\u00e9cue l\u2019Eucharistie, les diacres Paul ROUGON et Tony ALLAGUY-SALACHY de Martinique.<\/figcaption><\/figure>\n<\/figure>\n\n\n\n<p><strong>La c\u00e9l\u00e9bration du jubil\u00e9<\/strong>&nbsp;a comport\u00e9 plusieurs moments, certains d\u2019une importance particuli\u00e8re comme l\u2019eucharistie (Les textes choisis, le sourire de Marie et de J\u00e9sus, les beaux v\u00eatements liturgiques des c\u00e9l\u00e9brants, la chorale, l\u2019assembl\u00e9e fervente, les fleurs\u2026) ou les tables rondes et le concert des jeunes.&nbsp;<\/p>\n\n\n\n<figure class=\"wp-block-gallery has-nested-images columns-default is-cropped wp-block-gallery-3 is-layout-flex wp-block-gallery-is-layout-flex\">\n<figure class=\"wp-block-image size-large\"><img decoding=\"async\" data-id=\"118147\" src=\"https:\/\/www.chemin-neuf.fr\/wp-content\/uploads\/2024\/02\/les-freres.jpg\" alt=\"\" class=\"wp-image-118147\"\/><figcaption class=\"wp-element-caption\">Pour la premi\u00e8re table ronde, de gauche \u00e0 droite, D\u00e9borah et Ryan animateurs des tables rondes, Emmanuel, Mgr David, P\u00e8re Fran\u00e7ois, Val\u00e9rie-Ann, Mgr Philippe, B\u00e9atrice et Alain <\/figcaption><\/figure>\n\n\n\n<figure class=\"wp-block-image size-large\"><img decoding=\"async\" data-id=\"118148\" src=\"https:\/\/www.chemin-neuf.fr\/wp-content\/uploads\/2024\/02\/louange.jpg\" alt=\"\" class=\"wp-image-118148\"\/><\/figure>\n\n\n\n<figure class=\"wp-block-image size-large\"><img decoding=\"async\" data-id=\"118149\" src=\"https:\/\/www.chemin-neuf.fr\/wp-content\/uploads\/2024\/02\/priere.jpg\" alt=\"\" class=\"wp-image-118149\"\/><figcaption class=\"wp-element-caption\">Le groupe de louange des jeunes<\/figcaption><\/figure>\n<\/figure>\n\n\n\n<p>D\u2019autres, en apparence moins centraux, ont aussi touch\u00e9 les c\u0153urs, comme les temps de louange, les temps de partage, les repas, les conversations de cour ou de jardin, les photos partag\u00e9es, les textes et les images re\u00e7ues\u2026 Tous nos sens \u00e0 la mani\u00e8re ignatienne ont \u00e9t\u00e9 sollicit\u00e9s.<\/p>\n\n\n\n<h4 class=\"wp-block-heading\"><strong>UN CHEMIN SYNODAL<\/strong><\/h4>\n\n\n\n<p>Deux \u00e9v\u00eaques, des pr\u00eatres, des religieux, hommes, femmes, blancs et noirs, descendants d\u2019esclavis\u00e9s, descendants d\u2019esclavagistes, chr\u00e9tiens, protestants, orthodoxes, paroissiens, communautaires, membres de la Communion, amis du Chemin Neuf, hommes politiques, jeunes et vieux de diff\u00e9rents continents, dominicains et dominicaines se sont r\u00e9unis pour prier, \u00e9couter la Parole de Dieu, chanter en Fran\u00e7ais en anglais, en cr\u00e9ole, en Kirundi&nbsp;; danser, partager leurs opinions, manger et boire et essayer de construire ensemble&nbsp;<strong>l\u2019\u00e9glise de demain.<\/strong><br><em>I ngo tu du gan\u2019a ka nya mu ne za mu ngoro y\u2019i ma na&nbsp;<\/em>(Psaume 122&nbsp;: \u00d4 ma joie quand on m\u2019a dit&nbsp;: Allons \u00e0 la maison du Seigneur&nbsp;! en Kirundi langue du Burundi).<br>Joie, fraternit\u00e9, unit\u00e9, pardon sont les mots cl\u00e9s de cette journ\u00e9e.<\/p>\n\n\n\n<p>Cette mani\u00e8re d\u2019\u00eatre fr\u00e8res, s\u2019est vue dans les yeux, dans les rires et les sourires, les traits d\u2019humour, dans les corps qui se balan\u00e7aient, dans les voix, dans les mains qui se joignaient, dans les bras qui supportaient les plus faibles mais surtout dans cette joie qui habitait les c\u0153urs, tous les c\u0153urs, et qui \u00e9tait l\u2019onction de la gr\u00e2ce divine impalpable, mais combien r\u00e9elle&nbsp;! Vrai temps de consolation&nbsp;!&nbsp;<\/p>\n\n\n\n<p>Nous avions l\u2019impression de \u00ab&nbsp;<em>toucher la gr\u00e2ce du doigt<\/em>&nbsp;\u00bb (Fran\u00e7ois Michon)<br>Comme dans chacune des trois autres r\u00e9gions deux&nbsp;<strong>tables rondes&nbsp;<\/strong>se tiennent autour du th\u00e8me g\u00e9n\u00e9ral mais avec une connotation sp\u00e9cifique au pays. Pour la Martinique et la Guadeloupe, les questions retenues, l\u2019ont \u00e9t\u00e9 \u00e0 partir d\u2019un processus synodal auquel ont particip\u00e9 tous les fr\u00e8res de la Communaut\u00e9 et de la Communion de Martinique et de Guadeloupe&nbsp;:<br>*L\u2019Eglise au d\u00e9fi de&nbsp;<strong>l\u2019unit\u00e9 et de la fraternit\u00e9<\/strong>&nbsp;dans la soci\u00e9t\u00e9 antillaise&nbsp;<br>*L\u2019Eglise et le d\u00e9fi de&nbsp;<strong>l\u2019int\u00e9gration des jeunes<\/strong><\/p>\n\n\n\n<figure class=\"wp-block-gallery has-nested-images columns-default is-cropped wp-block-gallery-4 is-layout-flex wp-block-gallery-is-layout-flex\">\n<figure class=\"wp-block-image size-full\"><img decoding=\"async\" data-id=\"118167\" src=\"https:\/\/www.chemin-neuf.fr\/wp-content\/uploads\/2024\/02\/4_Table_ronde-2.jpg\" alt=\"\" class=\"wp-image-118167\"\/><figcaption class=\"wp-element-caption\">2\u00e8me Table ronde : Int\u00e9gration des jeunes D\u00e9borah, Ryan, Alan, Mgr David, Micka\u00eblle, Mgr Philipe, P\u00e8re Fran\u00e7ois, Viviane et Thierry<\/figcaption><\/figure>\n\n\n\n<figure class=\"wp-block-image size-full\"><img decoding=\"async\" data-id=\"118166\" src=\"https:\/\/www.chemin-neuf.fr\/wp-content\/uploads\/2024\/02\/5_Priere-jeunes.jpg\" alt=\"\" class=\"wp-image-118166\"\/><figcaption class=\"wp-element-caption\">La pri\u00e8re de gu\u00e9rison, de lib\u00e9ration proclam\u00e9e par les jeunes<\/figcaption><\/figure>\n<\/figure>\n\n\n\n<h2 class=\"wp-block-heading\" id=\"English\">Jubilee in Martinique<\/h2>\n\n\n\n<h6 class=\"wp-block-heading has-beige-background-color has-background\">Golden Jubilee of 50 years of the Chemin Neuf Community<br>Domaine du Fort Saint Pierre Martinique &#8211; Saturday 27 January 2024<\/h6>\n\n\n\n<hr class=\"wp-block-separator has-alpha-channel-opacity\"\/>\n\n\n\n<div class=\"wp-block-columns is-layout-flex wp-container-core-columns-is-layout-9d6595d7 wp-block-columns-is-layout-flex\">\n<div class=\"wp-block-column has-extra-small-font-size is-layout-flow wp-block-column-is-layout-flow\" style=\"line-height:1;flex-basis:66.66%\">\n<p class=\"has-small-font-size\" style=\"line-height:1.3\">A beautiful rainbow over the Domaine du Fort (Saint Pierre) as we sang \u00ab\u00a0HAPPY BIRTHDAY\u00a0\u00bb for our Community<\/p>\n<\/div>\n\n\n\n<div class=\"wp-block-column is-layout-flow wp-block-column-is-layout-flow\" style=\"line-height:1;flex-basis:33.33%\">\n<figure class=\"wp-block-gallery has-nested-images columns-default is-cropped wp-block-gallery-5 is-layout-flex wp-block-gallery-is-layout-flex\">\n<figure class=\"wp-block-image size-full\"><img decoding=\"async\" data-id=\"118165\" src=\"https:\/\/www.chemin-neuf.fr\/wp-content\/uploads\/2024\/02\/1_arc-en-ciel.jpg\" alt=\"\" class=\"wp-image-118165\"\/><\/figure>\n<\/figure>\n<\/div>\n<\/div>\n\n\n\n<p><strong>\u00ab\u00a0Tomorrow&rsquo;s Church\u00a0\u00bb<\/strong> is the theme of the CCN jubilee, and Martinique is the 3rd stop on a community journey that is going around the world like the sun, after Hautecombe in France and Burkina Faso, and before Poland.<br>Many countries, one body, one Spirit!<\/p>\n\n\n\n<figure class=\"wp-block-gallery has-nested-images columns-default is-cropped wp-block-gallery-6 is-layout-flex wp-block-gallery-is-layout-flex\">\n<figure class=\"wp-block-image size-large\"><img decoding=\"async\" data-id=\"118146\" src=\"https:\/\/www.chemin-neuf.fr\/wp-content\/uploads\/2024\/02\/les-pretres.jpg\" alt=\"\" class=\"wp-image-118146\"\/><figcaption class=\"wp-element-caption\">From left to right : The deacons Robert MACENO, Pierre VALEY from Martinique, Jean-Marie LAPOUSSIN, deacon and member of the leadership team  of the CCN in Guadeloupe, Father Emeric DE ROZIERES of the diocese of Bordeaux, Fathers Adonis BIZOMENYA, Jean DOULKOM, Georges SCHOLASTIQUE and Ryan RABATHALY, priests of the CCN. Centre and forground, Mgr David MACAIRE, Archbishop of Martinique, Mgr Philippe GUIOUGOU, Bishop of Guadeloupe, Father Fran\u00e7ois MICHON, General Moderator and General Superior of the Pontifical Institute of priests of the CCN. In the background, Fathers  Jacques PLATON and Pierre HENDERSON, priests of the diocese of Martinique, Father Franck DIANT, priest and leader of the CCN in Guadeloupe, Father Jozef NOWAK, parish priest of &lsquo;Notre Dame D\u00e9livrance&rsquo; sanctuary, where the Eucharist was celebrated, the deacons Paul ROUGON and Tony ALLAGUY-SALACHY of Martinique.<\/figcaption><\/figure>\n<\/figure>\n\n\n\n<p>The jubilee celebration included a number of moments, some of special importance, such as the Eucharist (the chosen texts, the smiles of Mary and Jesus, the beautiful liturgical vestments of the celebrants, the choir, the fervent congregation, the flowers\u2026) or the round tables and the youth concert.&nbsp;<\/p>\n\n\n\n<figure class=\"wp-block-gallery has-nested-images columns-default is-cropped wp-block-gallery-7 is-layout-flex wp-block-gallery-is-layout-flex\">\n<figure class=\"wp-block-image size-large\"><img decoding=\"async\" data-id=\"118147\" src=\"https:\/\/www.chemin-neuf.fr\/wp-content\/uploads\/2024\/02\/les-freres.jpg\" alt=\"\" class=\"wp-image-118147\"\/><figcaption class=\"wp-element-caption\">For the first round table, from left to right, D\u00e9borah and Ryan round table hosts, Emmanuel, Mgr David, Father Fran\u00e7ois, Val\u00e9rie-Ann, Mgr Philippe, B\u00e9atrice and Alain <\/figcaption><\/figure>\n\n\n\n<figure class=\"wp-block-image size-large\"><img decoding=\"async\" data-id=\"118148\" src=\"https:\/\/www.chemin-neuf.fr\/wp-content\/uploads\/2024\/02\/louange.jpg\" alt=\"\" class=\"wp-image-118148\"\/><\/figure>\n\n\n\n<figure class=\"wp-block-image size-large\"><img decoding=\"async\" data-id=\"118149\" src=\"https:\/\/www.chemin-neuf.fr\/wp-content\/uploads\/2024\/02\/priere.jpg\" alt=\"\" class=\"wp-image-118149\"\/><figcaption class=\"wp-element-caption\">Worship youth group<\/figcaption><\/figure>\n<\/figure>\n\n\n\n<p>Others, seemingly less central, also touched our hearts, such as the times of praise, the times of sharing, the meals, the conversations in the courtyard or garden, the shared photos, the texts and images received\u2026 All our senses, in the Ignatian way, were called upon.<\/p>\n\n\n\n<h4 class=\"wp-block-heading\">A SYNODAL JOURNEY<\/h4>\n\n\n\n<p>Two bishops, priests, religious, men, women, white and black, descendants of slaves, descendants of slave-owners, Catholics, Protestants, Orthodox, parishioners, community members, members of the Communion, friends of Chemin Neuf, politicians, young and old from different continents, Dominicans, men and women, came together to pray, to listen to the Word of God, to sing in French, English, Creole and Kirundi; dance, share their opinions, eat and drink and try to build tomorrow&rsquo;s church together.<br><em>I ngo tu du gan\u2019a ka nya mu ne za mu ngoro y\u2019i ma na&nbsp;<\/em>(Psalm 122&nbsp;: I rejoiced with those who said to me: \u201cLet us go to the house of the&nbsp;Lord.\u201d in Kirundi, the language of Burundi).<br>Joy, fraternity, unity and forgiveness are the key words of this day.<\/p>\n\n\n\n<p>This way of being brothers was seen in the eyes, in the laughter and smiles, in the humour, in the bodies that swayed, in the voices, in the hands that joined together, in the arms that supported the weakest, but above all in the joy that dwelled in the hearts, in all the hearts, and which was the anointing of divine grace, which was intangible, but so very real! A true time of consolation!<\/p>\n\n\n\n<p>We had the impression of \u00ab\u00a0touching grace with our finger\u00a0\u00bb (Fran\u00e7ois Michon)<br>As in each of the other three regions, two round tables were held around the general theme, but with a country-specific emphasis. For Martinique and Guadeloupe, the questions were selected on the basis of a synodal process in which all the brothers of the Community and Communion of Martinique and Guadeloupe participated:<br>*The Church and the challenge of unity and fraternity in West Indian society&nbsp;<br>*The Church and the challenge of integrating young people<\/p>\n\n\n\n<figure class=\"wp-block-gallery has-nested-images columns-default is-cropped wp-block-gallery-8 is-layout-flex wp-block-gallery-is-layout-flex\">\n<figure class=\"wp-block-image size-full\"><img decoding=\"async\" data-id=\"118167\" src=\"https:\/\/www.chemin-neuf.fr\/wp-content\/uploads\/2024\/02\/4_Table_ronde-2.jpg\" alt=\"\" class=\"wp-image-118167\"\/><figcaption class=\"wp-element-caption\">2nd round table: Integrating young peopleD\u00e9borah, Ryan, Alan, Mgr David, Micka\u00eblle, Mgr Philipe, Father Fran\u00e7ois, Viviane and Thierry<\/figcaption><\/figure>\n\n\n\n<figure class=\"wp-block-image size-full\"><img decoding=\"async\" data-id=\"118166\" src=\"https:\/\/www.chemin-neuf.fr\/wp-content\/uploads\/2024\/02\/5_Priere-jeunes.jpg\" alt=\"\" class=\"wp-image-118166\"\/><figcaption class=\"wp-element-caption\">Healing and liberation prayer proclaimed by young people<\/figcaption><\/figure>\n<\/figure>\n","protected":false},"excerpt":{"rendered":"<p>C\u00e9l\u00e9bration des 50ans de la Communaut\u00e9 du Chemin Neuf en Martinique<\/p>\n","protected":false},"author":1,"featured_media":65972,"comment_status":"open","ping_status":"open","sticky":false,"template":"","format":"standard","meta":{"_acf_changed":false,"footnotes":""},"categories":[47],"tags":[69],"class_list":["post-65971","post","type-post","status-publish","format-standard","has-post-thumbnail","hentry","category-actualites-internationales-fr","tag-formation"],"acf":[],"yoast_head":"<!-- This site is optimized with the Yoast SEO plugin v27.5 - https:\/\/yoast.com\/product\/yoast-seo-wordpress\/ -->\n<title>Jubil\u00e9 en Martinique - Chemin Neuf Belgique<\/title>\n<meta name=\"description\" content=\"C\u00e9l\u00e9bration des 50ans de la Communaut\u00e9 du Chemin Neuf en Martinique\" \/>\n<meta name=\"robots\" content=\"index, follow, max-snippet:-1, max-image-preview:large, max-video-preview:-1\" \/>\n<link rel=\"canonical\" href=\"https:\/\/www.chemin-neuf.be\/fr\/jubile-en-martinique\/\" \/>\n<meta property=\"og:locale\" content=\"fr_FR\" \/>\n<meta property=\"og:type\" content=\"article\" \/>\n<meta property=\"og:title\" content=\"Jubil\u00e9 en Martinique - Chemin Neuf Belgique\" \/>\n<meta property=\"og:description\" content=\"C\u00e9l\u00e9bration des 50ans de la Communaut\u00e9 du Chemin Neuf en Martinique\" \/>\n<meta property=\"og:url\" content=\"https:\/\/www.chemin-neuf.be\/fr\/jubile-en-martinique\/\" \/>\n<meta property=\"og:site_name\" content=\"Chemin Neuf Belgique\" \/>\n<meta property=\"article:published_time\" content=\"2024-02-28T14:01:03+00:00\" \/>\n<meta name=\"author\" content=\"adminCCN\" \/>\n<meta name=\"twitter:card\" content=\"summary_large_image\" \/>\n<meta name=\"twitter:label1\" content=\"\u00c9crit par\" \/>\n\t<meta name=\"twitter:data1\" content=\"adminCCN\" \/>\n\t<meta name=\"twitter:label2\" content=\"Dur\u00e9e de lecture est.\" \/>\n\t<meta name=\"twitter:data2\" content=\"7 minutes\" \/>\n<script type=\"application\/ld+json\" class=\"yoast-schema-graph\">{\"@context\":\"https:\\\/\\\/schema.org\",\"@graph\":[{\"@type\":\"Article\",\"@id\":\"https:\\\/\\\/www.chemin-neuf.be\\\/fr\\\/jubile-en-martinique\\\/#article\",\"isPartOf\":{\"@id\":\"https:\\\/\\\/www.chemin-neuf.be\\\/fr\\\/jubile-en-martinique\\\/\"},\"author\":{\"name\":\"adminCCN\",\"@id\":\"https:\\\/\\\/www.chemin-neuf.be\\\/fr\\\/#\\\/schema\\\/person\\\/dbc5bb8de9c07e1728535c32a94f0692\"},\"headline\":\"Jubil\u00e9 en Martinique\",\"datePublished\":\"2024-02-28T14:01:03+00:00\",\"mainEntityOfPage\":{\"@id\":\"https:\\\/\\\/www.chemin-neuf.be\\\/fr\\\/jubile-en-martinique\\\/\"},\"wordCount\":1458,\"commentCount\":0,\"image\":{\"@id\":\"https:\\\/\\\/www.chemin-neuf.be\\\/fr\\\/jubile-en-martinique\\\/#primaryimage\"},\"thumbnailUrl\":\"https:\\\/\\\/www.chemin-neuf.be\\\/wp-content\\\/uploads\\\/2024\\\/02\\\/httpsdam.chemin-neuf.netwp-contentuploads202402httpswww.chemin-neuf.frwp-contentuploads202402P1344371.jpg\",\"keywords\":[\"formation\"],\"articleSection\":[\"Actualit\u00e9s Internationales\"],\"inLanguage\":\"fr-BE\",\"potentialAction\":[{\"@type\":\"CommentAction\",\"name\":\"Comment\",\"target\":[\"https:\\\/\\\/www.chemin-neuf.be\\\/fr\\\/jubile-en-martinique\\\/#respond\"]}]},{\"@type\":\"WebPage\",\"@id\":\"https:\\\/\\\/www.chemin-neuf.be\\\/fr\\\/jubile-en-martinique\\\/\",\"url\":\"https:\\\/\\\/www.chemin-neuf.be\\\/fr\\\/jubile-en-martinique\\\/\",\"name\":\"Jubil\u00e9 en Martinique - Chemin Neuf Belgique\",\"isPartOf\":{\"@id\":\"https:\\\/\\\/www.chemin-neuf.be\\\/fr\\\/#website\"},\"primaryImageOfPage\":{\"@id\":\"https:\\\/\\\/www.chemin-neuf.be\\\/fr\\\/jubile-en-martinique\\\/#primaryimage\"},\"image\":{\"@id\":\"https:\\\/\\\/www.chemin-neuf.be\\\/fr\\\/jubile-en-martinique\\\/#primaryimage\"},\"thumbnailUrl\":\"https:\\\/\\\/www.chemin-neuf.be\\\/wp-content\\\/uploads\\\/2024\\\/02\\\/httpsdam.chemin-neuf.netwp-contentuploads202402httpswww.chemin-neuf.frwp-contentuploads202402P1344371.jpg\",\"datePublished\":\"2024-02-28T14:01:03+00:00\",\"author\":{\"@id\":\"https:\\\/\\\/www.chemin-neuf.be\\\/fr\\\/#\\\/schema\\\/person\\\/dbc5bb8de9c07e1728535c32a94f0692\"},\"description\":\"C\u00e9l\u00e9bration des 50ans de la Communaut\u00e9 du Chemin Neuf en Martinique\",\"breadcrumb\":{\"@id\":\"https:\\\/\\\/www.chemin-neuf.be\\\/fr\\\/jubile-en-martinique\\\/#breadcrumb\"},\"inLanguage\":\"fr-BE\",\"potentialAction\":[{\"@type\":\"ReadAction\",\"target\":[\"https:\\\/\\\/www.chemin-neuf.be\\\/fr\\\/jubile-en-martinique\\\/\"]}]},{\"@type\":\"ImageObject\",\"inLanguage\":\"fr-BE\",\"@id\":\"https:\\\/\\\/www.chemin-neuf.be\\\/fr\\\/jubile-en-martinique\\\/#primaryimage\",\"url\":\"https:\\\/\\\/www.chemin-neuf.be\\\/wp-content\\\/uploads\\\/2024\\\/02\\\/httpsdam.chemin-neuf.netwp-contentuploads202402httpswww.chemin-neuf.frwp-contentuploads202402P1344371.jpg\",\"contentUrl\":\"https:\\\/\\\/www.chemin-neuf.be\\\/wp-content\\\/uploads\\\/2024\\\/02\\\/httpsdam.chemin-neuf.netwp-contentuploads202402httpswww.chemin-neuf.frwp-contentuploads202402P1344371.jpg\",\"width\":1772,\"height\":1328},{\"@type\":\"BreadcrumbList\",\"@id\":\"https:\\\/\\\/www.chemin-neuf.be\\\/fr\\\/jubile-en-martinique\\\/#breadcrumb\",\"itemListElement\":[{\"@type\":\"ListItem\",\"position\":1,\"name\":\"Home\",\"item\":\"https:\\\/\\\/www.chemin-neuf.be\\\/fr\\\/\"},{\"@type\":\"ListItem\",\"position\":2,\"name\":\"Jubil\u00e9 en Martinique\"}]},{\"@type\":\"WebSite\",\"@id\":\"https:\\\/\\\/www.chemin-neuf.be\\\/fr\\\/#website\",\"url\":\"https:\\\/\\\/www.chemin-neuf.be\\\/fr\\\/\",\"name\":\"Chemin Neuf Belgique\",\"description\":\"Communaut\u00e9 du Chemin Neuf en Belgique\",\"potentialAction\":[{\"@type\":\"SearchAction\",\"target\":{\"@type\":\"EntryPoint\",\"urlTemplate\":\"https:\\\/\\\/www.chemin-neuf.be\\\/fr\\\/?s={search_term_string}\"},\"query-input\":{\"@type\":\"PropertyValueSpecification\",\"valueRequired\":true,\"valueName\":\"search_term_string\"}}],\"inLanguage\":\"fr-BE\"},{\"@type\":\"Person\",\"@id\":\"https:\\\/\\\/www.chemin-neuf.be\\\/fr\\\/#\\\/schema\\\/person\\\/dbc5bb8de9c07e1728535c32a94f0692\",\"name\":\"adminCCN\",\"image\":{\"@type\":\"ImageObject\",\"inLanguage\":\"fr-BE\",\"@id\":\"https:\\\/\\\/secure.gravatar.com\\\/avatar\\\/87c9485d85e005be0f711778f5d5b8ea68d63bcbf73b1f7b969e7e9c9d9db96f?s=96&d=mm&r=g\",\"url\":\"https:\\\/\\\/secure.gravatar.com\\\/avatar\\\/87c9485d85e005be0f711778f5d5b8ea68d63bcbf73b1f7b969e7e9c9d9db96f?s=96&d=mm&r=g\",\"contentUrl\":\"https:\\\/\\\/secure.gravatar.com\\\/avatar\\\/87c9485d85e005be0f711778f5d5b8ea68d63bcbf73b1f7b969e7e9c9d9db96f?s=96&d=mm&r=g\",\"caption\":\"adminCCN\"},\"sameAs\":[\"https:\\\/\\\/www.chemin-neuf.be\"]}]}<\/script>\n<!-- \/ Yoast SEO plugin. -->","yoast_head_json":{"title":"Jubil\u00e9 en Martinique - Chemin Neuf Belgique","description":"C\u00e9l\u00e9bration des 50ans de la Communaut\u00e9 du Chemin Neuf en Martinique","robots":{"index":"index","follow":"follow","max-snippet":"max-snippet:-1","max-image-preview":"max-image-preview:large","max-video-preview":"max-video-preview:-1"},"canonical":"https:\/\/www.chemin-neuf.be\/fr\/jubile-en-martinique\/","og_locale":"fr_FR","og_type":"article","og_title":"Jubil\u00e9 en Martinique - Chemin Neuf Belgique","og_description":"C\u00e9l\u00e9bration des 50ans de la Communaut\u00e9 du Chemin Neuf en Martinique","og_url":"https:\/\/www.chemin-neuf.be\/fr\/jubile-en-martinique\/","og_site_name":"Chemin Neuf Belgique","article_published_time":"2024-02-28T14:01:03+00:00","author":"adminCCN","twitter_card":"summary_large_image","twitter_misc":{"\u00c9crit par":"adminCCN","Dur\u00e9e de lecture est.":"7 minutes"},"schema":{"@context":"https:\/\/schema.org","@graph":[{"@type":"Article","@id":"https:\/\/www.chemin-neuf.be\/fr\/jubile-en-martinique\/#article","isPartOf":{"@id":"https:\/\/www.chemin-neuf.be\/fr\/jubile-en-martinique\/"},"author":{"name":"adminCCN","@id":"https:\/\/www.chemin-neuf.be\/fr\/#\/schema\/person\/dbc5bb8de9c07e1728535c32a94f0692"},"headline":"Jubil\u00e9 en Martinique","datePublished":"2024-02-28T14:01:03+00:00","mainEntityOfPage":{"@id":"https:\/\/www.chemin-neuf.be\/fr\/jubile-en-martinique\/"},"wordCount":1458,"commentCount":0,"image":{"@id":"https:\/\/www.chemin-neuf.be\/fr\/jubile-en-martinique\/#primaryimage"},"thumbnailUrl":"https:\/\/www.chemin-neuf.be\/wp-content\/uploads\/2024\/02\/httpsdam.chemin-neuf.netwp-contentuploads202402httpswww.chemin-neuf.frwp-contentuploads202402P1344371.jpg","keywords":["formation"],"articleSection":["Actualit\u00e9s Internationales"],"inLanguage":"fr-BE","potentialAction":[{"@type":"CommentAction","name":"Comment","target":["https:\/\/www.chemin-neuf.be\/fr\/jubile-en-martinique\/#respond"]}]},{"@type":"WebPage","@id":"https:\/\/www.chemin-neuf.be\/fr\/jubile-en-martinique\/","url":"https:\/\/www.chemin-neuf.be\/fr\/jubile-en-martinique\/","name":"Jubil\u00e9 en Martinique - Chemin Neuf Belgique","isPartOf":{"@id":"https:\/\/www.chemin-neuf.be\/fr\/#website"},"primaryImageOfPage":{"@id":"https:\/\/www.chemin-neuf.be\/fr\/jubile-en-martinique\/#primaryimage"},"image":{"@id":"https:\/\/www.chemin-neuf.be\/fr\/jubile-en-martinique\/#primaryimage"},"thumbnailUrl":"https:\/\/www.chemin-neuf.be\/wp-content\/uploads\/2024\/02\/httpsdam.chemin-neuf.netwp-contentuploads202402httpswww.chemin-neuf.frwp-contentuploads202402P1344371.jpg","datePublished":"2024-02-28T14:01:03+00:00","author":{"@id":"https:\/\/www.chemin-neuf.be\/fr\/#\/schema\/person\/dbc5bb8de9c07e1728535c32a94f0692"},"description":"C\u00e9l\u00e9bration des 50ans de la Communaut\u00e9 du Chemin Neuf en Martinique","breadcrumb":{"@id":"https:\/\/www.chemin-neuf.be\/fr\/jubile-en-martinique\/#breadcrumb"},"inLanguage":"fr-BE","potentialAction":[{"@type":"ReadAction","target":["https:\/\/www.chemin-neuf.be\/fr\/jubile-en-martinique\/"]}]},{"@type":"ImageObject","inLanguage":"fr-BE","@id":"https:\/\/www.chemin-neuf.be\/fr\/jubile-en-martinique\/#primaryimage","url":"https:\/\/www.chemin-neuf.be\/wp-content\/uploads\/2024\/02\/httpsdam.chemin-neuf.netwp-contentuploads202402httpswww.chemin-neuf.frwp-contentuploads202402P1344371.jpg","contentUrl":"https:\/\/www.chemin-neuf.be\/wp-content\/uploads\/2024\/02\/httpsdam.chemin-neuf.netwp-contentuploads202402httpswww.chemin-neuf.frwp-contentuploads202402P1344371.jpg","width":1772,"height":1328},{"@type":"BreadcrumbList","@id":"https:\/\/www.chemin-neuf.be\/fr\/jubile-en-martinique\/#breadcrumb","itemListElement":[{"@type":"ListItem","position":1,"name":"Home","item":"https:\/\/www.chemin-neuf.be\/fr\/"},{"@type":"ListItem","position":2,"name":"Jubil\u00e9 en Martinique"}]},{"@type":"WebSite","@id":"https:\/\/www.chemin-neuf.be\/fr\/#website","url":"https:\/\/www.chemin-neuf.be\/fr\/","name":"Chemin Neuf Belgique","description":"Communaut\u00e9 du Chemin Neuf en Belgique","potentialAction":[{"@type":"SearchAction","target":{"@type":"EntryPoint","urlTemplate":"https:\/\/www.chemin-neuf.be\/fr\/?s={search_term_string}"},"query-input":{"@type":"PropertyValueSpecification","valueRequired":true,"valueName":"search_term_string"}}],"inLanguage":"fr-BE"},{"@type":"Person","@id":"https:\/\/www.chemin-neuf.be\/fr\/#\/schema\/person\/dbc5bb8de9c07e1728535c32a94f0692","name":"adminCCN","image":{"@type":"ImageObject","inLanguage":"fr-BE","@id":"https:\/\/secure.gravatar.com\/avatar\/87c9485d85e005be0f711778f5d5b8ea68d63bcbf73b1f7b969e7e9c9d9db96f?s=96&d=mm&r=g","url":"https:\/\/secure.gravatar.com\/avatar\/87c9485d85e005be0f711778f5d5b8ea68d63bcbf73b1f7b969e7e9c9d9db96f?s=96&d=mm&r=g","contentUrl":"https:\/\/secure.gravatar.com\/avatar\/87c9485d85e005be0f711778f5d5b8ea68d63bcbf73b1f7b969e7e9c9d9db96f?s=96&d=mm&r=g","caption":"adminCCN"},"sameAs":["https:\/\/www.chemin-neuf.be"]}]}},"_links":{"self":[{"href":"https:\/\/www.chemin-neuf.be\/fr\/wp-json\/wp\/v2\/posts\/65971","targetHints":{"allow":["GET"]}}],"collection":[{"href":"https:\/\/www.chemin-neuf.be\/fr\/wp-json\/wp\/v2\/posts"}],"about":[{"href":"https:\/\/www.chemin-neuf.be\/fr\/wp-json\/wp\/v2\/types\/post"}],"author":[{"embeddable":true,"href":"https:\/\/www.chemin-neuf.be\/fr\/wp-json\/wp\/v2\/users\/1"}],"replies":[{"embeddable":true,"href":"https:\/\/www.chemin-neuf.be\/fr\/wp-json\/wp\/v2\/comments?post=65971"}],"version-history":[{"count":0,"href":"https:\/\/www.chemin-neuf.be\/fr\/wp-json\/wp\/v2\/posts\/65971\/revisions"}],"wp:featuredmedia":[{"embeddable":true,"href":"https:\/\/www.chemin-neuf.be\/fr\/wp-json\/wp\/v2\/media\/65972"}],"wp:attachment":[{"href":"https:\/\/www.chemin-neuf.be\/fr\/wp-json\/wp\/v2\/media?parent=65971"}],"wp:term":[{"taxonomy":"category","embeddable":true,"href":"https:\/\/www.chemin-neuf.be\/fr\/wp-json\/wp\/v2\/categories?post=65971"},{"taxonomy":"post_tag","embeddable":true,"href":"https:\/\/www.chemin-neuf.be\/fr\/wp-json\/wp\/v2\/tags?post=65971"}],"curies":[{"name":"wp","href":"https:\/\/api.w.org\/{rel}","templated":true}]}}