{"id":65959,"date":"2024-09-23T17:09:46","date_gmt":"2024-09-23T15:09:46","guid":{"rendered":"https:\/\/www.chemin-neuf.be\/maison-siloe-en-pologne\/"},"modified":"2024-09-23T17:09:46","modified_gmt":"2024-09-23T15:09:46","slug":"maison-siloe-en-pologne","status":"publish","type":"post","link":"https:\/\/www.chemin-neuf.be\/fr\/maison-siloe-en-pologne\/","title":{"rendered":"Maison Silo\u00e9 en Pologne"},"content":{"rendered":"\n<div class=\"wp-block-group alignwide has-white-background-color has-background\" style=\"padding-top:6vw;padding-right:6vw;padding-bottom:6vw;padding-left:6vw\"><div class=\"wp-block-group__inner-container is-layout-flow wp-block-group-is-layout-flow\">\n<p><a href=\"#English\">English version below<\/a><\/p>\n\n\n\n<p>Grande joie en Pologne, grande joie \u00e0 Mist\u00f3w ! Apr\u00e8s quatre ann\u00e9es de construction, nous avons ouvert la nouvelle Maison Siloe ! C&rsquo;est le fruit d&rsquo;une vision port\u00e9e par le fondateur de la Communaut\u00e9 du Chemin Neuf, le P\u00e8re Laurent Fabre et les membres de la Communaut\u00e9 en Pologne, confirm\u00e9e ensuite par Fran\u00e7ois Michon (actuel mod\u00e9rateur g\u00e9n\u00e9ral de la Communaut\u00e9 du Chemin Neuf) et\u00a0l\u2019ancien ordinaire du lieu, l&rsquo;archev\u00eaque Hoser, de cr\u00e9er une maison d\u00e9di\u00e9e \u00e0 la gu\u00e9rison int\u00e9rieure. La construction a commenc\u00e9 \u00e0 un moment o\u00f9 tout se fermait, c&rsquo;est-\u00e0-dire pendant le premier confinement en mars 2020. Depuis lors, les messagers de Dieu se sont multipli\u00e9s, soutenant notre projet de diverses mani\u00e8res : par leurs comp\u00e9tences, leurs dons mat\u00e9riels et financiers, leurs conseils, leurs pri\u00e8res et le travail concret de nombreuses personnes sur place, notamment des paroissiens et des amis. C&rsquo;est un projet soutenu financi\u00e8rement \u00e0 la fois par de grandes fondations, grandes entreprises et aussi par beaucoup de contributions individuelles. La f\u00eate inaugurale qui a eu lieu le 14 septembre a \u00e9t\u00e9 un beau couronnement de ce projet de construction et a r\u00e9uni de nombreuses personnes impliqu\u00e9es dans cette \u0153uvre de Dieu.<\/p>\n\n\n\n<p>La messe a \u00e9t\u00e9 pr\u00e9sid\u00e9e par l&rsquo;archev\u00eaque Wojciech Polak, primat de Pologne et ami de la Communaut\u00e9, soutenant ce projet, et \u00e9tant lui-m\u00eame sensible aux personnes \u00e9prouv\u00e9es par la vie. Dans son hom\u00e9lie, il a fait r\u00e9f\u00e9rence \u00e0 la f\u00eate de la Croix Glorieuse : <em>\u00ab\u00a0nous sommes un peuple qui marche \u00e0 travers l&rsquo;histoire, et il n&rsquo;est pas difficile, en chemin, de douter, de se d\u00e9courager et de se laisser mordre par des serpents dangereux. Et bien que le Seigneur n&rsquo;enl\u00e8ve pas tous les serpents, Il nous encourage \u00e0 tourner notre regard vers la croix glorieuse du Christ, o\u00f9 se manifeste la mis\u00e9ricorde de Dieu. Cette vision spirituelle a cependant besoin de lieux concrets et de personnes qui se consacrent au service de la mis\u00e9ricorde gu\u00e9rissante de Dieu\u00a0\u00bb<\/em> \u2013 c&rsquo;est ainsi que le primat de Pologne per\u00e7oit la mission de notre Communaut\u00e9.<\/p>\n\n\n\n<p>Un moment particuli\u00e8rement \u00e9mouvant fut le r\u00e9cit des diff\u00e9rentes \u00e9tapes du projet, accompagn\u00e9 de remerciements \u00e0 tous ceux qui nous ont soutenus. Micro en main, notre fr\u00e8re Marcin Borz\u0105dek (cur\u00e9 de la paroisse de Mist\u00f3w) alternait entre joie d\u00e9bordante et pauses n\u00e9cessaires pour ma\u00eetriser son \u00e9motion et ses larmes, t\u00e9moignant de la fid\u00e9lit\u00e9 de Dieu et de la bont\u00e9 humaine. Beaucoup, beaucoup de personnes m\u00e9ritaient d\u2019\u00eatre remerci\u00e9es ! Antoine Cousin (pr\u00eatre et \u00e9conome g\u00e9n\u00e9ral de la Communaut\u00e9 du Chemin Neuf) a \u00e9galement pris la parole, rappelant la p\u00e9dagogie divine des petits commencements. C&rsquo;est ainsi que le Seigneur nous a guid\u00e9s jusqu&rsquo;\u00e0 pr\u00e9sent, et Il continuera \u00e0 nous guider de la m\u00eame mani\u00e8re, \u00e0 travers la logique de la croix et de la gloire.<\/p>\n\n\n\n<p>Apr\u00e8s une br\u00e8ve mais solennelle b\u00e9n\u00e9diction de la Maison Siloe, qui faisait r\u00e9f\u00e9rence au texte fondateur de la Communaut\u00e9 du Chemin Neuf (\u00ab\u00a0<em>L\u2019Esprit du Seigneur est sur moi parce que le Seigneur m\u2019a consacr\u00e9 par l\u2019onction. Il m\u2019a envoy\u00e9 porter la Bonne Nouvelle aux pauvres, annoncer aux captifs leur lib\u00e9ration, et aux aveugles qu\u2019ils retrouveront la vue, remettre en libert\u00e9 les opprim\u00e9s<\/em>,\u00a0\u00bb Luc 4, 18), nous avons partag\u00e9 un repas commun pour les quelques 500 personnes pr\u00e9sentes, toutes li\u00e9es au projet. Ce fut un beau moment fraternel de rencontres, d\u2019amiti\u00e9s o\u00f9 chacun a pu visiter \u00e0 son rythme la nouvelle maison, belle et spacieuse. Apr\u00e8s le d\u00e9jeuner, dans des petites salles on pouvait visionner certains films de Net For God sur le th\u00e8me de la gu\u00e9rison int\u00e9rieure ou \u00e9couter des t\u00e9moignages \u00e0 ce sujet. Pendant l\u2019apr\u00e8s-midi la nouvelle chapelle de la maison, dans laquelle nos fr\u00e8res et s\u0153urs de \u0141\u00f3d\u017a ont anim\u00e9 la louange en continu, a \u00e9t\u00e9 remplie par les invit\u00e9s. Parce que, comme le disait notre fr\u00e8re Marcin Borz\u0105dek, c\u2019est ce petit groupe de pri\u00e8re, dans ce village de Mist\u00f3w, qui a nourri spirituellement au quotidien la construction de ce lieu.\u00a0<br>\u00c9merveillement, gratitude, joie \u2013 voil\u00e0 comment r\u00e9sumer cette journ\u00e9e, qui ne pouvait se terminer autrement que\u2026 par la vaisselle et le rangement des chaises \ud83d\ude42<\/p>\n\n\n\n<figure class=\"wp-block-gallery has-nested-images columns-default is-cropped wp-block-gallery-1 is-layout-flex wp-block-gallery-is-layout-flex\">\n<figure class=\"wp-block-image size-large\"><img decoding=\"async\" data-id=\"124097\" src=\"https:\/\/www.chemin-neuf.fr\/wp-content\/uploads\/2024\/09\/LN4A3632-1024x682.jpg\" alt=\"\" class=\"wp-image-124097\"\/><\/figure>\n\n\n\n<figure class=\"wp-block-image size-large\"><img decoding=\"async\" data-id=\"124098\" src=\"https:\/\/www.chemin-neuf.fr\/wp-content\/uploads\/2024\/09\/LN4A3351-1024x682.jpg\" alt=\"\" class=\"wp-image-124098\"\/><\/figure>\n\n\n\n<figure class=\"wp-block-image size-large\"><img decoding=\"async\" data-id=\"124099\" src=\"https:\/\/www.chemin-neuf.fr\/wp-content\/uploads\/2024\/09\/LN4A3787-1024x682.jpg\" alt=\"\" class=\"wp-image-124099\"\/><\/figure>\n\n\n\n<figure class=\"wp-block-image size-large\"><img decoding=\"async\" data-id=\"124100\" src=\"https:\/\/www.chemin-neuf.fr\/wp-content\/uploads\/2024\/09\/LN4A3789-1024x682.jpg\" alt=\"\" class=\"wp-image-124100\"\/><\/figure>\n\n\n\n<figure class=\"wp-block-image size-large\"><img decoding=\"async\" data-id=\"124101\" src=\"https:\/\/www.chemin-neuf.fr\/wp-content\/uploads\/2024\/09\/1-1024x682.jpg\" alt=\"\" class=\"wp-image-124101\"\/><\/figure>\n\n\n\n<figure class=\"wp-block-image size-large\"><img decoding=\"async\" data-id=\"124102\" src=\"https:\/\/www.chemin-neuf.fr\/wp-content\/uploads\/2024\/09\/LN4A3314-1024x682.jpg\" alt=\"\" class=\"wp-image-124102\"\/><\/figure>\n<\/figure>\n\n\n\n<div class=\"wp-block-buttons is-content-justification-center is-layout-flex wp-container-core-buttons-is-layout-16018d1d wp-block-buttons-is-layout-flex\">\n<div class=\"wp-block-button\"><a class=\"wp-block-button__link wp-element-button\" href=\"https:\/\/drive.google.com\/drive\/folders\/177CQdj4hbY9XAcb4TV36XU5y0tXQuXlU?usp=drive_link\">More pictures<\/a><\/div>\n<\/div>\n\n\n\n<h2 class=\"wp-block-heading\" id=\"English\">Siloe Centre in Poland<\/h2>\n\n\n\n<p>Great joy in Poland, great joy in Mist\u00f3w! After four years, we opened the new Siloe House! It&rsquo;s the fruit of a vision shared by the founder of the Chemin Neuf Community, Father Laurent Fabre, and the members of the Community in Poland, then confirmed by Fran\u00e7ois Michon (current general moderator of the Chemin Neuf Community) and the former local ordinary, Archbishop Hoser, to create a house dedicated to inner healing. Construction began at a time when everything was closing down, that is, during the first confinement in March 2020. Since then , God&rsquo;s messengers have multiplied, supporting our project in many ways: through their skills, their material and financial donations, their advice, their prayers and the practical work of many local people, especially parishioners and friends. The project is financially supported by major foundations and companies, as well as by many individual contributions . The inaugural celebration on 14 September was a fitting culmination to this building project, and brought together many of the people involved in this work of God.<\/p>\n\n\n\n<p>The Mass was presided over by Archbishop Wojciech Polak, Primate of Poland and\u00a0 friend of the Community, supporting this project, and being himself sensitive to people tested by life. In his homily, he referred to the feast of the Glorious Cross: <em>\u00ab\u00a0We are a people walking through history, and it is not difficult, along the way, to doubt, to become discouraged and to be bitten by dangerous snakes. And although the Lord does not remove all snakes, He encourages us to turn our gaze towards the glorious cross of Christ, where God&rsquo;s mercy is manifested. This spiritual vision, however, needs concrete places and people dedicated to the service of God&rsquo;s healing mercy\u00a0\u00bb <\/em>&#8211; this is how the Primate of Poland sees the mission of our Community.<\/p>\n\n\n\n<p>A particularly moving moment was the recounting of the various stages of the project, accompanied by special thanks to all those who have supported us. Microphone in hand, our brother Marcin Borz\u0105dek (Mist\u00f3w parish priest) alternated between overflowing joy and the pauses needed to control his emotion and tears, bearing witness to God&rsquo;s faithfulness and human goodness. Many, many people deserved to be thanked! Antoine Cousin (priest and general bursar of the Chemin Neuf Community) also spoke, recalling the divine pedagogy of small beginnings. This is how the Lord has guided us until now, and He will continue to guide us in the same way, through the logic of the cross and of glory.<\/p>\n\n\n\n<p>Afterwards a brief but solemn blessing of Siloe House, which referred to the founding text of the Chemin Neuf Community (\u00ab\u00a0<em>The Spirit of the Lord is upon me because the Lord has anointed me. He has sent me to bring the Good News to the poor, to proclaim release to the captives and recovery of sight to the blind, to set at liberty those who are oppressed<\/em>,\u00a0\u00bb Luke 4: 18), we shared a meal together for the 500 or so people present, all of whom were involved in the project. It was a wonderful time of fellowship and friendship, with everyone able to visit the beautiful, spacious new home at their own pace. Afterwards, in small rooms, people could watch some Net For God films on the theme of inner healing or listen to testimonies on the subject. During the afternoon , the house&rsquo;s new chapel, in which our brothers and sisters from \u0141\u00f3d\u017a led continuous worship, was filled with guests. Because, as our brother Marcin Borz\u0105dek said, it was this small prayer group, in this village of Mist\u00f3w, that spiritually nourished at daily \u00a0the building of this place.\u00a0<br>Wonder, gratitude, joy &#8211; that&rsquo;s how to sum up this day, which could only end with&#8230; washing up and putting away the chairs \ud83d\ude42<\/p>\n<\/div><\/div>\n\n\n\n<div style=\"height:41px\" aria-hidden=\"true\" class=\"wp-block-spacer\"><\/div>\n\n\n\n<div style=\"height:41px\" aria-hidden=\"true\" class=\"wp-block-spacer\"><\/div>\n\n\n\n<hr class=\"wp-block-separator has-alpha-channel-opacity\"\/>\n","protected":false},"excerpt":{"rendered":"<p>Un nouveau lieu Communautaire<\/p>\n","protected":false},"author":1,"featured_media":65960,"comment_status":"open","ping_status":"open","sticky":false,"template":"","format":"standard","meta":{"_acf_changed":false,"footnotes":""},"categories":[47],"tags":[59,60,61],"class_list":["post-65959","post","type-post","status-publish","format-standard","has-post-thumbnail","hentry","category-actualites-internationales-fr","tag-59","tag-60","tag-61"],"acf":[],"yoast_head":"<!-- This site is optimized with the Yoast SEO plugin v27.5 - https:\/\/yoast.com\/product\/yoast-seo-wordpress\/ -->\n<title>Maison Silo\u00e9 en Pologne - Chemin Neuf Belgique<\/title>\n<meta name=\"description\" content=\"Un nouveau lieu Communautaire\" \/>\n<meta name=\"robots\" content=\"index, follow, max-snippet:-1, max-image-preview:large, max-video-preview:-1\" \/>\n<link rel=\"canonical\" href=\"https:\/\/www.chemin-neuf.be\/fr\/maison-siloe-en-pologne\/\" \/>\n<meta property=\"og:locale\" content=\"fr_FR\" \/>\n<meta property=\"og:type\" content=\"article\" \/>\n<meta property=\"og:title\" content=\"Maison Silo\u00e9 en Pologne - Chemin Neuf Belgique\" \/>\n<meta property=\"og:description\" content=\"Un nouveau lieu Communautaire\" \/>\n<meta property=\"og:url\" content=\"https:\/\/www.chemin-neuf.be\/fr\/maison-siloe-en-pologne\/\" \/>\n<meta property=\"og:site_name\" content=\"Chemin Neuf Belgique\" \/>\n<meta property=\"article:published_time\" content=\"2024-09-23T15:09:46+00:00\" \/>\n<meta name=\"author\" content=\"adminCCN\" \/>\n<meta name=\"twitter:card\" content=\"summary_large_image\" \/>\n<meta name=\"twitter:label1\" content=\"\u00c9crit par\" \/>\n\t<meta name=\"twitter:data1\" content=\"adminCCN\" \/>\n\t<meta name=\"twitter:label2\" content=\"Dur\u00e9e de lecture est.\" \/>\n\t<meta name=\"twitter:data2\" content=\"7 minutes\" \/>\n<script type=\"application\/ld+json\" class=\"yoast-schema-graph\">{\"@context\":\"https:\\\/\\\/schema.org\",\"@graph\":[{\"@type\":\"Article\",\"@id\":\"https:\\\/\\\/www.chemin-neuf.be\\\/fr\\\/maison-siloe-en-pologne\\\/#article\",\"isPartOf\":{\"@id\":\"https:\\\/\\\/www.chemin-neuf.be\\\/fr\\\/maison-siloe-en-pologne\\\/\"},\"author\":{\"name\":\"adminCCN\",\"@id\":\"https:\\\/\\\/www.chemin-neuf.be\\\/fr\\\/#\\\/schema\\\/person\\\/dbc5bb8de9c07e1728535c32a94f0692\"},\"headline\":\"Maison Silo\u00e9 en Pologne\",\"datePublished\":\"2024-09-23T15:09:46+00:00\",\"mainEntityOfPage\":{\"@id\":\"https:\\\/\\\/www.chemin-neuf.be\\\/fr\\\/maison-siloe-en-pologne\\\/\"},\"wordCount\":1404,\"commentCount\":0,\"image\":{\"@id\":\"https:\\\/\\\/www.chemin-neuf.be\\\/fr\\\/maison-siloe-en-pologne\\\/#primaryimage\"},\"thumbnailUrl\":\"https:\\\/\\\/www.chemin-neuf.be\\\/wp-content\\\/uploads\\\/2024\\\/09\\\/httpsdam.chemin-neuf.netwp-contentuploads202409httpswww.chemin-neuf.frwp-contentuploads202409LN4A2885.jpg\",\"keywords\":[\"56\",\"57\",\"58\"],\"articleSection\":[\"Actualit\u00e9s Internationales\"],\"inLanguage\":\"fr-BE\",\"potentialAction\":[{\"@type\":\"CommentAction\",\"name\":\"Comment\",\"target\":[\"https:\\\/\\\/www.chemin-neuf.be\\\/fr\\\/maison-siloe-en-pologne\\\/#respond\"]}]},{\"@type\":\"WebPage\",\"@id\":\"https:\\\/\\\/www.chemin-neuf.be\\\/fr\\\/maison-siloe-en-pologne\\\/\",\"url\":\"https:\\\/\\\/www.chemin-neuf.be\\\/fr\\\/maison-siloe-en-pologne\\\/\",\"name\":\"Maison Silo\u00e9 en Pologne - Chemin Neuf Belgique\",\"isPartOf\":{\"@id\":\"https:\\\/\\\/www.chemin-neuf.be\\\/fr\\\/#website\"},\"primaryImageOfPage\":{\"@id\":\"https:\\\/\\\/www.chemin-neuf.be\\\/fr\\\/maison-siloe-en-pologne\\\/#primaryimage\"},\"image\":{\"@id\":\"https:\\\/\\\/www.chemin-neuf.be\\\/fr\\\/maison-siloe-en-pologne\\\/#primaryimage\"},\"thumbnailUrl\":\"https:\\\/\\\/www.chemin-neuf.be\\\/wp-content\\\/uploads\\\/2024\\\/09\\\/httpsdam.chemin-neuf.netwp-contentuploads202409httpswww.chemin-neuf.frwp-contentuploads202409LN4A2885.jpg\",\"datePublished\":\"2024-09-23T15:09:46+00:00\",\"author\":{\"@id\":\"https:\\\/\\\/www.chemin-neuf.be\\\/fr\\\/#\\\/schema\\\/person\\\/dbc5bb8de9c07e1728535c32a94f0692\"},\"description\":\"Un nouveau lieu Communautaire\",\"breadcrumb\":{\"@id\":\"https:\\\/\\\/www.chemin-neuf.be\\\/fr\\\/maison-siloe-en-pologne\\\/#breadcrumb\"},\"inLanguage\":\"fr-BE\",\"potentialAction\":[{\"@type\":\"ReadAction\",\"target\":[\"https:\\\/\\\/www.chemin-neuf.be\\\/fr\\\/maison-siloe-en-pologne\\\/\"]}]},{\"@type\":\"ImageObject\",\"inLanguage\":\"fr-BE\",\"@id\":\"https:\\\/\\\/www.chemin-neuf.be\\\/fr\\\/maison-siloe-en-pologne\\\/#primaryimage\",\"url\":\"https:\\\/\\\/www.chemin-neuf.be\\\/wp-content\\\/uploads\\\/2024\\\/09\\\/httpsdam.chemin-neuf.netwp-contentuploads202409httpswww.chemin-neuf.frwp-contentuploads202409LN4A2885.jpg\",\"contentUrl\":\"https:\\\/\\\/www.chemin-neuf.be\\\/wp-content\\\/uploads\\\/2024\\\/09\\\/httpsdam.chemin-neuf.netwp-contentuploads202409httpswww.chemin-neuf.frwp-contentuploads202409LN4A2885.jpg\",\"width\":1772,\"height\":1181},{\"@type\":\"BreadcrumbList\",\"@id\":\"https:\\\/\\\/www.chemin-neuf.be\\\/fr\\\/maison-siloe-en-pologne\\\/#breadcrumb\",\"itemListElement\":[{\"@type\":\"ListItem\",\"position\":1,\"name\":\"Home\",\"item\":\"https:\\\/\\\/www.chemin-neuf.be\\\/fr\\\/\"},{\"@type\":\"ListItem\",\"position\":2,\"name\":\"Maison Silo\u00e9 en Pologne\"}]},{\"@type\":\"WebSite\",\"@id\":\"https:\\\/\\\/www.chemin-neuf.be\\\/fr\\\/#website\",\"url\":\"https:\\\/\\\/www.chemin-neuf.be\\\/fr\\\/\",\"name\":\"Chemin Neuf Belgique\",\"description\":\"Communaut\u00e9 du Chemin Neuf en Belgique\",\"potentialAction\":[{\"@type\":\"SearchAction\",\"target\":{\"@type\":\"EntryPoint\",\"urlTemplate\":\"https:\\\/\\\/www.chemin-neuf.be\\\/fr\\\/?s={search_term_string}\"},\"query-input\":{\"@type\":\"PropertyValueSpecification\",\"valueRequired\":true,\"valueName\":\"search_term_string\"}}],\"inLanguage\":\"fr-BE\"},{\"@type\":\"Person\",\"@id\":\"https:\\\/\\\/www.chemin-neuf.be\\\/fr\\\/#\\\/schema\\\/person\\\/dbc5bb8de9c07e1728535c32a94f0692\",\"name\":\"adminCCN\",\"image\":{\"@type\":\"ImageObject\",\"inLanguage\":\"fr-BE\",\"@id\":\"https:\\\/\\\/secure.gravatar.com\\\/avatar\\\/87c9485d85e005be0f711778f5d5b8ea68d63bcbf73b1f7b969e7e9c9d9db96f?s=96&d=mm&r=g\",\"url\":\"https:\\\/\\\/secure.gravatar.com\\\/avatar\\\/87c9485d85e005be0f711778f5d5b8ea68d63bcbf73b1f7b969e7e9c9d9db96f?s=96&d=mm&r=g\",\"contentUrl\":\"https:\\\/\\\/secure.gravatar.com\\\/avatar\\\/87c9485d85e005be0f711778f5d5b8ea68d63bcbf73b1f7b969e7e9c9d9db96f?s=96&d=mm&r=g\",\"caption\":\"adminCCN\"},\"sameAs\":[\"https:\\\/\\\/www.chemin-neuf.be\"]}]}<\/script>\n<!-- \/ Yoast SEO plugin. -->","yoast_head_json":{"title":"Maison Silo\u00e9 en Pologne - Chemin Neuf Belgique","description":"Un nouveau lieu Communautaire","robots":{"index":"index","follow":"follow","max-snippet":"max-snippet:-1","max-image-preview":"max-image-preview:large","max-video-preview":"max-video-preview:-1"},"canonical":"https:\/\/www.chemin-neuf.be\/fr\/maison-siloe-en-pologne\/","og_locale":"fr_FR","og_type":"article","og_title":"Maison Silo\u00e9 en Pologne - Chemin Neuf Belgique","og_description":"Un nouveau lieu Communautaire","og_url":"https:\/\/www.chemin-neuf.be\/fr\/maison-siloe-en-pologne\/","og_site_name":"Chemin Neuf Belgique","article_published_time":"2024-09-23T15:09:46+00:00","author":"adminCCN","twitter_card":"summary_large_image","twitter_misc":{"\u00c9crit par":"adminCCN","Dur\u00e9e de lecture est.":"7 minutes"},"schema":{"@context":"https:\/\/schema.org","@graph":[{"@type":"Article","@id":"https:\/\/www.chemin-neuf.be\/fr\/maison-siloe-en-pologne\/#article","isPartOf":{"@id":"https:\/\/www.chemin-neuf.be\/fr\/maison-siloe-en-pologne\/"},"author":{"name":"adminCCN","@id":"https:\/\/www.chemin-neuf.be\/fr\/#\/schema\/person\/dbc5bb8de9c07e1728535c32a94f0692"},"headline":"Maison Silo\u00e9 en Pologne","datePublished":"2024-09-23T15:09:46+00:00","mainEntityOfPage":{"@id":"https:\/\/www.chemin-neuf.be\/fr\/maison-siloe-en-pologne\/"},"wordCount":1404,"commentCount":0,"image":{"@id":"https:\/\/www.chemin-neuf.be\/fr\/maison-siloe-en-pologne\/#primaryimage"},"thumbnailUrl":"https:\/\/www.chemin-neuf.be\/wp-content\/uploads\/2024\/09\/httpsdam.chemin-neuf.netwp-contentuploads202409httpswww.chemin-neuf.frwp-contentuploads202409LN4A2885.jpg","keywords":["56","57","58"],"articleSection":["Actualit\u00e9s Internationales"],"inLanguage":"fr-BE","potentialAction":[{"@type":"CommentAction","name":"Comment","target":["https:\/\/www.chemin-neuf.be\/fr\/maison-siloe-en-pologne\/#respond"]}]},{"@type":"WebPage","@id":"https:\/\/www.chemin-neuf.be\/fr\/maison-siloe-en-pologne\/","url":"https:\/\/www.chemin-neuf.be\/fr\/maison-siloe-en-pologne\/","name":"Maison Silo\u00e9 en Pologne - Chemin Neuf Belgique","isPartOf":{"@id":"https:\/\/www.chemin-neuf.be\/fr\/#website"},"primaryImageOfPage":{"@id":"https:\/\/www.chemin-neuf.be\/fr\/maison-siloe-en-pologne\/#primaryimage"},"image":{"@id":"https:\/\/www.chemin-neuf.be\/fr\/maison-siloe-en-pologne\/#primaryimage"},"thumbnailUrl":"https:\/\/www.chemin-neuf.be\/wp-content\/uploads\/2024\/09\/httpsdam.chemin-neuf.netwp-contentuploads202409httpswww.chemin-neuf.frwp-contentuploads202409LN4A2885.jpg","datePublished":"2024-09-23T15:09:46+00:00","author":{"@id":"https:\/\/www.chemin-neuf.be\/fr\/#\/schema\/person\/dbc5bb8de9c07e1728535c32a94f0692"},"description":"Un nouveau lieu Communautaire","breadcrumb":{"@id":"https:\/\/www.chemin-neuf.be\/fr\/maison-siloe-en-pologne\/#breadcrumb"},"inLanguage":"fr-BE","potentialAction":[{"@type":"ReadAction","target":["https:\/\/www.chemin-neuf.be\/fr\/maison-siloe-en-pologne\/"]}]},{"@type":"ImageObject","inLanguage":"fr-BE","@id":"https:\/\/www.chemin-neuf.be\/fr\/maison-siloe-en-pologne\/#primaryimage","url":"https:\/\/www.chemin-neuf.be\/wp-content\/uploads\/2024\/09\/httpsdam.chemin-neuf.netwp-contentuploads202409httpswww.chemin-neuf.frwp-contentuploads202409LN4A2885.jpg","contentUrl":"https:\/\/www.chemin-neuf.be\/wp-content\/uploads\/2024\/09\/httpsdam.chemin-neuf.netwp-contentuploads202409httpswww.chemin-neuf.frwp-contentuploads202409LN4A2885.jpg","width":1772,"height":1181},{"@type":"BreadcrumbList","@id":"https:\/\/www.chemin-neuf.be\/fr\/maison-siloe-en-pologne\/#breadcrumb","itemListElement":[{"@type":"ListItem","position":1,"name":"Home","item":"https:\/\/www.chemin-neuf.be\/fr\/"},{"@type":"ListItem","position":2,"name":"Maison Silo\u00e9 en Pologne"}]},{"@type":"WebSite","@id":"https:\/\/www.chemin-neuf.be\/fr\/#website","url":"https:\/\/www.chemin-neuf.be\/fr\/","name":"Chemin Neuf Belgique","description":"Communaut\u00e9 du Chemin Neuf en Belgique","potentialAction":[{"@type":"SearchAction","target":{"@type":"EntryPoint","urlTemplate":"https:\/\/www.chemin-neuf.be\/fr\/?s={search_term_string}"},"query-input":{"@type":"PropertyValueSpecification","valueRequired":true,"valueName":"search_term_string"}}],"inLanguage":"fr-BE"},{"@type":"Person","@id":"https:\/\/www.chemin-neuf.be\/fr\/#\/schema\/person\/dbc5bb8de9c07e1728535c32a94f0692","name":"adminCCN","image":{"@type":"ImageObject","inLanguage":"fr-BE","@id":"https:\/\/secure.gravatar.com\/avatar\/87c9485d85e005be0f711778f5d5b8ea68d63bcbf73b1f7b969e7e9c9d9db96f?s=96&d=mm&r=g","url":"https:\/\/secure.gravatar.com\/avatar\/87c9485d85e005be0f711778f5d5b8ea68d63bcbf73b1f7b969e7e9c9d9db96f?s=96&d=mm&r=g","contentUrl":"https:\/\/secure.gravatar.com\/avatar\/87c9485d85e005be0f711778f5d5b8ea68d63bcbf73b1f7b969e7e9c9d9db96f?s=96&d=mm&r=g","caption":"adminCCN"},"sameAs":["https:\/\/www.chemin-neuf.be"]}]}},"_links":{"self":[{"href":"https:\/\/www.chemin-neuf.be\/fr\/wp-json\/wp\/v2\/posts\/65959","targetHints":{"allow":["GET"]}}],"collection":[{"href":"https:\/\/www.chemin-neuf.be\/fr\/wp-json\/wp\/v2\/posts"}],"about":[{"href":"https:\/\/www.chemin-neuf.be\/fr\/wp-json\/wp\/v2\/types\/post"}],"author":[{"embeddable":true,"href":"https:\/\/www.chemin-neuf.be\/fr\/wp-json\/wp\/v2\/users\/1"}],"replies":[{"embeddable":true,"href":"https:\/\/www.chemin-neuf.be\/fr\/wp-json\/wp\/v2\/comments?post=65959"}],"version-history":[{"count":0,"href":"https:\/\/www.chemin-neuf.be\/fr\/wp-json\/wp\/v2\/posts\/65959\/revisions"}],"wp:featuredmedia":[{"embeddable":true,"href":"https:\/\/www.chemin-neuf.be\/fr\/wp-json\/wp\/v2\/media\/65960"}],"wp:attachment":[{"href":"https:\/\/www.chemin-neuf.be\/fr\/wp-json\/wp\/v2\/media?parent=65959"}],"wp:term":[{"taxonomy":"category","embeddable":true,"href":"https:\/\/www.chemin-neuf.be\/fr\/wp-json\/wp\/v2\/categories?post=65959"},{"taxonomy":"post_tag","embeddable":true,"href":"https:\/\/www.chemin-neuf.be\/fr\/wp-json\/wp\/v2\/tags?post=65959"}],"curies":[{"name":"wp","href":"https:\/\/api.w.org\/{rel}","templated":true}]}}