{"id":65956,"date":"2024-10-21T14:23:46","date_gmt":"2024-10-21T12:23:46","guid":{"rendered":"https:\/\/www.chemin-neuf.be\/visite-du-pape\/"},"modified":"2024-10-21T14:23:46","modified_gmt":"2024-10-21T12:23:46","slug":"visite-du-pape","status":"publish","type":"post","link":"https:\/\/www.chemin-neuf.be\/fr\/visite-du-pape\/","title":{"rendered":"Une rencontre inoubliable au c\u0153ur de l\u2019Europe\u2026!"},"content":{"rendered":"\n<div class=\"wp-block-group alignwide has-white-background-color has-background\" style=\"padding-top:6vw;padding-right:6vw;padding-bottom:6vw;padding-left:6vw\"><div class=\"wp-block-group__inner-container is-layout-flow wp-block-group-is-layout-flow\">\n<p><a href=\"#English\">English version below<\/a><\/p>\n\n\n\n<p><em>Notre s\u0153ur Ruth Lagemann, protestante en mission en Belgique nous \u00e9crit quelques lignes sur la visite du Pape<\/em> <em>dont le point d&rsquo;orgue \u00e9tait le rassemblement au stade \u00ab\u00a0Roi Baudouin\u00a0\u00bb auquel elle a pu assister.<\/em><\/p>\n\n\n\n<p>Du 26 au 29 septembre dernier, le petit pays de la Belgique a eu la chance d\u2019accueillir le Pape Fran\u00e7ois.<\/p>\n\n\n\n<p>L\u2019anniversaire de 600 ans de l\u2019universit\u00e9 de Leuven (Louvain) \u00e9tait la raison officielle, mais ceux qui connaissent un peu cet \u00e9v\u00eaque charismatique de Rome pouvaient se douter que cela ne devait pas \u00eatre la seule raison de son d\u00e9placement&nbsp;!<\/p>\n\n\n\n<p>Sept rencontres officielles \u00e9taient dans son agenda (alors qu\u2019il revenait tout juste de son voyage en Asie) et \u2013 comme il est, le Saint P\u00e8re se prenait la libert\u00e9 d\u2019en rajouter plusieurs, spontan\u00e9es et libres, comme les accolades avec les enfants dans les rues de Bruxelles pr\u00e8s de la nonciature, la visite de personnes \u00e2g\u00e9es dans un \u00ab\u00a0home\u00a0\u00bb, un petit dej&rsquo; avec des sans-abris, rencontres avec des r\u00e9fugi\u00e9s et un plongeon en fin de soir\u00e9e dans la foule des 5500 jeunes r\u00e9unis dans le \u00ab\u00a0hope happening\u00a0\u00bb (des mini JMJ de 24h pr\u00e9par\u00e9s en trois mois d\u2019\u00e9t\u00e9 et jonglant dans les trois langues du pays\u2026\u00a0!). Quel marathon\u00a0de ce messager de l\u2019esp\u00e9rance ! La Belgique attendait sa venue de mani\u00e8re partag\u00e9e, beaucoup \u00e9tant sur le qui-vive quant aux questions d\u2019abus\u2026<\/p>\n\n\n\n<p>Ce qui m\u2019a touch\u00e9 personnellement, c\u2019est la libert\u00e9 de cet homme de Dieu sortant des protocoles habituels (\u00e0 l&rsquo;image de sa petite Fiat blanche au milieu des grandes limousines noires\u2026), allant \u00e0 la rencontre aux p\u00e9riph\u00e9ries, partageant des paroles lucides, humbles et claires quant \u00e0 la responsabilit\u00e9 de l\u2019\u00c9glise suite aux abus, ou encore invitant \u00e0 ne regarder quelqu&rsquo;un de haut que pour mieux le relever\u00a0! N&rsquo;\u00e9tait-ce pas l\u00e0 la raison de sa visite : venir pour relever l\u2019\u00e9glise de Belgique, voir l\u2019\u00e9glise de l\u2019Europe \u2026\u00a0!\u00a0?<\/p>\n\n\n\n<p>Voici un petit floril\u00e8ge de quelques-uns des grains d\u2019esp\u00e9rance sem\u00e9s, qui ont \u00e9t\u00e9 malheureusement peu repris par la presse\u00a0(celle-ci s&rsquo;arr\u00eatant &#8211; comme souvent &#8211; sur une ou deux paroles un peu moins bien exprim\u00e9es) :<\/p>\n\n\n\n<blockquote class=\"wp-block-quote is-layout-flow wp-block-quote-is-layout-flow\">\n<p>\u00ab\u00a0La Belgique, pays \u00e0 la fois petit et grand&nbsp;: \u00e9tant le c\u0153ur battant de l\u2019Europe et vivant la vocation de l\u2019unit\u00e9 et l\u2019appel \u00e0 \u00eatre un pont&nbsp;!&nbsp;\u00bb <em>(discours au Roi et responsables politiques)<\/em><\/p>\n\n\n\n<p>\u00ab\u00a0L\u2019\u00c9glise a sa plus grande richesse dans ses membres les plus faibles\u00a0\u00bb <em>(repas avec les sans-domiciles-fixes)<\/em><\/p>\n\n\n\n<p>L\u2019\u00c9glise appel\u00e9e \u00e0 garder les portes ouvertes\u2026<br>\u00ab\u00a0S\u2019il vous plait, ne fermez jamais les portes qui offrent \u00e0 tous une ouverture sur l\u2019infini [&#8230;] c&rsquo;est l\u2019\u00c9glise qui <strong>\u00e9vang\u00e9lise<\/strong>, vit <strong>la joie<\/strong> de l\u2019\u00c9vangile, pratique la <strong>mis\u00e9ricorde<\/strong>.\u00a0\u00bb <em>(discours aux forces vives de l\u2019\u00e9glise catholique de Belgique)<\/em><\/p>\n\n\n\n<p>\u00ab\u00a0Un th\u00e9ologien de ce pays, fils et professeur de cette universit\u00e9, a dit\u00a0: \u00a0&lsquo;Nous sommes le buisson ardent qui permet \u00e0 Dieu de se manifester&rsquo; (A. GESCH\u00c9,\u00a0<em>Dieu pour penser. Le Christ<\/em>, Cinisello Balsamo 2003, p. 276). Maintenez allum\u00e9e la flamme de ce feu\u00a0; \u00e9largissez les fronti\u00e8res\u00a0! Soyez des soucieux, s\u2019il vous plait : avec le souci de la vie, soyez des chercheurs de la v\u00e9rit\u00e9 et n\u2019\u00e9teignez jamais votre passion, pour ne pas tomber dans l\u2019ac\u00e9die de la pens\u00e9e, qui est une tr\u00e8s mauvaise maladie. Soyez les protagonistes de la cr\u00e9ation d\u2019une culture de l\u2019inclusion, de la compassion, de l\u2019attention aux plus faibles et aux grands d\u00e9fis du monde dans lequel nous vivons.\u00a0\u00bb <em>(discours a l\u2019universit\u00e9 de Leuven)<\/em><\/p>\n\n\n\n<p>\u201couverture,\u00a0communion et t\u00e9moignage\u201d\u00a0 &#8211; La Communaut\u00e9 des croyants n\u2019est pas un cercle de privil\u00e9gi\u00e9s, elle est une famille de sauv\u00e9s\u2026 Les cris des pauvres sont la voix vivante de l\u2019Esprit, ils nous rappellent qui nous sommes \u2013 nous sommes tous de pauvres p\u00e9cheurs, tous, moi le premier \u2013\u00a0; et les personnes abus\u00e9es sont un cri qui monte vers le ciel, qui touche l\u2019\u00e2me, qui nous fait honte et qui nous appelle \u00e0 la conversion.\u00a0\u00bb <em>(messe finale avec 39.000 fid\u00e8les au stade Roi Baudouin)<\/em><\/p>\n<\/blockquote>\n\n\n\n<p>Je b\u00e9nis le Seigneur d\u2019avoir pu vivre de pr\u00e8s cette rencontre avec les 3000 agents pastoraux catholiques, les 5500 jeunes venus de Belgique et des pays voisins autour de notre stand \u00ab\u00a0hope for unity\u00a0\u00bb et \u00e0 l\u2019heure de pri\u00e8re pour l\u2019unit\u00e9 que nous avons anim\u00e9e, puis a l\u2019Eucharistie finale\u2026que ses graines d\u2019Esp\u00e9rance portent des fruits dans les c\u0153urs, nos \u00e9glises et nos pays\u2026!<\/p>\n\n\n\n<p>Prions pour l\u2019\u00c9glise en Europe&nbsp;!<\/p>\n\n\n\n<figure class=\"wp-block-gallery has-nested-images columns-default is-cropped wp-block-gallery-1 is-layout-flex wp-block-gallery-is-layout-flex\">\n<figure class=\"wp-block-image size-large\"><img decoding=\"async\" data-id=\"124746\" src=\"https:\/\/www.chemin-neuf.fr\/wp-content\/uploads\/2024\/10\/1ECA419B-9CE6-4C36-AF16-AA87B8B0118F-764x1024.jpg\" alt=\"\" class=\"wp-image-124746\"\/><\/figure>\n\n\n\n<figure class=\"wp-block-image size-large\"><img decoding=\"async\" data-id=\"124747\" src=\"https:\/\/www.chemin-neuf.fr\/wp-content\/uploads\/2024\/10\/IMG_7691-1024x764.jpg\" alt=\"\" class=\"wp-image-124747\"\/><\/figure>\n\n\n\n<figure class=\"wp-block-image size-large\"><img decoding=\"async\" data-id=\"124749\" src=\"https:\/\/www.chemin-neuf.fr\/wp-content\/uploads\/2024\/10\/IMG_7651-1024x768.jpg\" alt=\"\" class=\"wp-image-124749\"\/><\/figure>\n<\/figure>\n\n\n\n<h3 class=\"wp-block-heading\" id=\"English\"><strong><em>An unforgettable visit to the epicentre of Europe&#8230;!<\/em><\/strong><\/h3>\n\n\n\n<p><em>Our sister Ruth Lageman, a Protestant working on mission in Belgium, writes a few lines about the Pope&rsquo;s visit<\/em> <em>, which culminated in a gathering at the Roi Baudoin stadium which she was able to attend.<\/em><\/p>\n\n\n\n<p>From the 26th to the 29th of September, the small country of Belgium was lucky enough to welcome Pope Benedict.<\/p>\n\n\n\n<p>The 600th anniversary of the University of Leuven (Louvain) was the official reason, but those who know a little about this charismatic bishop of Rome could suspect that this was not the only reason for his visit!<\/p>\n\n\n\n<p>Seven official meetings were on his agenda (even though he had just returned from his trip to Asia) and &#8211; as is his nature &#8211; the Holy Father took the liberty of adding several spontaneous and free meetings, such as hugs with children in the streets of Brussels near the Nunciature, a visit to elderly people in a home, breakfast with homeless people, meetings with refugees and, at the end of the evening, a plunge into the crowd of 5,500 young people gathered for the \u2018hope happening\u2019 (a mini World Youth Day lasting 24 hours, prepared in haste over the three months of summer and juggling the three languages of the country\u2026). ! ) What a marathon for this messenger of hope! Belgium was awaiting his arrival with mixed feelings, with many on the alert about issues of abuse\u2026<\/p>\n\n\n\n<p>What touched me personally was the freedom of this man of God &#8211; getting away from the usual protocols (already driving around in his little white fiat in the middle of the big black limousines\u2026), going out to meet people, going to the outskirts, his lucid, humble and clear words about the responsibility of the church following the abuses but above all that several times he spoke of the fact that you only had the right to look down on someone if it was to lift them up! I wondered if this wasn&rsquo;t the reason for his visit, that he had come to lift up the church in Belgium, or even the church in Europe?<\/p>\n\n\n\n<p>Some of the seeds of hope sown, which unfortunately were not widely picked up by the press (which &#8211; as is often the case &#8211; only picked up a couple of words that were not so well expressed):<\/p>\n\n\n\n<blockquote class=\"wp-block-quote is-layout-flow wp-block-quote-is-layout-flow\">\n<p>&lsquo;Belgium, a country that is both small and great: the beating heart of Europe and living the vocation of unity and the call to be a bridge&rsquo; <em>(speech to the King and political leaders)<\/em><\/p>\n\n\n\n<p>\u2018The Church&rsquo;s greatest wealth lies in its weakest members\u2019 <em>(meal with the homeless)<\/em><\/p>\n\n\n\n<p>The Church called to keep the doors open&#8230;<br>\u2018please, never close the doors &#8211; offering everyone a glimpse of the infinite, looking beyond. It is the Church that <strong>evangelises<\/strong>, that lives <strong>the joy<\/strong> of the Gospel, that practises <strong>mercy<\/strong>\u2019. <em>(address to the lifeblood forces of the Catholic Church in Belgium)<\/em><\/p>\n\n\n\n<p>\u2018A theologian from this country, son and professor of this university, said: \u2018We are the burning bush that allows God to manifest himself\u2019 (A. GESCH\u00c9, <em>Dieu pour penser. Le Christ<\/em>, Cinisello Balsamo 2003, p. 276). Keep the flame of this fire burning; widen the borders! Be concerned, please, with the care of life, be seekers of truth and never extinguish your passion, so as not to fall into the acedia of thought, which is a very bad disease. Be protagonists in the creation of a culture of inclusion, of compassion, of attention to the weakest and to the great challenges of the world in which we live\u2019. <em>(speech at the University of Leuven)<\/em><\/p>\n\n\n\n<p>\u2018openness, communion and witness\u2019 &#8211; The Community of believers is not a circle of the privileged, it is a family of the saved\u2026 The cries of the poor (they) are the living voice of the Spirit, they remind us of who we are &#8211; we are all poor sinners, all of us, me first -; and the abused are a cry that goes up to heaven, that touches the soul, that shames us and calls us to conversion.\u2019 <em>(Final mass with 39,000 faithful at the Roi Baudoin stadium)<\/em><\/p>\n<\/blockquote>\n\n\n\n<p>I bless the Lord for having been able to experience first-hand this visit with the 3,000 Catholic pastoral workers and the 5,500 young people from Belgium and neighbouring countries around our \u2018hope for unity\u2019 stand and at the hour of prayer for unity, led by us, and then at the final Eucharist\u2026may these seeds of Hope bear fruit in our hearts, our churches and our countries\u2026!<\/p>\n\n\n\n<p>Let&rsquo;s pray for the Church in Europe!<\/p>\n<\/div><\/div>\n\n\n\n<div style=\"height:41px\" aria-hidden=\"true\" class=\"wp-block-spacer\"><\/div>\n\n\n\n<div style=\"height:41px\" aria-hidden=\"true\" class=\"wp-block-spacer\"><\/div>\n\n\n\n<hr class=\"wp-block-separator has-alpha-channel-opacity\"\/>\n","protected":false},"excerpt":{"rendered":"<p>Retour sur la visite du pape Fran\u00e7ois en Belgique<\/p>\n","protected":false},"author":1,"featured_media":65957,"comment_status":"open","ping_status":"open","sticky":false,"template":"","format":"standard","meta":{"_acf_changed":false,"footnotes":""},"categories":[47],"tags":[59,60,61],"class_list":["post-65956","post","type-post","status-publish","format-standard","has-post-thumbnail","hentry","category-actualites-internationales-fr","tag-59","tag-60","tag-61"],"acf":[],"yoast_head":"<!-- This site is optimized with the Yoast SEO plugin v27.5 - https:\/\/yoast.com\/product\/yoast-seo-wordpress\/ -->\n<title>Une rencontre inoubliable au c\u0153ur de l\u2019Europe\u2026! - Chemin Neuf Belgique<\/title>\n<meta name=\"description\" content=\"Retour sur la visite du pape Fran\u00e7ois en Belgique\" \/>\n<meta name=\"robots\" content=\"index, follow, max-snippet:-1, max-image-preview:large, max-video-preview:-1\" \/>\n<link rel=\"canonical\" href=\"https:\/\/www.chemin-neuf.be\/fr\/visite-du-pape\/\" \/>\n<meta property=\"og:locale\" content=\"fr_FR\" \/>\n<meta property=\"og:type\" content=\"article\" \/>\n<meta property=\"og:title\" content=\"Une rencontre inoubliable au c\u0153ur de l\u2019Europe\u2026! - Chemin Neuf Belgique\" \/>\n<meta property=\"og:description\" content=\"Retour sur la visite du pape Fran\u00e7ois en Belgique\" \/>\n<meta property=\"og:url\" content=\"https:\/\/www.chemin-neuf.be\/fr\/visite-du-pape\/\" \/>\n<meta property=\"og:site_name\" content=\"Chemin Neuf Belgique\" \/>\n<meta property=\"article:published_time\" content=\"2024-10-21T12:23:46+00:00\" \/>\n<meta name=\"author\" content=\"adminCCN\" \/>\n<meta name=\"twitter:card\" content=\"summary_large_image\" \/>\n<meta name=\"twitter:label1\" content=\"\u00c9crit par\" \/>\n\t<meta name=\"twitter:data1\" content=\"adminCCN\" \/>\n\t<meta name=\"twitter:label2\" content=\"Dur\u00e9e de lecture est.\" \/>\n\t<meta name=\"twitter:data2\" content=\"8 minutes\" \/>\n<script type=\"application\/ld+json\" class=\"yoast-schema-graph\">{\"@context\":\"https:\\\/\\\/schema.org\",\"@graph\":[{\"@type\":\"Article\",\"@id\":\"https:\\\/\\\/www.chemin-neuf.be\\\/fr\\\/visite-du-pape\\\/#article\",\"isPartOf\":{\"@id\":\"https:\\\/\\\/www.chemin-neuf.be\\\/fr\\\/visite-du-pape\\\/\"},\"author\":{\"name\":\"adminCCN\",\"@id\":\"https:\\\/\\\/www.chemin-neuf.be\\\/fr\\\/#\\\/schema\\\/person\\\/dbc5bb8de9c07e1728535c32a94f0692\"},\"headline\":\"Une rencontre inoubliable au c\u0153ur de l\u2019Europe\u2026!\",\"datePublished\":\"2024-10-21T12:23:46+00:00\",\"mainEntityOfPage\":{\"@id\":\"https:\\\/\\\/www.chemin-neuf.be\\\/fr\\\/visite-du-pape\\\/\"},\"wordCount\":1554,\"commentCount\":0,\"image\":{\"@id\":\"https:\\\/\\\/www.chemin-neuf.be\\\/fr\\\/visite-du-pape\\\/#primaryimage\"},\"thumbnailUrl\":\"https:\\\/\\\/www.chemin-neuf.be\\\/wp-content\\\/uploads\\\/2024\\\/10\\\/httpsdam.chemin-neuf.netwp-contentuploads202410httpswww.chemin-neuf.frwp-contentuploads202410IMG_7619.jpg\",\"keywords\":[\"56\",\"57\",\"58\"],\"articleSection\":[\"Actualit\u00e9s Internationales\"],\"inLanguage\":\"fr-BE\",\"potentialAction\":[{\"@type\":\"CommentAction\",\"name\":\"Comment\",\"target\":[\"https:\\\/\\\/www.chemin-neuf.be\\\/fr\\\/visite-du-pape\\\/#respond\"]}]},{\"@type\":\"WebPage\",\"@id\":\"https:\\\/\\\/www.chemin-neuf.be\\\/fr\\\/visite-du-pape\\\/\",\"url\":\"https:\\\/\\\/www.chemin-neuf.be\\\/fr\\\/visite-du-pape\\\/\",\"name\":\"Une rencontre inoubliable au c\u0153ur de l\u2019Europe\u2026! - Chemin Neuf Belgique\",\"isPartOf\":{\"@id\":\"https:\\\/\\\/www.chemin-neuf.be\\\/fr\\\/#website\"},\"primaryImageOfPage\":{\"@id\":\"https:\\\/\\\/www.chemin-neuf.be\\\/fr\\\/visite-du-pape\\\/#primaryimage\"},\"image\":{\"@id\":\"https:\\\/\\\/www.chemin-neuf.be\\\/fr\\\/visite-du-pape\\\/#primaryimage\"},\"thumbnailUrl\":\"https:\\\/\\\/www.chemin-neuf.be\\\/wp-content\\\/uploads\\\/2024\\\/10\\\/httpsdam.chemin-neuf.netwp-contentuploads202410httpswww.chemin-neuf.frwp-contentuploads202410IMG_7619.jpg\",\"datePublished\":\"2024-10-21T12:23:46+00:00\",\"author\":{\"@id\":\"https:\\\/\\\/www.chemin-neuf.be\\\/fr\\\/#\\\/schema\\\/person\\\/dbc5bb8de9c07e1728535c32a94f0692\"},\"description\":\"Retour sur la visite du pape Fran\u00e7ois en Belgique\",\"breadcrumb\":{\"@id\":\"https:\\\/\\\/www.chemin-neuf.be\\\/fr\\\/visite-du-pape\\\/#breadcrumb\"},\"inLanguage\":\"fr-BE\",\"potentialAction\":[{\"@type\":\"ReadAction\",\"target\":[\"https:\\\/\\\/www.chemin-neuf.be\\\/fr\\\/visite-du-pape\\\/\"]}]},{\"@type\":\"ImageObject\",\"inLanguage\":\"fr-BE\",\"@id\":\"https:\\\/\\\/www.chemin-neuf.be\\\/fr\\\/visite-du-pape\\\/#primaryimage\",\"url\":\"https:\\\/\\\/www.chemin-neuf.be\\\/wp-content\\\/uploads\\\/2024\\\/10\\\/httpsdam.chemin-neuf.netwp-contentuploads202410httpswww.chemin-neuf.frwp-contentuploads202410IMG_7619.jpg\",\"contentUrl\":\"https:\\\/\\\/www.chemin-neuf.be\\\/wp-content\\\/uploads\\\/2024\\\/10\\\/httpsdam.chemin-neuf.netwp-contentuploads202410httpswww.chemin-neuf.frwp-contentuploads202410IMG_7619.jpg\",\"width\":1920,\"height\":1440},{\"@type\":\"BreadcrumbList\",\"@id\":\"https:\\\/\\\/www.chemin-neuf.be\\\/fr\\\/visite-du-pape\\\/#breadcrumb\",\"itemListElement\":[{\"@type\":\"ListItem\",\"position\":1,\"name\":\"Home\",\"item\":\"https:\\\/\\\/www.chemin-neuf.be\\\/fr\\\/\"},{\"@type\":\"ListItem\",\"position\":2,\"name\":\"Une rencontre inoubliable au c\u0153ur de l\u2019Europe\u2026!\"}]},{\"@type\":\"WebSite\",\"@id\":\"https:\\\/\\\/www.chemin-neuf.be\\\/fr\\\/#website\",\"url\":\"https:\\\/\\\/www.chemin-neuf.be\\\/fr\\\/\",\"name\":\"Chemin Neuf Belgique\",\"description\":\"Communaut\u00e9 du Chemin Neuf en Belgique\",\"potentialAction\":[{\"@type\":\"SearchAction\",\"target\":{\"@type\":\"EntryPoint\",\"urlTemplate\":\"https:\\\/\\\/www.chemin-neuf.be\\\/fr\\\/?s={search_term_string}\"},\"query-input\":{\"@type\":\"PropertyValueSpecification\",\"valueRequired\":true,\"valueName\":\"search_term_string\"}}],\"inLanguage\":\"fr-BE\"},{\"@type\":\"Person\",\"@id\":\"https:\\\/\\\/www.chemin-neuf.be\\\/fr\\\/#\\\/schema\\\/person\\\/dbc5bb8de9c07e1728535c32a94f0692\",\"name\":\"adminCCN\",\"image\":{\"@type\":\"ImageObject\",\"inLanguage\":\"fr-BE\",\"@id\":\"https:\\\/\\\/secure.gravatar.com\\\/avatar\\\/87c9485d85e005be0f711778f5d5b8ea68d63bcbf73b1f7b969e7e9c9d9db96f?s=96&d=mm&r=g\",\"url\":\"https:\\\/\\\/secure.gravatar.com\\\/avatar\\\/87c9485d85e005be0f711778f5d5b8ea68d63bcbf73b1f7b969e7e9c9d9db96f?s=96&d=mm&r=g\",\"contentUrl\":\"https:\\\/\\\/secure.gravatar.com\\\/avatar\\\/87c9485d85e005be0f711778f5d5b8ea68d63bcbf73b1f7b969e7e9c9d9db96f?s=96&d=mm&r=g\",\"caption\":\"adminCCN\"},\"sameAs\":[\"https:\\\/\\\/www.chemin-neuf.be\"]}]}<\/script>\n<!-- \/ Yoast SEO plugin. -->","yoast_head_json":{"title":"Une rencontre inoubliable au c\u0153ur de l\u2019Europe\u2026! - Chemin Neuf Belgique","description":"Retour sur la visite du pape Fran\u00e7ois en Belgique","robots":{"index":"index","follow":"follow","max-snippet":"max-snippet:-1","max-image-preview":"max-image-preview:large","max-video-preview":"max-video-preview:-1"},"canonical":"https:\/\/www.chemin-neuf.be\/fr\/visite-du-pape\/","og_locale":"fr_FR","og_type":"article","og_title":"Une rencontre inoubliable au c\u0153ur de l\u2019Europe\u2026! - Chemin Neuf Belgique","og_description":"Retour sur la visite du pape Fran\u00e7ois en Belgique","og_url":"https:\/\/www.chemin-neuf.be\/fr\/visite-du-pape\/","og_site_name":"Chemin Neuf Belgique","article_published_time":"2024-10-21T12:23:46+00:00","author":"adminCCN","twitter_card":"summary_large_image","twitter_misc":{"\u00c9crit par":"adminCCN","Dur\u00e9e de lecture est.":"8 minutes"},"schema":{"@context":"https:\/\/schema.org","@graph":[{"@type":"Article","@id":"https:\/\/www.chemin-neuf.be\/fr\/visite-du-pape\/#article","isPartOf":{"@id":"https:\/\/www.chemin-neuf.be\/fr\/visite-du-pape\/"},"author":{"name":"adminCCN","@id":"https:\/\/www.chemin-neuf.be\/fr\/#\/schema\/person\/dbc5bb8de9c07e1728535c32a94f0692"},"headline":"Une rencontre inoubliable au c\u0153ur de l\u2019Europe\u2026!","datePublished":"2024-10-21T12:23:46+00:00","mainEntityOfPage":{"@id":"https:\/\/www.chemin-neuf.be\/fr\/visite-du-pape\/"},"wordCount":1554,"commentCount":0,"image":{"@id":"https:\/\/www.chemin-neuf.be\/fr\/visite-du-pape\/#primaryimage"},"thumbnailUrl":"https:\/\/www.chemin-neuf.be\/wp-content\/uploads\/2024\/10\/httpsdam.chemin-neuf.netwp-contentuploads202410httpswww.chemin-neuf.frwp-contentuploads202410IMG_7619.jpg","keywords":["56","57","58"],"articleSection":["Actualit\u00e9s Internationales"],"inLanguage":"fr-BE","potentialAction":[{"@type":"CommentAction","name":"Comment","target":["https:\/\/www.chemin-neuf.be\/fr\/visite-du-pape\/#respond"]}]},{"@type":"WebPage","@id":"https:\/\/www.chemin-neuf.be\/fr\/visite-du-pape\/","url":"https:\/\/www.chemin-neuf.be\/fr\/visite-du-pape\/","name":"Une rencontre inoubliable au c\u0153ur de l\u2019Europe\u2026! - Chemin Neuf Belgique","isPartOf":{"@id":"https:\/\/www.chemin-neuf.be\/fr\/#website"},"primaryImageOfPage":{"@id":"https:\/\/www.chemin-neuf.be\/fr\/visite-du-pape\/#primaryimage"},"image":{"@id":"https:\/\/www.chemin-neuf.be\/fr\/visite-du-pape\/#primaryimage"},"thumbnailUrl":"https:\/\/www.chemin-neuf.be\/wp-content\/uploads\/2024\/10\/httpsdam.chemin-neuf.netwp-contentuploads202410httpswww.chemin-neuf.frwp-contentuploads202410IMG_7619.jpg","datePublished":"2024-10-21T12:23:46+00:00","author":{"@id":"https:\/\/www.chemin-neuf.be\/fr\/#\/schema\/person\/dbc5bb8de9c07e1728535c32a94f0692"},"description":"Retour sur la visite du pape Fran\u00e7ois en Belgique","breadcrumb":{"@id":"https:\/\/www.chemin-neuf.be\/fr\/visite-du-pape\/#breadcrumb"},"inLanguage":"fr-BE","potentialAction":[{"@type":"ReadAction","target":["https:\/\/www.chemin-neuf.be\/fr\/visite-du-pape\/"]}]},{"@type":"ImageObject","inLanguage":"fr-BE","@id":"https:\/\/www.chemin-neuf.be\/fr\/visite-du-pape\/#primaryimage","url":"https:\/\/www.chemin-neuf.be\/wp-content\/uploads\/2024\/10\/httpsdam.chemin-neuf.netwp-contentuploads202410httpswww.chemin-neuf.frwp-contentuploads202410IMG_7619.jpg","contentUrl":"https:\/\/www.chemin-neuf.be\/wp-content\/uploads\/2024\/10\/httpsdam.chemin-neuf.netwp-contentuploads202410httpswww.chemin-neuf.frwp-contentuploads202410IMG_7619.jpg","width":1920,"height":1440},{"@type":"BreadcrumbList","@id":"https:\/\/www.chemin-neuf.be\/fr\/visite-du-pape\/#breadcrumb","itemListElement":[{"@type":"ListItem","position":1,"name":"Home","item":"https:\/\/www.chemin-neuf.be\/fr\/"},{"@type":"ListItem","position":2,"name":"Une rencontre inoubliable au c\u0153ur de l\u2019Europe\u2026!"}]},{"@type":"WebSite","@id":"https:\/\/www.chemin-neuf.be\/fr\/#website","url":"https:\/\/www.chemin-neuf.be\/fr\/","name":"Chemin Neuf Belgique","description":"Communaut\u00e9 du Chemin Neuf en Belgique","potentialAction":[{"@type":"SearchAction","target":{"@type":"EntryPoint","urlTemplate":"https:\/\/www.chemin-neuf.be\/fr\/?s={search_term_string}"},"query-input":{"@type":"PropertyValueSpecification","valueRequired":true,"valueName":"search_term_string"}}],"inLanguage":"fr-BE"},{"@type":"Person","@id":"https:\/\/www.chemin-neuf.be\/fr\/#\/schema\/person\/dbc5bb8de9c07e1728535c32a94f0692","name":"adminCCN","image":{"@type":"ImageObject","inLanguage":"fr-BE","@id":"https:\/\/secure.gravatar.com\/avatar\/87c9485d85e005be0f711778f5d5b8ea68d63bcbf73b1f7b969e7e9c9d9db96f?s=96&d=mm&r=g","url":"https:\/\/secure.gravatar.com\/avatar\/87c9485d85e005be0f711778f5d5b8ea68d63bcbf73b1f7b969e7e9c9d9db96f?s=96&d=mm&r=g","contentUrl":"https:\/\/secure.gravatar.com\/avatar\/87c9485d85e005be0f711778f5d5b8ea68d63bcbf73b1f7b969e7e9c9d9db96f?s=96&d=mm&r=g","caption":"adminCCN"},"sameAs":["https:\/\/www.chemin-neuf.be"]}]}},"_links":{"self":[{"href":"https:\/\/www.chemin-neuf.be\/fr\/wp-json\/wp\/v2\/posts\/65956","targetHints":{"allow":["GET"]}}],"collection":[{"href":"https:\/\/www.chemin-neuf.be\/fr\/wp-json\/wp\/v2\/posts"}],"about":[{"href":"https:\/\/www.chemin-neuf.be\/fr\/wp-json\/wp\/v2\/types\/post"}],"author":[{"embeddable":true,"href":"https:\/\/www.chemin-neuf.be\/fr\/wp-json\/wp\/v2\/users\/1"}],"replies":[{"embeddable":true,"href":"https:\/\/www.chemin-neuf.be\/fr\/wp-json\/wp\/v2\/comments?post=65956"}],"version-history":[{"count":0,"href":"https:\/\/www.chemin-neuf.be\/fr\/wp-json\/wp\/v2\/posts\/65956\/revisions"}],"wp:featuredmedia":[{"embeddable":true,"href":"https:\/\/www.chemin-neuf.be\/fr\/wp-json\/wp\/v2\/media\/65957"}],"wp:attachment":[{"href":"https:\/\/www.chemin-neuf.be\/fr\/wp-json\/wp\/v2\/media?parent=65956"}],"wp:term":[{"taxonomy":"category","embeddable":true,"href":"https:\/\/www.chemin-neuf.be\/fr\/wp-json\/wp\/v2\/categories?post=65956"},{"taxonomy":"post_tag","embeddable":true,"href":"https:\/\/www.chemin-neuf.be\/fr\/wp-json\/wp\/v2\/tags?post=65956"}],"curies":[{"name":"wp","href":"https:\/\/api.w.org\/{rel}","templated":true}]}}