{"id":17035,"date":"2021-10-06T11:05:13","date_gmt":"2021-10-06T09:05:13","guid":{"rendered":"https:\/\/www.chemin-neuf.be\/?p=17035"},"modified":"2025-02-17T12:56:35","modified_gmt":"2025-02-17T11:56:35","slug":"grand-deserts-au-carmel","status":"publish","type":"post","link":"https:\/\/www.chemin-neuf.be\/fr\/grand-deserts-au-carmel\/","title":{"rendered":"Haltes spirituelles au Carmel"},"content":{"rendered":"\n<blockquote class=\"wp-block-quote is-layout-flow wp-block-quote-is-layout-flow\">\n<p>\u00ab Venez \u00e0 l&rsquo;\u00e9cart dans un endroit d\u00e9sert, et reposez-vous un peu. \u00bb<\/p>\n<cite>(Marc 6, 30-34)<\/cite><\/blockquote>\n\n\n\n<h2 class=\"wp-block-heading\">Les dates pour l&rsquo;ann\u00e9e 2023-2024<\/h2>\n\n\n\n<p class=\"has-black-color has-text-color has-large-font-size\">De 9h \u00e0 16h, prendre le temps de s&rsquo;arr\u00eater et d&rsquo;\u00e9couter Dieu dans le silence.<\/p>\n\n\n\n<p class=\"has-large-font-size\">Enseignements, temps de pri\u00e8re personnelle, eucharistie, repas simplifi\u00e9, &#8230;<\/p>\n\n\n\n<div class=\"wp-block-group has-beige-background-color has-background\"><div class=\"wp-block-group__inner-container is-layout-constrained wp-block-group-is-layout-constrained\">\n<p class=\"has-text-align-left has-white-color has-orange-background-color has-text-color has-background has-large-font-size\"><strong>Les mardis: 10 octobre 2023, 21 novembre 2023, 23 janvier 2024, 26 mars 2024<\/strong><\/p>\n\n\n\n<p class=\"has-text-align-left has-white-color has-orange-background-color has-text-color has-background has-large-font-size\"><strong>Les samedis: 16 d\u00e9cembre 2023, 10 f\u00e9vrier 2024, 30 mars 2024, 25 mai 2024<\/strong><\/p>\n<\/div><\/div>\n","protected":false},"excerpt":{"rendered":"<p>\u00ab Venez \u00e0 l&rsquo;\u00e9cart dans un endroit d\u00e9sert, et reposez-vous un peu. \u00bb<\/p>\n","protected":false},"author":1,"featured_media":28146,"comment_status":"open","ping_status":"open","sticky":false,"template":"","format":"standard","meta":{"_acf_changed":false,"footnotes":""},"categories":[52],"tags":[],"class_list":["post-17035","post","type-post","status-publish","format-standard","has-post-thumbnail","hentry","category-actualites-nationales-fr"],"acf":[],"yoast_head":"<!-- This site is optimized with the Yoast SEO plugin v27.5 - https:\/\/yoast.com\/product\/yoast-seo-wordpress\/ -->\n<title>Haltes spirituelles au Carmel - Chemin Neuf Belgique<\/title>\n<meta name=\"description\" content=\"\u00ab Venez \u00e0 l&#039;\u00e9cart dans un endroit d\u00e9sert, et reposez-vous un peu. \u00bb\" \/>\n<meta name=\"robots\" content=\"index, follow, max-snippet:-1, max-image-preview:large, max-video-preview:-1\" \/>\n<link rel=\"canonical\" href=\"https:\/\/www.chemin-neuf.be\/fr\/grand-deserts-au-carmel\/\" \/>\n<meta property=\"og:locale\" content=\"fr_FR\" \/>\n<meta property=\"og:type\" content=\"article\" \/>\n<meta property=\"og:title\" content=\"Haltes spirituelles au Carmel - Chemin Neuf Belgique\" \/>\n<meta property=\"og:description\" content=\"\u00ab Venez \u00e0 l&#039;\u00e9cart dans un endroit d\u00e9sert, et reposez-vous un peu. \u00bb\" \/>\n<meta property=\"og:url\" content=\"https:\/\/www.chemin-neuf.be\/fr\/grand-deserts-au-carmel\/\" \/>\n<meta property=\"og:site_name\" content=\"Chemin Neuf Belgique\" \/>\n<meta property=\"article:published_time\" content=\"2021-10-06T09:05:13+00:00\" \/>\n<meta property=\"article:modified_time\" content=\"2025-02-17T11:56:35+00:00\" \/>\n<meta property=\"og:image\" content=\"https:\/\/www.chemin-neuf.be\/wp-content\/uploads\/2021\/10\/melissa-askew-8n00CqwnqO8-unsplash-scaled.jpg\" \/>\n\t<meta property=\"og:image:width\" content=\"1440\" \/>\n\t<meta property=\"og:image:height\" content=\"1920\" \/>\n\t<meta property=\"og:image:type\" content=\"image\/jpeg\" \/>\n<meta name=\"author\" content=\"adminCCN\" \/>\n<meta name=\"twitter:card\" content=\"summary_large_image\" \/>\n<meta name=\"twitter:label1\" content=\"\u00c9crit par\" \/>\n\t<meta name=\"twitter:data1\" content=\"adminCCN\" \/>\n\t<meta name=\"twitter:label2\" content=\"Dur\u00e9e de lecture est.\" \/>\n\t<meta name=\"twitter:data2\" content=\"1 minute\" \/>\n<script type=\"application\/ld+json\" class=\"yoast-schema-graph\">{\"@context\":\"https:\\\/\\\/schema.org\",\"@graph\":[{\"@type\":\"Article\",\"@id\":\"https:\\\/\\\/www.chemin-neuf.be\\\/fr\\\/grand-deserts-au-carmel\\\/#article\",\"isPartOf\":{\"@id\":\"https:\\\/\\\/www.chemin-neuf.be\\\/fr\\\/grand-deserts-au-carmel\\\/\"},\"author\":{\"name\":\"adminCCN\",\"@id\":\"https:\\\/\\\/www.chemin-neuf.be\\\/fr\\\/#\\\/schema\\\/person\\\/dbc5bb8de9c07e1728535c32a94f0692\"},\"headline\":\"Haltes spirituelles au Carmel\",\"datePublished\":\"2021-10-06T09:05:13+00:00\",\"dateModified\":\"2025-02-17T11:56:35+00:00\",\"mainEntityOfPage\":{\"@id\":\"https:\\\/\\\/www.chemin-neuf.be\\\/fr\\\/grand-deserts-au-carmel\\\/\"},\"wordCount\":65,\"commentCount\":0,\"image\":{\"@id\":\"https:\\\/\\\/www.chemin-neuf.be\\\/fr\\\/grand-deserts-au-carmel\\\/#primaryimage\"},\"thumbnailUrl\":\"https:\\\/\\\/www.chemin-neuf.be\\\/wp-content\\\/uploads\\\/2021\\\/10\\\/melissa-askew-8n00CqwnqO8-unsplash-scaled.jpg\",\"articleSection\":[\"Actualit\u00e9s nationales\"],\"inLanguage\":\"fr-BE\",\"potentialAction\":[{\"@type\":\"CommentAction\",\"name\":\"Comment\",\"target\":[\"https:\\\/\\\/www.chemin-neuf.be\\\/fr\\\/grand-deserts-au-carmel\\\/#respond\"]}]},{\"@type\":\"WebPage\",\"@id\":\"https:\\\/\\\/www.chemin-neuf.be\\\/fr\\\/grand-deserts-au-carmel\\\/\",\"url\":\"https:\\\/\\\/www.chemin-neuf.be\\\/fr\\\/grand-deserts-au-carmel\\\/\",\"name\":\"Haltes spirituelles au Carmel - Chemin Neuf Belgique\",\"isPartOf\":{\"@id\":\"https:\\\/\\\/www.chemin-neuf.be\\\/fr\\\/#website\"},\"primaryImageOfPage\":{\"@id\":\"https:\\\/\\\/www.chemin-neuf.be\\\/fr\\\/grand-deserts-au-carmel\\\/#primaryimage\"},\"image\":{\"@id\":\"https:\\\/\\\/www.chemin-neuf.be\\\/fr\\\/grand-deserts-au-carmel\\\/#primaryimage\"},\"thumbnailUrl\":\"https:\\\/\\\/www.chemin-neuf.be\\\/wp-content\\\/uploads\\\/2021\\\/10\\\/melissa-askew-8n00CqwnqO8-unsplash-scaled.jpg\",\"datePublished\":\"2021-10-06T09:05:13+00:00\",\"dateModified\":\"2025-02-17T11:56:35+00:00\",\"author\":{\"@id\":\"https:\\\/\\\/www.chemin-neuf.be\\\/fr\\\/#\\\/schema\\\/person\\\/dbc5bb8de9c07e1728535c32a94f0692\"},\"description\":\"\u00ab Venez \u00e0 l'\u00e9cart dans un endroit d\u00e9sert, et reposez-vous un peu. \u00bb\",\"breadcrumb\":{\"@id\":\"https:\\\/\\\/www.chemin-neuf.be\\\/fr\\\/grand-deserts-au-carmel\\\/#breadcrumb\"},\"inLanguage\":\"fr-BE\",\"potentialAction\":[{\"@type\":\"ReadAction\",\"target\":[\"https:\\\/\\\/www.chemin-neuf.be\\\/fr\\\/grand-deserts-au-carmel\\\/\"]}]},{\"@type\":\"ImageObject\",\"inLanguage\":\"fr-BE\",\"@id\":\"https:\\\/\\\/www.chemin-neuf.be\\\/fr\\\/grand-deserts-au-carmel\\\/#primaryimage\",\"url\":\"https:\\\/\\\/www.chemin-neuf.be\\\/wp-content\\\/uploads\\\/2021\\\/10\\\/melissa-askew-8n00CqwnqO8-unsplash-scaled.jpg\",\"contentUrl\":\"https:\\\/\\\/www.chemin-neuf.be\\\/wp-content\\\/uploads\\\/2021\\\/10\\\/melissa-askew-8n00CqwnqO8-unsplash-scaled.jpg\",\"width\":1440,\"height\":1920},{\"@type\":\"BreadcrumbList\",\"@id\":\"https:\\\/\\\/www.chemin-neuf.be\\\/fr\\\/grand-deserts-au-carmel\\\/#breadcrumb\",\"itemListElement\":[{\"@type\":\"ListItem\",\"position\":1,\"name\":\"Home\",\"item\":\"https:\\\/\\\/www.chemin-neuf.be\\\/fr\\\/\"},{\"@type\":\"ListItem\",\"position\":2,\"name\":\"Haltes spirituelles au Carmel\"}]},{\"@type\":\"WebSite\",\"@id\":\"https:\\\/\\\/www.chemin-neuf.be\\\/fr\\\/#website\",\"url\":\"https:\\\/\\\/www.chemin-neuf.be\\\/fr\\\/\",\"name\":\"Chemin Neuf Belgique\",\"description\":\"Communaut\u00e9 du Chemin Neuf en Belgique\",\"potentialAction\":[{\"@type\":\"SearchAction\",\"target\":{\"@type\":\"EntryPoint\",\"urlTemplate\":\"https:\\\/\\\/www.chemin-neuf.be\\\/fr\\\/?s={search_term_string}\"},\"query-input\":{\"@type\":\"PropertyValueSpecification\",\"valueRequired\":true,\"valueName\":\"search_term_string\"}}],\"inLanguage\":\"fr-BE\"},{\"@type\":\"Person\",\"@id\":\"https:\\\/\\\/www.chemin-neuf.be\\\/fr\\\/#\\\/schema\\\/person\\\/dbc5bb8de9c07e1728535c32a94f0692\",\"name\":\"adminCCN\",\"image\":{\"@type\":\"ImageObject\",\"inLanguage\":\"fr-BE\",\"@id\":\"https:\\\/\\\/secure.gravatar.com\\\/avatar\\\/87c9485d85e005be0f711778f5d5b8ea68d63bcbf73b1f7b969e7e9c9d9db96f?s=96&d=mm&r=g\",\"url\":\"https:\\\/\\\/secure.gravatar.com\\\/avatar\\\/87c9485d85e005be0f711778f5d5b8ea68d63bcbf73b1f7b969e7e9c9d9db96f?s=96&d=mm&r=g\",\"contentUrl\":\"https:\\\/\\\/secure.gravatar.com\\\/avatar\\\/87c9485d85e005be0f711778f5d5b8ea68d63bcbf73b1f7b969e7e9c9d9db96f?s=96&d=mm&r=g\",\"caption\":\"adminCCN\"},\"sameAs\":[\"https:\\\/\\\/www.chemin-neuf.be\"]}]}<\/script>\n<!-- \/ Yoast SEO plugin. -->","yoast_head_json":{"title":"Haltes spirituelles au Carmel - Chemin Neuf Belgique","description":"\u00ab Venez \u00e0 l'\u00e9cart dans un endroit d\u00e9sert, et reposez-vous un peu. \u00bb","robots":{"index":"index","follow":"follow","max-snippet":"max-snippet:-1","max-image-preview":"max-image-preview:large","max-video-preview":"max-video-preview:-1"},"canonical":"https:\/\/www.chemin-neuf.be\/fr\/grand-deserts-au-carmel\/","og_locale":"fr_FR","og_type":"article","og_title":"Haltes spirituelles au Carmel - Chemin Neuf Belgique","og_description":"\u00ab Venez \u00e0 l'\u00e9cart dans un endroit d\u00e9sert, et reposez-vous un peu. \u00bb","og_url":"https:\/\/www.chemin-neuf.be\/fr\/grand-deserts-au-carmel\/","og_site_name":"Chemin Neuf Belgique","article_published_time":"2021-10-06T09:05:13+00:00","article_modified_time":"2025-02-17T11:56:35+00:00","og_image":[{"width":1440,"height":1920,"url":"https:\/\/www.chemin-neuf.be\/wp-content\/uploads\/2021\/10\/melissa-askew-8n00CqwnqO8-unsplash-scaled.jpg","type":"image\/jpeg"}],"author":"adminCCN","twitter_card":"summary_large_image","twitter_misc":{"\u00c9crit par":"adminCCN","Dur\u00e9e de lecture est.":"1 minute"},"schema":{"@context":"https:\/\/schema.org","@graph":[{"@type":"Article","@id":"https:\/\/www.chemin-neuf.be\/fr\/grand-deserts-au-carmel\/#article","isPartOf":{"@id":"https:\/\/www.chemin-neuf.be\/fr\/grand-deserts-au-carmel\/"},"author":{"name":"adminCCN","@id":"https:\/\/www.chemin-neuf.be\/fr\/#\/schema\/person\/dbc5bb8de9c07e1728535c32a94f0692"},"headline":"Haltes spirituelles au Carmel","datePublished":"2021-10-06T09:05:13+00:00","dateModified":"2025-02-17T11:56:35+00:00","mainEntityOfPage":{"@id":"https:\/\/www.chemin-neuf.be\/fr\/grand-deserts-au-carmel\/"},"wordCount":65,"commentCount":0,"image":{"@id":"https:\/\/www.chemin-neuf.be\/fr\/grand-deserts-au-carmel\/#primaryimage"},"thumbnailUrl":"https:\/\/www.chemin-neuf.be\/wp-content\/uploads\/2021\/10\/melissa-askew-8n00CqwnqO8-unsplash-scaled.jpg","articleSection":["Actualit\u00e9s nationales"],"inLanguage":"fr-BE","potentialAction":[{"@type":"CommentAction","name":"Comment","target":["https:\/\/www.chemin-neuf.be\/fr\/grand-deserts-au-carmel\/#respond"]}]},{"@type":"WebPage","@id":"https:\/\/www.chemin-neuf.be\/fr\/grand-deserts-au-carmel\/","url":"https:\/\/www.chemin-neuf.be\/fr\/grand-deserts-au-carmel\/","name":"Haltes spirituelles au Carmel - Chemin Neuf Belgique","isPartOf":{"@id":"https:\/\/www.chemin-neuf.be\/fr\/#website"},"primaryImageOfPage":{"@id":"https:\/\/www.chemin-neuf.be\/fr\/grand-deserts-au-carmel\/#primaryimage"},"image":{"@id":"https:\/\/www.chemin-neuf.be\/fr\/grand-deserts-au-carmel\/#primaryimage"},"thumbnailUrl":"https:\/\/www.chemin-neuf.be\/wp-content\/uploads\/2021\/10\/melissa-askew-8n00CqwnqO8-unsplash-scaled.jpg","datePublished":"2021-10-06T09:05:13+00:00","dateModified":"2025-02-17T11:56:35+00:00","author":{"@id":"https:\/\/www.chemin-neuf.be\/fr\/#\/schema\/person\/dbc5bb8de9c07e1728535c32a94f0692"},"description":"\u00ab Venez \u00e0 l'\u00e9cart dans un endroit d\u00e9sert, et reposez-vous un peu. \u00bb","breadcrumb":{"@id":"https:\/\/www.chemin-neuf.be\/fr\/grand-deserts-au-carmel\/#breadcrumb"},"inLanguage":"fr-BE","potentialAction":[{"@type":"ReadAction","target":["https:\/\/www.chemin-neuf.be\/fr\/grand-deserts-au-carmel\/"]}]},{"@type":"ImageObject","inLanguage":"fr-BE","@id":"https:\/\/www.chemin-neuf.be\/fr\/grand-deserts-au-carmel\/#primaryimage","url":"https:\/\/www.chemin-neuf.be\/wp-content\/uploads\/2021\/10\/melissa-askew-8n00CqwnqO8-unsplash-scaled.jpg","contentUrl":"https:\/\/www.chemin-neuf.be\/wp-content\/uploads\/2021\/10\/melissa-askew-8n00CqwnqO8-unsplash-scaled.jpg","width":1440,"height":1920},{"@type":"BreadcrumbList","@id":"https:\/\/www.chemin-neuf.be\/fr\/grand-deserts-au-carmel\/#breadcrumb","itemListElement":[{"@type":"ListItem","position":1,"name":"Home","item":"https:\/\/www.chemin-neuf.be\/fr\/"},{"@type":"ListItem","position":2,"name":"Haltes spirituelles au Carmel"}]},{"@type":"WebSite","@id":"https:\/\/www.chemin-neuf.be\/fr\/#website","url":"https:\/\/www.chemin-neuf.be\/fr\/","name":"Chemin Neuf Belgique","description":"Communaut\u00e9 du Chemin Neuf en Belgique","potentialAction":[{"@type":"SearchAction","target":{"@type":"EntryPoint","urlTemplate":"https:\/\/www.chemin-neuf.be\/fr\/?s={search_term_string}"},"query-input":{"@type":"PropertyValueSpecification","valueRequired":true,"valueName":"search_term_string"}}],"inLanguage":"fr-BE"},{"@type":"Person","@id":"https:\/\/www.chemin-neuf.be\/fr\/#\/schema\/person\/dbc5bb8de9c07e1728535c32a94f0692","name":"adminCCN","image":{"@type":"ImageObject","inLanguage":"fr-BE","@id":"https:\/\/secure.gravatar.com\/avatar\/87c9485d85e005be0f711778f5d5b8ea68d63bcbf73b1f7b969e7e9c9d9db96f?s=96&d=mm&r=g","url":"https:\/\/secure.gravatar.com\/avatar\/87c9485d85e005be0f711778f5d5b8ea68d63bcbf73b1f7b969e7e9c9d9db96f?s=96&d=mm&r=g","contentUrl":"https:\/\/secure.gravatar.com\/avatar\/87c9485d85e005be0f711778f5d5b8ea68d63bcbf73b1f7b969e7e9c9d9db96f?s=96&d=mm&r=g","caption":"adminCCN"},"sameAs":["https:\/\/www.chemin-neuf.be"]}]}},"_links":{"self":[{"href":"https:\/\/www.chemin-neuf.be\/fr\/wp-json\/wp\/v2\/posts\/17035","targetHints":{"allow":["GET"]}}],"collection":[{"href":"https:\/\/www.chemin-neuf.be\/fr\/wp-json\/wp\/v2\/posts"}],"about":[{"href":"https:\/\/www.chemin-neuf.be\/fr\/wp-json\/wp\/v2\/types\/post"}],"author":[{"embeddable":true,"href":"https:\/\/www.chemin-neuf.be\/fr\/wp-json\/wp\/v2\/users\/1"}],"replies":[{"embeddable":true,"href":"https:\/\/www.chemin-neuf.be\/fr\/wp-json\/wp\/v2\/comments?post=17035"}],"version-history":[{"count":18,"href":"https:\/\/www.chemin-neuf.be\/fr\/wp-json\/wp\/v2\/posts\/17035\/revisions"}],"predecessor-version":[{"id":65921,"href":"https:\/\/www.chemin-neuf.be\/fr\/wp-json\/wp\/v2\/posts\/17035\/revisions\/65921"}],"wp:featuredmedia":[{"embeddable":true,"href":"https:\/\/www.chemin-neuf.be\/fr\/wp-json\/wp\/v2\/media\/28146"}],"wp:attachment":[{"href":"https:\/\/www.chemin-neuf.be\/fr\/wp-json\/wp\/v2\/media?parent=17035"}],"wp:term":[{"taxonomy":"category","embeddable":true,"href":"https:\/\/www.chemin-neuf.be\/fr\/wp-json\/wp\/v2\/categories?post=17035"},{"taxonomy":"post_tag","embeddable":true,"href":"https:\/\/www.chemin-neuf.be\/fr\/wp-json\/wp\/v2\/tags?post=17035"}],"curies":[{"name":"wp","href":"https:\/\/api.w.org\/{rel}","templated":true}]}}